{"id":163921,"date":"2016-06-02T06:56:01","date_gmt":"2016-06-02T03:56:01","guid":{"rendered":"https:\/\/analyse.optim.biz\/?p=163921"},"modified":"2016-06-02T06:56:01","modified_gmt":"2016-06-02T03:56:01","slug":"v-ponta-si-c-p-tariceanu-pregatesc-o-lege-privind-drepturile-omului-si-respectarea-prezumtiei-de-nevinovatie","status":"publish","type":"post","link":"https:\/\/analyse.optim.biz\/?p=163921","title":{"rendered":"V. Ponta \u0219i C.P. T\u0103riceanu preg\u0103tesc o lege privind drepturile omului \u0219i respectarea prezum\u021biei de nevinov\u0103\u021bie"},"content":{"rendered":"<div class=\"entry data-app-meta data-app-meta-article\" data-embed-base-url-canonical=\"https:\/\/www.digi24.ro\/embed\/stiri\/actualitate\/politica\/v-ponta-si-c-p-tariceanu-pregatesc-o-lege-privind-drepturile-omului-si-respectarea-prezumtiei-de-nevinovatie-524608\">\n<p data-index=\"1\"><img decoding=\"async\" src=\"https:\/\/analyse.optim.biz\/wp-content\/uploads\/2024\/09\/odawjmhhc2g9mtnimjkxnzfizgnkmwe4nji3ndhjntnimti1mdqznzc-thumb_.jpg\" data-skip-htmlfix=\"1\" title=\"odawjmhhc2g9mtnimjkxnzfizgnkmwe4nji3ndhjntnimti1mdqznzc-thumb_\"><\/p>\n<p data-index=\"2\">&#8220;S\u0103pt\u0103m\u00e2na viitoare (&#8230;) vom depune \u00een Parlament un proiect de lege care, practic, transpune \u00een legisla\u021bia din Rom\u00e2nia exact ce \u00eenseamn\u0103 transpunere \u2014 Directiva european\u0103 privind respectarea drepturilor omului \u0219i a prezum\u021biei de nevinov\u0103\u021bie. Cea pe care tovar\u0103\u0219a Prun\u0103, de la Securitate, a zis c\u0103 nu vrea s\u0103 o transpun\u0103, pentru c\u0103 \u00een Rom\u00e2nia drepturile sunt un lux. (&#8230;) Nu mi s-a mai \u00eent\u00e2mplat, eu am fost prim-ministru patru ani, el (C\u0103lin Popescu-T\u0103riceanu, n.r) patru ani. E o directiv\u0103 european\u0103 care se refer\u0103 la drepturile omului pe care doamna Prun\u0103 refuz\u0103 s\u0103 o transpun\u0103. C\u0103lin Popescu-T\u0103riceanu, senator, \u0219i eu, deputat, o redepunem&#8221;, a spus Victor Ponta, la Rom\u00e2nia Tv.<\/p>\n<p data-index=\"3\">Ministrul justi\u021biei explica zilele trecute c\u0103 urm\u0103toarea directiv\u0103 european\u0103 care va fi transpus\u0103 cu prioritate \u00een legisla\u021bia rom\u00e2neasc\u0103 este cea referitoare la <strong>confiscarea extins\u0103.\u00a0<\/strong><\/p>\n<p data-index=\"4\">Ea a precizat \u00eentr-o postare pe o re\u021bea de socializare c\u0103 transpunerea acestei directive, precum \u0219i a altor dou\u0103 care au termen de implementare p\u00e2n\u0103 \u00een mai 2017 reprezint\u0103 priorit\u0103\u021bi ale Ministerului Justi\u021biei, \u00een timp ce <strong>directiva privind consolidarea anumitor aspecte ale prezum\u021biei de nevinov\u0103\u021bie, asupra c\u0103reia au existat discu\u021bii \u00een spa\u021biul public, poate fi implementat\u0103 p\u00e2n\u0103 \u00een decurs de doi ani.<\/strong><\/p>\n<p data-index=\"5\">&#8220;Salut o preocupare pe care nimic nu o anun\u021ba privind transpunerea \u00een termen a directivelor UE. E preocuparea celor care, de\u0219i au putut, nu au f\u0103cut. Doctorii \u00een drept \u0219tiu deja: termenul general de transpunere \u00een dreptul intern al unei directive este de regul\u0103 2 ani (uneori chiar 3 ani). Rom\u00e2nia nu are chiar un track record impecabil \u00een materia asta (adesea din vina nemijlocit\u0103 a doctorilor). Numai\u00a0OUG 18\/2016 a transpus un num\u0103r de 4 directive pentru care termenul de transpunere era dep\u0103\u0219it uneori chiar de&#8230; 6 ani&#8221;, afirm\u0103 Raluca Prun\u0103.<\/p>\n<p data-index=\"6\">Ea sus\u021bine c\u0103 repro\u0219urile care i s-au adus cu privire la directiva referitoare la prezum\u021bia de nevinov\u0103\u021bie sunt f\u0103cute &#8220;pe fundal politic \u0219i electoral&#8221;.<\/p>\n<p data-index=\"7\">&#8220;Mi se repro\u0219eaz\u0103, pe fundal politic \u0219i electoral, c\u0103 ignor transpunerea Directivei (UE) 2016\/343 a Parlamentului European \u0219i a Consiliului din 9 martie 2016 privind consolidarea anumitor aspecte ale prezum\u021biei de nevinov\u0103\u021bie \u0219i a dreptului de a fi prezent la proces \u00een cadrul procedurilor penale. <strong>Termenul este 1 aprilie 2018<\/strong>. Nu e glum\u0103&#8221;, a scris ministrul Justi\u021biei pe Facebook.<\/p>\n<\/div>\n<p> Source URL: https:\/\/www.digi24.ro\/stiri\/actualitate\/politica\/v-ponta-si-c-p-tariceanu-pregatesc-o-lege-privind-drepturile-omului-si-respectarea-prezumtiei-de-nevinovatie-524608<\/p>\n","protected":false},"excerpt":{"rendered":"<p>&#8220;S\u0103pt\u0103m\u00e2na viitoare (&#8230;) vom depune \u00een Parlament un proiect de lege care, practic, transpune \u00een legisla\u021bia din Rom\u00e2nia exact ce \u00eenseamn\u0103 transpunere \u2014 Directiva european\u0103 privind respectarea drepturilor omului \u0219i a prezum\u021biei de nevinov\u0103\u021bie. Cea pe care tovar\u0103\u0219a Prun\u0103, de la Securitate, a zis c\u0103 nu vrea s\u0103 o transpun\u0103, pentru c\u0103 \u00een Rom\u00e2nia drepturile [&hellip;]<\/p>\n","protected":false},"author":1,"featured_media":163922,"comment_status":"open","ping_status":"","sticky":false,"template":"","format":"standard","meta":{"footnotes":""},"categories":[2],"tags":[11],"class_list":["post-163921","post","type-post","status-publish","format-standard","has-post-thumbnail","hentry","category-politics","tag-digi24"],"_links":{"self":[{"href":"https:\/\/analyse.optim.biz\/index.php?rest_route=\/wp\/v2\/posts\/163921","targetHints":{"allow":["GET"]}}],"collection":[{"href":"https:\/\/analyse.optim.biz\/index.php?rest_route=\/wp\/v2\/posts"}],"about":[{"href":"https:\/\/analyse.optim.biz\/index.php?rest_route=\/wp\/v2\/types\/post"}],"author":[{"embeddable":true,"href":"https:\/\/analyse.optim.biz\/index.php?rest_route=\/wp\/v2\/users\/1"}],"replies":[{"embeddable":true,"href":"https:\/\/analyse.optim.biz\/index.php?rest_route=%2Fwp%2Fv2%2Fcomments&post=163921"}],"version-history":[{"count":0,"href":"https:\/\/analyse.optim.biz\/index.php?rest_route=\/wp\/v2\/posts\/163921\/revisions"}],"wp:featuredmedia":[{"embeddable":true,"href":"https:\/\/analyse.optim.biz\/index.php?rest_route=\/wp\/v2\/media\/163922"}],"wp:attachment":[{"href":"https:\/\/analyse.optim.biz\/index.php?rest_route=%2Fwp%2Fv2%2Fmedia&parent=163921"}],"wp:term":[{"taxonomy":"category","embeddable":true,"href":"https:\/\/analyse.optim.biz\/index.php?rest_route=%2Fwp%2Fv2%2Fcategories&post=163921"},{"taxonomy":"post_tag","embeddable":true,"href":"https:\/\/analyse.optim.biz\/index.php?rest_route=%2Fwp%2Fv2%2Ftags&post=163921"}],"curies":[{"name":"wp","href":"https:\/\/api.w.org\/{rel}","templated":true}]}}