{"id":163912,"date":"2016-06-02T23:10:54","date_gmt":"2016-06-02T20:10:54","guid":{"rendered":"https:\/\/analyse.optim.biz\/?p=163912"},"modified":"2016-06-02T23:10:54","modified_gmt":"2016-06-02T20:10:54","slug":"traian-basescu-respinge-ideea-unui-guvern-tehnocrat-dupa-alegerile-parlamentare-din-toamna","status":"publish","type":"post","link":"https:\/\/analyse.optim.biz\/?p=163912","title":{"rendered":"Traian B\u0103sescu respinge ideea unui guvern tehnocrat dup\u0103 alegerile parlamentare din toamn\u0103"},"content":{"rendered":"<div class=\"entry data-app-meta data-app-meta-article\" data-embed-base-url-canonical=\"https:\/\/www.digi24.ro\/embed\/stiri\/actualitate\/politica\/traian-basescu-respinge-ideea-unui-guvern-tehnocrat-dupa-alegerile-parlamentare-din-toamna-524980\">\n<p data-index=\"1\">\u00a0<img decoding=\"async\" src=\"https:\/\/analyse.optim.biz\/wp-content\/uploads\/2024\/09\/lmpwzyz3ptgwmczoyxnoptc0mgqwnjdkyzk0zjg0ogi0njq1mwuznzfjotm4ndbk-thumb_.jpg\" data-skip-htmlfix=\"1\" title=\"lmpwzyz3ptgwmczoyxnoptc0mgqwnjdkyzk0zjg0ogi0njq1mwuznzfjotm4ndbk-thumb_\"><\/p>\n<p data-index=\"2\">Traian B\u0103sescu a declarat, joi sear\u0103, \u00eentr-o emisiune televizat\u0103, c\u0103 obiectivul principal al partidelor politice este de a accede la guvernare, iar instalarea unui guvern tehnocrat ar fi nedemocratic\u0103, informeaz\u0103 <a href=\"http:\/\/www.agerpres.ro\/politica\/2016\/06\/02\/basescu-respinge-ideea-unui-guvern-tehnocrat-dupa-alegerile-parlamentare-din-toama-22-07-32\" target=\"_blank\" data-skip-linkfix=\"1\" rel=\"noopener\"><strong>Agerpres.<\/strong><\/a>\u00a0<\/p>\n<p data-index=\"3\">\u201ePartidele fac politic\u0103 pentru a guverna. C\u00e2nd spui c\u0103 este posibil s\u0103 nu avem un premier politic rezultat al deciziilor unor partide, de ce mai facem alegerile? Nu are nimic comun cu democra\u021bia. (&#8230;) Eu personal resping aceast\u0103 idee\u201d, a afirmat Traian B\u0103sescu, ca reac\u021bie la o declara\u021bie a lui Lauren\u021biu Mihai \u0218tefan, consilierul pe probleme de politic\u0103 intern\u0103 a pre\u0219edintelui Klaus Iohannis.<\/p>\n<p data-index=\"4\">Liderul PMP a respins, totodat\u0103, \u0219i numele vehiculate de anali\u0219tii politici ca poten\u021biali viitori premieri tehnocra\u021bi: actualul ambasador \u00een Statele Unite ale Americii, George Maior, \u0219i actualul viceprimar Vasile D\u00e2ncu. \u201eNu mi se par fezabile\u201d, a mai spus Traian B\u0103sescu.<\/p>\n<p data-index=\"5\">Nu este exclus\u0103 desemnarea unui alt premier tehnocrat dup\u0103 alegerile legislative din toamn\u0103, <a href=\"https:\/\/www.digi24.ro\/Stiri\/Digi24\/Actualitate\/Politica\/Consilierul+politic+al+lui+K+Iohannis+Presedintele+nu+exclude+nu\" target=\"_blank\" data-skip-linkfix=\"1\" rel=\"noopener\"><strong>a spus Lauren\u021biu \u0218tefan<\/strong><\/a>, consilierul politic al \u0219efului statului, la o conferin\u021b\u0103 organizat\u0103 de\u00a0Reuters.<\/p>\n<\/div>\n<p> Source URL: https:\/\/www.digi24.ro\/stiri\/actualitate\/politica\/traian-basescu-respinge-ideea-unui-guvern-tehnocrat-dupa-alegerile-parlamentare-din-toamna-524980<\/p>\n","protected":false},"excerpt":{"rendered":"<p>\u00a0 Traian B\u0103sescu a declarat, joi sear\u0103, \u00eentr-o emisiune televizat\u0103, c\u0103 obiectivul principal al partidelor politice este de a accede la guvernare, iar instalarea unui guvern tehnocrat ar fi nedemocratic\u0103, informeaz\u0103 Agerpres.\u00a0 \u201ePartidele fac politic\u0103 pentru a guverna. C\u00e2nd spui c\u0103 este posibil s\u0103 nu avem un premier politic rezultat al deciziilor unor partide, de [&hellip;]<\/p>\n","protected":false},"author":1,"featured_media":163913,"comment_status":"open","ping_status":"","sticky":false,"template":"","format":"standard","meta":{"footnotes":""},"categories":[2],"tags":[11],"class_list":["post-163912","post","type-post","status-publish","format-standard","has-post-thumbnail","hentry","category-politics","tag-digi24"],"_links":{"self":[{"href":"https:\/\/analyse.optim.biz\/index.php?rest_route=\/wp\/v2\/posts\/163912","targetHints":{"allow":["GET"]}}],"collection":[{"href":"https:\/\/analyse.optim.biz\/index.php?rest_route=\/wp\/v2\/posts"}],"about":[{"href":"https:\/\/analyse.optim.biz\/index.php?rest_route=\/wp\/v2\/types\/post"}],"author":[{"embeddable":true,"href":"https:\/\/analyse.optim.biz\/index.php?rest_route=\/wp\/v2\/users\/1"}],"replies":[{"embeddable":true,"href":"https:\/\/analyse.optim.biz\/index.php?rest_route=%2Fwp%2Fv2%2Fcomments&post=163912"}],"version-history":[{"count":0,"href":"https:\/\/analyse.optim.biz\/index.php?rest_route=\/wp\/v2\/posts\/163912\/revisions"}],"wp:featuredmedia":[{"embeddable":true,"href":"https:\/\/analyse.optim.biz\/index.php?rest_route=\/wp\/v2\/media\/163913"}],"wp:attachment":[{"href":"https:\/\/analyse.optim.biz\/index.php?rest_route=%2Fwp%2Fv2%2Fmedia&parent=163912"}],"wp:term":[{"taxonomy":"category","embeddable":true,"href":"https:\/\/analyse.optim.biz\/index.php?rest_route=%2Fwp%2Fv2%2Fcategories&post=163912"},{"taxonomy":"post_tag","embeddable":true,"href":"https:\/\/analyse.optim.biz\/index.php?rest_route=%2Fwp%2Fv2%2Ftags&post=163912"}],"curies":[{"name":"wp","href":"https:\/\/api.w.org\/{rel}","templated":true}]}}