{"id":163909,"date":"2016-06-03T11:52:00","date_gmt":"2016-06-03T08:52:00","guid":{"rendered":"https:\/\/analyse.optim.biz\/?p=163909"},"modified":"2016-06-03T11:52:00","modified_gmt":"2016-06-03T08:52:00","slug":"klaus-iohannis-sare-in-apararea-poloniei-si-critica-bruxelles-ul","status":"publish","type":"post","link":"https:\/\/analyse.optim.biz\/?p=163909","title":{"rendered":"Klaus Iohannis sare \u00een ap\u0103rarea Poloniei \u0219i critic\u0103 Bruxelles-ul"},"content":{"rendered":"<div class=\"entry data-app-meta data-app-meta-article\" data-embed-base-url-canonical=\"https:\/\/www.digi24.ro\/embed\/stiri\/actualitate\/politica\/klaus-iohannis-sare-in-apararea-poloniei-si-critica-bruxelles-ul-525088\">\n<p data-index=\"1\"><img decoding=\"async\" src=\"https:\/\/analyse.optim.biz\/wp-content\/uploads\/2024\/09\/yzawmzjjmwzmmmqyn2q1ntc4nmi0mzbkzmriymzlywq-thumb_.jpg\" data-skip-htmlfix=\"1\" title=\"yzawmzjjmwzmmmqyn2q1ntc4nmi0mzbkzmriymzlywq-thumb_\"><\/p>\n<p data-index=\"2\"><em>FOTO: presidency.ro<\/em><\/p>\n<p data-index=\"3\">\u201eNu pot s\u0103 nu remarc recenta adoptare de c\u0103tre Comisia European\u0103, pe 1 iunie, a\u00a0<em>Opiniei privind statul de drept \u00een Polonia.<\/em>\u00a0Dincolo de semnele de \u00eentrebare asupra oportunit\u0103\u0163ii momentului ales de c\u0103tre Comisie,<em><strong>\u00a0am deplin\u0103 \u00eencredere \u00een capacitatea democra\u0163iei poloneze de a g\u0103si cele mai bune solu\u0163ii \u00een conformitate cu cerin\u0163ele statului de drept, av\u00e2nd \u00een vedere tradi\u0163ia Poloniei de implicare activ\u0103 \u00een consolidarea, \u00een perioada post-comunist\u0103, a unei reale democra\u0163ii\u201d,<\/strong><\/em>a declarat pre\u0219edintele Klaus Iohannis \u00eentr-un discurs rostit la o conferin\u021b\u0103 pe tema securit\u0103\u021bii \u00een estul Europei.<\/p>\n<p data-index=\"4\"><em><strong>\u201eSper c\u0103 institu\u0163iile europene vor sprijini constructiv aceste eforturi ale Poloniei, pentru c\u0103 actualul context dificil, mai ales \u00een Vecin\u0103tatea Estic\u0103, dar \u015fi \u00een interiorul Uniunii Europene, reclam\u0103 concentrarea tuturor demersurilor \u00een direc\u0163ia asigur\u0103rii stabilit\u0103\u0163ii \u015fi securit\u0103\u0163ii noastre, \u00een sensul cel mai larg. Cont\u0103m, \u00een acest sens, \u00een acest demers, pe contribu\u0163ia Poloniei, partener strategic al Rom\u00e2niei<\/strong>\u201d,<\/em> a punctat pre\u0219edintele Rom\u00e2niei<strong>.<\/strong><\/p>\n<p data-index=\"5\">\u201eRom\u00e2nia este situat\u0103 \u00een proximitatea zonelor care genereaz\u0103 dou\u0103 dintre cele mai importante provoc\u0103ri de securitate la nivel european\u201d, a mai ar\u0103tat \u0219eful statului, men\u021bion\u00e2nd \u00een cotext Federa\u021bia Rus\u0103 \u0219i Orientul Mijlociu.<\/p>\n<p data-index=\"6\">Klaus Iohnannis a acuzat Federa\u021bia Rus\u0103 c\u0103 a pus la \u00eendoial\u0103 principiile \u0219i mecanismele de asigurare a stabilit\u0103\u021bii la nivel european, \u201efie \u00een formule de tip hard security, prin folosirea for\u0163ei armate cu \u00eenc\u0103lcarea dreptului interna\u0163ional, fie prin<strong>\u00a0formule ale r\u0103zboiului hibrid, inclusiv prin amenin\u0163\u0103ri directe sau propagand\u0103 media\u201d.<\/strong><\/p>\n<p data-index=\"7\">Pre\u0219edintele a cerut din nou\u00a0o \u00eent\u0103rire a Flancului Estic al Alian\u021bei cu \u201eo prezen\u0163\u0103 avansat\u0103 robust\u0103, credibil\u0103, de descurajare, \u00een mod echilibrat, pe tot acest Flanc\u201d, dar a subliniat c\u0103 nu trebuie s\u0103 existe o competi\u021bie \u00een acest sens \u00eentre \u021b\u0103rile membre NATO.<\/p>\n<p data-index=\"8\">\u0218eful statului a cerut o reg\u00e2ndire a contribu\u021biei<strong>\u00a0la ansamblul ap\u0103r\u0103rii colective \u00een cadrul NATO \u0219i la consolidarea spa\u021biului de securitate, libertate \u0219i justi\u021bie la nivelul Uniunii Europene.<\/strong><\/p>\n<p data-index=\"9\">Citi\u021bi \u0219i:<\/p>\n<h5><a href=\"https:\/\/www.digi24.ro\/Stiri\/Digi24\/Actualitate\/Stiri\/Cotroceni+In+actualul+context+vizita+lui+Juncker+in+Rusia+ridica\" target=\"_blank\" data-skip-linkfix=\"1\" rel=\"noopener\">Cotroceni: \u00cen actualul context, vizita lui Juncker \u00een Rusia ridic\u0103 &#8220;semne de \u00eentrebare&#8221;<\/a><\/h5>\n<h5><a href=\"https:\/\/www.digi24.ro\/Stiri\/Digi24\/Extern\/Europa\/Dosar+international+Polonia+copilul-minune+al+Europei+devenit+co\" target=\"_blank\" data-skip-linkfix=\"1\" rel=\"noopener\"><span>Dosar interna\u0163ional | Polonia, copilul-minune al Europei devenit copil-problem\u0103<\/span><\/a><\/h5>\n<h5><a href=\"https:\/\/www.digi24.ro\/Stiri\/Digi24\/Extern\/Europa\/Polonia+parlament+rezolutie+autonomie+UE\" target=\"_blank\" data-skip-linkfix=\"1\" rel=\"noopener\">Parlamentul de la Var\u0219ovia a adoptat o rezolu\u021bie care proclam\u0103 \u201eautonomia\u201d Poloniei<\/a><\/h5>\n<h5><a href=\"https:\/\/www.digi24.ro\/Stiri\/Digi24\/Actualitate\/Politica\/Klaus+Iohannis+Recentele+declaratii+din+partea+Rusiei+-+incorect\" target=\"_blank\" data-skip-linkfix=\"1\" rel=\"noopener\">Reac\u021bia lui Klaus Iohannis la declara\u021biile lui Vladimir Putin<\/a><\/h5>\n<h5><span><strong>Alocu\u021biunea pre\u0219edintelui Klaus Iohannis la conferin\u0163a \u201eRomania\u2019s Security Leadership in South East Europe\u201d:<\/strong><\/span><\/h5>\n<p data-index=\"10\">\u201eDomnule Vicepre\u015fedinte al Centrului pentru Analiza Politicilor Europene Peter Doran,<\/p>\n<p data-index=\"11\">Domnule Pre\u015fedinte al Camerei Deputa\u0163ilor,<br \/>Domnilor mini\u015ftri,<br \/>Stima\u0163i membri ai Parlamentului Rom\u00e2niei,<br \/>Excelen\u0163ele voastre, doamnelor \u015fi domnilor ambasadori \u015fi reprezentan\u0163i ai misiunilor diplomatice,<br \/>Stima\u0163i invita\u0163i,<br \/>Doamnelor \u0219i domnilor,<\/p>\n<p data-index=\"12\">Permite\u0163i-mi mai \u00eent\u00e2i s\u0103 urez oaspe\u0163ilor din str\u0103in\u0103tate \u201eBine a\u0163i venit \u00een Rom\u00e2nia!\u201d, iar tuturor participan\u0163ilor la aceast\u0103 conferin\u0163\u0103: \u201eBine a\u0163i venit la Cotroceni!\u201d.<\/p>\n<p data-index=\"13\">Evenimentul de ast\u0103zi are loc \u00eentr-un moment cu puternice semnifica\u021bii pentru securitatea Europei.<\/p>\n<p data-index=\"14\">Peste numai c\u00e2teva s\u0103pt\u0103m\u00e2ni, la Var\u0219ovia, vom discuta viitorul rela\u0163iilor de securitate transatlantice \u00een cadrul unuia dintre cele mai importante Summituri NATO de dup\u0103 anul 1989. De asemenea, \u00een cadrul Consiliului European, a\u015ftept\u0103m cu interes prezentarea \u015fi discutarea viitoarei Strategii Globale Europene pentru Politic\u0103 Extern\u0103 \u015fi Securitate, care va \u00eenlocui Strategia de Securitate a Uniunii din 2003.<\/p>\n<p data-index=\"15\">Felicit, de aceea, pe strategii de la Centrul pentru Analiza Politicilor Europene, deoarece ne ofer\u0103 ast\u0103zi, \u00eentr-un moment crucial pentru viitorul Europei, posibilitatea de a discuta rolul Rom\u00e2niei \u00een interiorul structurilor nord-atlantice, \u00een arhitectura de securitate a Europei, \u00een aceast\u0103 regiune a b\u0103tr\u00e2nului continent fr\u0103m\u00e2ntat\u0103 de conflicte \u015fi marcat\u0103 de instabilitate.<\/p>\n<p data-index=\"16\">Problemele de securitate ale Europei s-au aflat \u00een dinamic\u0103 permanent\u0103, care impune g\u00e2ndire strategic\u0103.<\/p>\n<p data-index=\"17\">Prin urmare, contribu\u021bia dumneavoastr\u0103, a exper\u021bilor \u00een studii politice \u0219i rela\u021bii interna\u021bionale, r\u0103m\u00e2ne hot\u0103r\u00e2toare pentru noi, deciden\u021bii politici, care dorim ca at\u00e2t NATO, c\u00e2t \u0219i Uniunea European\u0103 s\u0103 \u00ee\u0219i \u00eendeplineasc\u0103 \u00een continuare rolul de comunit\u0103\u021bi de securitate.<\/p>\n<p data-index=\"18\">Istoria ne-a ar\u0103tat c\u0103<strong> valorile democra\u021biei liberale \u0219i ale statului de drept trebuie mereu protejate, cultivate \u0219i promovate \u0219i c\u0103 nu sunt de la sine \u00een\u021belese, iar riscurile la adresa lor nu trebuie niciodat\u0103 neglijate sau subestimate.<\/strong><\/p>\n<p data-index=\"19\">\u00cen acest context, nu pot s\u0103 nu remarc recenta adoptare de c\u0103tre Comisia European\u0103, pe 1 iunie, a <em>Opiniei privind statul de drept \u00een Polonia.<\/em> Dincolo de semnele de \u00eentrebare asupra oportunit\u0103\u0163ii momentului ales de c\u0103tre Comisie,<em><strong> am deplin\u0103 \u00eencredere \u00een capacitatea democra\u0163iei poloneze de a g\u0103si cele mai bune solu\u0163ii \u00een conformitate cu cerin\u0163ele statului de drept, av\u00e2nd \u00een vedere tradi\u0163ia Poloniei de implicare activ\u0103 \u00een consolidarea, \u00een perioada post-comunist\u0103, a unei reale democra\u0163ii. Sper c\u0103 institu\u0163iile europene vor sprijini constructiv aceste eforturi ale Poloniei, pentru c\u0103 actualul context dificil, mai ales \u00een Vecin\u0103tatea Estic\u0103, dar \u015fi \u00een interiorul Uniunii Europene, reclam\u0103 concentrarea tuturor demersurilor \u00een direc\u0163ia asigur\u0103rii stabilit\u0103\u0163ii \u015fi securit\u0103\u0163ii noastre, \u00een sensul cel mai larg. Cont\u0103m, \u00een acest sens, \u00een acest demers, pe contribu\u0163ia Poloniei, partener strategic al Rom\u00e2niei.<\/strong><\/em><\/p>\n<p data-index=\"20\">Doamnelor \u0219i domnilor,<\/p>\n<p data-index=\"21\">\u00centr-adev\u0103r, ne afl\u0103m \u00eentr-un moment \u00een care este esen\u021bial s\u0103 ap\u0103r\u0103m aceste valori, dar \u0219i s\u0103 redescoperim c\u0103ile \u0219i mijloacele prin care s\u0103 asigur\u0103m, \u00eentr-un mod echilibrat, at\u00e2t securitatea, c\u00e2t \u0219i democra\u021bia, \u00een contextul revenirii la nivel european a populismului, na\u021bionalismului \u0219i extremelor politice.<\/p>\n<p data-index=\"22\">\u00cen primul r\u00e2nd, cred c\u0103 trebuie s\u0103 p\u0103str\u0103m \u0219i s\u0103 \u00eent\u0103rim ceea ce s-a c\u00e2\u0219tigat deja la nivel european din punctul de vedere al construc\u021biei institu\u021bionale a ap\u0103r\u0103rii colective &#8211; prin Alian\u021ba Nord Atlantic\u0103 &#8211; \u0219i a spa\u021biului de securitate, libertate \u0219i justi\u021bie &#8211; prin Uniunea European\u0103. \u00cen acela\u0219i timp, <strong>aceste realiz\u0103ri trebuie ajustate \u0219i adaptate \u00een fa\u021ba provoc\u0103rilor politice, economice \u0219i de securitate curente.<\/strong><\/p>\n<p data-index=\"23\"><strong>Rom\u00e2nia este situat\u0103 \u00een proximitatea zonelor care genereaz\u0103 dou\u0103 dintre cele mai importante provoc\u0103ri de securitate la nivel european.<\/strong><\/p>\n<p data-index=\"24\">Este vorba, pe de o parte, de punerea la \u00eendoial\u0103, de c\u0103tre <strong>Federa\u021bia Rus\u0103<\/strong>, a principiilor \u0219i mecanismelor de asigurare a stabilit\u0103\u021bii la nivel european, fie \u00een formule de tip hard security, prin folosirea for\u0163ei armate cu \u00eenc\u0103lcarea dreptului interna\u0163ional, fie prin<strong> formule ale r\u0103zboiului hibrid, inclusiv prin amenin\u0163\u0103ri directe sau propagand\u0103 media<\/strong>, cum am v\u0103zut recent.<\/p>\n<p data-index=\"25\">Pe de alt\u0103 parte, este vorba de<strong> accentuarea instabilit\u0103\u021bii din regiunea Orientului Mijlociu<\/strong>, inclusiv prin apari\u021bia unor noi forme de radicalism \u0219i extremism terorist, a\u0219a cum este cazul Daesh.<\/p>\n<p data-index=\"26\">Dup\u0103 cum am subliniat \u00een noua Strategie Na\u021bional\u0103 de Ap\u0103rare, aprobat\u0103 de Parlamentul Rom\u00e2niei anul trecut, la propunerea mea, \u201eRom\u00e2nia are obliga\u021bia de a p\u0103stra echilibrul strategic \u00eentr-o zon\u0103 de interferen\u021b\u0103 a unor complexe de securitate regionale, dar \u0219i de a contribui la consolidarea procesului de europenizare\u201d. At\u00e2t \u00een problematica regiunii Sud-Est Europene \u0219i Balcanice, c\u00e2t \u0219i \u00een cea a Regiunii Extinse a M\u0103rii Negre, Rom\u00e2nia a acumulat o experien\u021b\u0103 major\u0103, pe care acum o pune la dispozi\u021bia alia\u021bilor \u0219i partenerilor s\u0103i, \u00een baza simplei premise c\u0103 niciun stat nu mai poate s\u0103-\u0219i asigure securitatea \u00een mod individual.<\/p>\n<p data-index=\"27\">Principala modalitate prin care am ales s\u0103 ne preg\u0103tim la nivel na\u021bional, \u00een fa\u021ba noilor provoc\u0103ri de securitate europene \u0219i regionale, a fost aceea de a relansa, \u00eentr-o manier\u0103 cuprinz\u0103toare \u0219i robust\u0103, analiza \u0219i planificarea strategic\u0103. \u00cen ultimul an \u0219i jum\u0103tate, Rom\u00e2nia are o nou\u0103 Strategie Na\u021bional\u0103 de Ap\u0103rare, o nou\u0103 Cart\u0103 Alb\u0103 a Ap\u0103r\u0103rii \u0219i o nou\u0103 Lege pentru planificarea ap\u0103r\u0103rii, adaptat\u0103 noului context interna\u021bional \u0219i planific\u0103rii ap\u0103r\u0103rii colective la nivelul NATO. De c\u00e2teva zile avem \u0219i o nou\u0103 Strategie Militar\u0103.<\/p>\n<p data-index=\"28\">\u00cen plus, am reu\u0219it s\u0103 atingem foarte rapid un larg consens politic la nivel na\u021bional, astfel \u00eenc\u00e2t s\u0103 aloc\u0103m 2% din Produsul Intern Brut pentru ap\u0103rare pentru cel pu\u021bin perioada 2017-2027.<\/p>\n<p data-index=\"29\">Doamnelor \u0219i domnilor,<\/p>\n<p data-index=\"30\">\u00cen \u00eencheiere, doresc s\u0103 supun aten\u021biei dumneavoastr\u0103, spre dezbatere, un aspect sensibil, \u00een contextul Summitului NATO de la Var\u0219ovia.<\/p>\n<p data-index=\"31\">Am spus-o deja cu mai multe ocazii:<strong> este necesar\u0103 o \u00eent\u0103rire a Flancului Estic al Alian\u021bei cu o prezen\u0163\u0103 avansat\u0103 robust\u0103, credibil\u0103, de descurajare, \u00een mod echilibrat, pe tot acest Flanc.<\/strong><\/p>\n<p data-index=\"32\"><strong>Nu trebuie s\u0103 existe nicio competi\u0163ie pentru mai mult\u0103 prezen\u0163\u0103 Aliat\u0103 pentru unii dintre noi, uneori chiar \u00een detrimentul altora.<\/strong> De fapt, nu suntem, \u00een mod real, \u00eentr-o astfel de concuren\u0163\u0103. Pentru toate statele Flancului Estic este vital\u0103, din punctul de vedere al securit\u0103\u021bii, aceast\u0103 \u00eent\u0103rire echilibrat\u0103. Altfel, risc\u0103m s\u0103 ne cre\u0103m noi \u00een\u015fine vulnerabilit\u0103\u0163i suplimentare.<\/p>\n<p data-index=\"33\">Este adev\u0103rat, f\u0103r\u0103 \u00eendoial\u0103, c\u0103 tr\u0103s\u0103turile \u0219i caracterul riscurilor \u0219i amenin\u021b\u0103rilor variaz\u0103 de la o zon\u0103 la alta. Dar este la fel de adev\u0103rat, \u0219i doresc s\u0103 subliniez acest lucru, c\u0103 natura \u0219i sursa amenin\u021b\u0103rii sunt acelea\u0219i pe \u00eentregul Flanc Estic, cel pu\u021bin la acest moment.<\/p>\n<p data-index=\"34\">De aceea, este important s\u0103 nu pierdem perspectiva strategic\u0103.<\/p>\n<p data-index=\"35\">Trebuie s\u0103 avem o viziune de ansamblu la nivel colectiv, Aliat. Suntem, cred, cu to\u021bii de acord c\u0103<strong> trebuie s\u0103 reg\u00e2ndim ap\u0103rarea colectiv\u0103 \u0219i s\u0103 recalibr\u0103m ap\u0103rarea \u0219i descurajarea, prin respectarea principiului \u201e28 pentru 28\u201d \u0219i a celui privind abordarea de tip \u201e360 de grade\u201d, \u00een noul context de securitate.<\/strong><\/p>\n<p data-index=\"36\">Tocmai de aceea, este esen\u021bial rolul pe care dumneavoastr\u0103, exper\u021bii, \u00eel pute\u021bi juca \u00een a analiza, dezbate \u0219i promova concepte cu larg\u0103 relevan\u021b\u0103 strategic\u0103. Acestea pot contribui la conturarea unei viziuni mai ample \u0219i pe termen lung asupra securit\u0103\u021bii unei regiuni europene, considerat\u0103 una cu \u201egeometrie variabil\u0103\u201d, a\u0219a cum este Europa Central\u0103 \u0219i de Est.<\/p>\n<p data-index=\"37\">Cred c\u0103 <strong>trebuie s\u0103 ne g\u00e2ndim \u00eempreun\u0103 cum contribuim mai bine la ansamblul ap\u0103r\u0103rii colective \u00een cadrul NATO \u0219i la consolidarea spa\u021biului de securitate, libertate \u0219i justi\u021bie la nivelul Uniunii Europene.<\/strong><\/p>\n<p data-index=\"38\">V\u0103 doresc mult succes \u0219i v\u0103 mul\u021bumesc pentru contribu\u021bia valoroas\u0103 la o dezbatere pe teme cruciale pentru viitorul nostru, al tuturor!\u201d<\/p>\n<\/div>\n<p> Source URL: https:\/\/www.digi24.ro\/stiri\/actualitate\/politica\/klaus-iohannis-sare-in-apararea-poloniei-si-critica-bruxelles-ul-525088<\/p>\n","protected":false},"excerpt":{"rendered":"<p>FOTO: presidency.ro \u201eNu pot s\u0103 nu remarc recenta adoptare de c\u0103tre Comisia European\u0103, pe 1 iunie, a\u00a0Opiniei privind statul de drept \u00een Polonia.\u00a0Dincolo de semnele de \u00eentrebare asupra oportunit\u0103\u0163ii momentului ales de c\u0103tre Comisie,\u00a0am deplin\u0103 \u00eencredere \u00een capacitatea democra\u0163iei poloneze de a g\u0103si cele mai bune solu\u0163ii \u00een conformitate cu cerin\u0163ele statului de drept, av\u00e2nd [&hellip;]<\/p>\n","protected":false},"author":1,"featured_media":163910,"comment_status":"open","ping_status":"","sticky":false,"template":"","format":"standard","meta":{"footnotes":""},"categories":[2],"tags":[11],"class_list":["post-163909","post","type-post","status-publish","format-standard","has-post-thumbnail","hentry","category-politics","tag-digi24"],"_links":{"self":[{"href":"https:\/\/analyse.optim.biz\/index.php?rest_route=\/wp\/v2\/posts\/163909","targetHints":{"allow":["GET"]}}],"collection":[{"href":"https:\/\/analyse.optim.biz\/index.php?rest_route=\/wp\/v2\/posts"}],"about":[{"href":"https:\/\/analyse.optim.biz\/index.php?rest_route=\/wp\/v2\/types\/post"}],"author":[{"embeddable":true,"href":"https:\/\/analyse.optim.biz\/index.php?rest_route=\/wp\/v2\/users\/1"}],"replies":[{"embeddable":true,"href":"https:\/\/analyse.optim.biz\/index.php?rest_route=%2Fwp%2Fv2%2Fcomments&post=163909"}],"version-history":[{"count":0,"href":"https:\/\/analyse.optim.biz\/index.php?rest_route=\/wp\/v2\/posts\/163909\/revisions"}],"wp:featuredmedia":[{"embeddable":true,"href":"https:\/\/analyse.optim.biz\/index.php?rest_route=\/wp\/v2\/media\/163910"}],"wp:attachment":[{"href":"https:\/\/analyse.optim.biz\/index.php?rest_route=%2Fwp%2Fv2%2Fmedia&parent=163909"}],"wp:term":[{"taxonomy":"category","embeddable":true,"href":"https:\/\/analyse.optim.biz\/index.php?rest_route=%2Fwp%2Fv2%2Fcategories&post=163909"},{"taxonomy":"post_tag","embeddable":true,"href":"https:\/\/analyse.optim.biz\/index.php?rest_route=%2Fwp%2Fv2%2Ftags&post=163909"}],"curies":[{"name":"wp","href":"https:\/\/api.w.org\/{rel}","templated":true}]}}