{"id":163875,"date":"2016-06-06T17:28:08","date_gmt":"2016-06-06T14:28:08","guid":{"rendered":"https:\/\/analyse.optim.biz\/?p=163875"},"modified":"2016-06-06T17:28:08","modified_gmt":"2016-06-06T14:28:08","slug":"liviu-dragnea-n-o-sa-stam-cu-mana-intinsa-la-nesfarsit-gabriela-firea-i-a-facut-o-oferta-cinstita-lui-nicusor-dan","status":"publish","type":"post","link":"https:\/\/analyse.optim.biz\/?p=163875","title":{"rendered":"Liviu Dragnea: N-o s\u0103 st\u0103m cu m\u00e2na \u00eentins\u0103 la nesf\u00e2r\u0219it. Gabriela Firea i-a f\u0103cut o ofert\u0103 cinstit\u0103 lui Nicu\u0219or Dan"},"content":{"rendered":"<div class=\"entry data-app-meta data-app-meta-article\" data-embed-base-url-canonical=\"https:\/\/www.digi24.ro\/embed\/stiri\/actualitate\/politica\/liviu-dragnea-n-o-sa-stam-cu-mana-intinsa-la-nesfarsit-gabriela-firea-i-a-facut-o-oferta-cinstita-lui-nicusor-dan-526186\">\n<p data-index=\"1\">Un candidat PSD a c\u00e2\u0219tigat pentru prima dat\u0103 func\u021bia de primar general al Capitalei, prin Gabriela Firea, care a ob\u021binut 42,98 la sut\u0103 din voturi, potrivit rezultatelor oficiale par\u021biale. Pe locul al doilea s-a clasat Nicu\u0219or Dan, cu 30,52 la sut\u0103 din voturi, un candidat care a reprezentat Uniunea Salva\u021bi Bucure\u0219tiul, forma\u021biune n\u0103scut\u0103 din r\u00e2ndul societ\u0103\u021bii civile. Mai mult, este pentru prima dat\u0103 dup\u0103 Revolu\u021bie c\u00e2nd un partid politic c\u00e2\u0219tig\u0103 tot la Capital\u0103 \u2013 \u0219i func\u021bia de primar, \u0219i to\u021bi primarii la sectoare, a subliniat liderul PSD, Liviu Dragnea.<\/p>\n<p data-index=\"2\">Pentru a avea \u00eens\u0103 o majoritate solid\u0103 \u00een Consiliul General, Gabriela Firea i-a propus lui Nicu\u0219or Dan s\u0103 devin\u0103 viceprimar, ofert\u0103 pe care liderul USB a declinat-o. <\/p>\n<p data-index=\"3\">\u00centrebat\u0103 dac\u0103 \u00ee\u0219i men\u021bine oferta f\u0103cut\u0103 \u00eenainte de alegeri, Gabriela Firea a spus, luni, c\u0103 are un contract cu \u201ebucure\u0219tenii\u201d \u0219i c\u0103 \u00eei va reprezenta pe to\u021bi. \u201eSuntem \u00een alian\u021b\u0103 politic\u0103 cu UNPR \u0219i \u00eentr-un parteneriat \u0219i colegialitate cu ALDE. Dup\u0103 finalizarea num\u0103r\u0103torii voturilor, \u00eempreun\u0103 vom lua o decizie. Dar a\u0219a cum \u0219ti\u021bi, noi suntem oameni serio\u0219i, <strong>dac\u0103 am \u00eentins odat\u0103 o m\u00e2n\u0103 nu cred c\u0103 avem motive s\u0103 o retragem.<\/strong> \u00centr-adev\u0103r, declara\u021biile de ultim moment ale d\u00e2nsului (Nicu\u0219or Dan \u2013 n.r.) ne-au pus un pic pe g\u00e2nduri, dar noi facem toate alian\u021bele doar \u00een beneficiul bucure\u0219tenilor \u0219i sunt convins\u0103 c\u0103 toate proiectele pe care le vom propune \u00een Consiliul General, vor fi votate, indiferent dac\u0103 exist\u0103 sau nu o majoritate, din punct de vedere al criteriului politic\u201d, a spus Gabriela Firea.<\/p>\n<p data-index=\"4\">La insisten\u021bele jurnali\u0219tilor, care au \u00eentrebat-o pe Gabriela Firea dac\u0103 negociaz\u0103 \u00een continuare cu USB, liderul partidului, Liviu Dragnea, a intervenit \u0219i a f\u0103cut ni\u0219te preciz\u0103ri:<\/p>\n<p data-index=\"5\">\u201e<span>Gabriela Firea a f\u0103cut o ofert\u0103 cinstit\u0103, o ofert\u0103 corect\u0103 lui Nicu\u0219or Dan, exclusiv \u00een interesul bucure\u0219tenilor. Am v\u0103zut c\u0103 Nicu\u0219or Dan a refuzat explicit aceast\u0103 propunere de colaborare, de a forma o majoritate solid\u0103 \u00een Consiliul General pentru ca proiectele importante din Bucure\u0219ti s\u0103 fie aprobate, pentru ca \u00een Consiliul General \u0219i \u00een Prim\u0103ria General\u0103 s\u0103 nu fie disfunc\u021bionalit\u0103\u021bi \u0219i actul administrativ s\u0103 fie foarte cursiv. <strong>Nu putem sta nici noi ca partid, nici doamna primar general cu m\u00e2na \u00eentins\u0103 la nesf\u00e2r\u0219it.<\/strong> Dintr-un motiv foarte simplu: chiar are treab\u0103. (&#8230;) Noi n-o s\u0103 st\u0103m \u00een negocieri politice, doamna primar general cu at\u00e2t mai pu\u021bin. <strong>Dac\u0103 p\u00e2n\u0103 se va constitui majoritatea \u00een Consiliul General , dumnealor (USB \u2013 n.r.) vor reveni la sentimente mai bune, cu drag\u0103 inim\u0103 doamna primar general, colegii mei, consilierii generali vor participa la aceast\u0103 colaborare, dac\u0103 nu, noi n-am sus\u021binut candida\u021bi, dna Firea n-a ajuns primar general pentru a sta permanent \u00een rug\u0103min\u021bi fa\u021b\u0103 de unii care nu vor s\u0103 colaboreze<\/strong>\u201d, a punctat liderul PSD.<\/span><\/p>\n<\/div>\n<p> Source URL: https:\/\/www.digi24.ro\/stiri\/actualitate\/politica\/liviu-dragnea-n-o-sa-stam-cu-mana-intinsa-la-nesfarsit-gabriela-firea-i-a-facut-o-oferta-cinstita-lui-nicusor-dan-526186<\/p>\n","protected":false},"excerpt":{"rendered":"<p>Un candidat PSD a c\u00e2\u0219tigat pentru prima dat\u0103 func\u021bia de primar general al Capitalei, prin Gabriela Firea, care a ob\u021binut 42,98 la sut\u0103 din voturi, potrivit rezultatelor oficiale par\u021biale. Pe locul al doilea s-a clasat Nicu\u0219or Dan, cu 30,52 la sut\u0103 din voturi, un candidat care a reprezentat Uniunea Salva\u021bi Bucure\u0219tiul, forma\u021biune n\u0103scut\u0103 din r\u00e2ndul [&hellip;]<\/p>\n","protected":false},"author":1,"featured_media":163876,"comment_status":"open","ping_status":"","sticky":false,"template":"","format":"standard","meta":{"footnotes":""},"categories":[2],"tags":[11],"class_list":["post-163875","post","type-post","status-publish","format-standard","has-post-thumbnail","hentry","category-politics","tag-digi24"],"_links":{"self":[{"href":"https:\/\/analyse.optim.biz\/index.php?rest_route=\/wp\/v2\/posts\/163875","targetHints":{"allow":["GET"]}}],"collection":[{"href":"https:\/\/analyse.optim.biz\/index.php?rest_route=\/wp\/v2\/posts"}],"about":[{"href":"https:\/\/analyse.optim.biz\/index.php?rest_route=\/wp\/v2\/types\/post"}],"author":[{"embeddable":true,"href":"https:\/\/analyse.optim.biz\/index.php?rest_route=\/wp\/v2\/users\/1"}],"replies":[{"embeddable":true,"href":"https:\/\/analyse.optim.biz\/index.php?rest_route=%2Fwp%2Fv2%2Fcomments&post=163875"}],"version-history":[{"count":0,"href":"https:\/\/analyse.optim.biz\/index.php?rest_route=\/wp\/v2\/posts\/163875\/revisions"}],"wp:featuredmedia":[{"embeddable":true,"href":"https:\/\/analyse.optim.biz\/index.php?rest_route=\/wp\/v2\/media\/163876"}],"wp:attachment":[{"href":"https:\/\/analyse.optim.biz\/index.php?rest_route=%2Fwp%2Fv2%2Fmedia&parent=163875"}],"wp:term":[{"taxonomy":"category","embeddable":true,"href":"https:\/\/analyse.optim.biz\/index.php?rest_route=%2Fwp%2Fv2%2Fcategories&post=163875"},{"taxonomy":"post_tag","embeddable":true,"href":"https:\/\/analyse.optim.biz\/index.php?rest_route=%2Fwp%2Fv2%2Ftags&post=163875"}],"curies":[{"name":"wp","href":"https:\/\/api.w.org\/{rel}","templated":true}]}}