{"id":163864,"date":"2016-06-06T17:53:20","date_gmt":"2016-06-06T14:53:20","guid":{"rendered":"https:\/\/analyse.optim.biz\/?p=163864"},"modified":"2016-06-06T17:53:20","modified_gmt":"2016-06-06T14:53:20","slug":"c-p-tariceanu-alde-va-avea-un-viceprimar-in-bucuresti","status":"publish","type":"post","link":"https:\/\/analyse.optim.biz\/?p=163864","title":{"rendered":"C.P T\u0103riceanu: ALDE va avea un viceprimar \u00een Bucure\u0219ti"},"content":{"rendered":"<div class=\"entry data-app-meta data-app-meta-article\" data-embed-base-url-canonical=\"https:\/\/www.digi24.ro\/embed\/stiri\/actualitate\/politica\/c-p-tariceanu-alde-va-avea-un-viceprimar-in-bucuresti-526200\">\n<p data-index=\"1\"><strong>\u201e<\/strong><span><em>E un scor care \u00eentr-o m\u0103sur\u0103 important\u0103, mai ales \u00een jude\u0163ele \u00een care am reu\u015fit s\u0103 ne atingem obiectivele, ne mul\u0163ume\u015fte. \u00cen acela\u015fi timp, ALDE este \u00eenfiin\u0163at de doar nou\u0103 luni \u015fi mai exist\u0103 un deficit organizatoric care s-a resim\u0163it la rezultatele \u00een anumite jude\u0163e, dar rezultatul global conteaz\u0103. Suntem \u00een m\u0103sur\u0103 ca \u00een momentul de fa\u0163\u0103 \u00een 27 de jude\u0163e s\u0103 form\u0103m majorit\u0103\u0163ile \u00een consiliile jude\u0163e, sunt 14 \u00een care PSD-ul are singur majoritatea dar ne-am \u00een\u0163eles s\u0103 intr\u0103m \u00een aceast\u0103 majoritate l\u0103rgit\u0103, sunt 11 jude\u0163e unde PSD-ul cu noi va face majoritatea. \u00cen alte jude\u0163e discut\u0103m c\u0103 ne mai trebuie consilieri \u00een afar\u0103 de cele dou\u0103 forma\u0163iuni, a\u015fa marc\u0103m rezultatele ob\u0163inute, inclusiv \u00een Bucure\u015fti\u201d<\/em>, a spus C\u0103lin Popescu T\u0103riceanu.\u00a0<\/span><\/p>\n<p data-index=\"2\">C\u0103lin Popescu T\u0103riceanu a mai declarat c\u0103 \u00een jude\u021bele \u00een care ALDE a ob\u021binut rezultate bune va avea, \u00een Consiliile locale \u0219i de jude\u021b, posturi \u00een conformitate cu ponderea pe care o au. De asemenea, liderul ALDE a precizat c\u0103 partidul va avea un viceprimar \u00een Bucure\u0219ti.<\/p>\n<p data-index=\"3\">Liviu Dragnea a subliniat c\u0103 \u00een toate cele 27 de jude\u021be din \u021bar\u0103 \u00een care are majoritate, ALDE va avea un vicepre\u0219edinte.<\/p>\n<p data-index=\"4\"><em>\u201eAm avut o discu\u0163ie foarte bun\u0103 \u015fi cu domnul Constantin, T\u0103riceanu \u0219i Steriu. Coeren\u0163a func\u0163ion\u0103rii alian\u0163ei din Parlament o vom transpune \u015fi \u00een jude\u0163e. Sunt 27 de jude\u0163e unde \u00eempreun\u0103 cu ALDE \u015fi UNPR facem majorit\u0103\u0163ile, \u015fi \u00een Bucure\u015fti m\u00e2ine vom avea comitetul executiv \u015fi \u00een zilele urm\u0103toare oper\u0103m aceste negoiceri, astfel \u00eenc\u00e2t s\u0103 punem \u00een practic\u0103 proiectul. \u00cen toate jude\u0163ele unde PSD are majoritate singur, ALDE va primi un post de vicepre\u015fedinte \u015fi bine\u00eene\u0163eles unde facem \u00eempreun\u0103, ca \u015fi \u00een juude\u0163ele unde facem cu UNPR-ul. Asta \u00eenseamn\u0103 colaborare, fiecare partid s\u0103 fie reprezentant\u201d,<\/em> a spus pre\u0219edintele PSD.\u00a0<\/p>\n<p data-index=\"5\">PSD a c\u00e2\u015ftigat la aceste alegeri toate prim\u0103riile din Capital\u0103 \u015fi aproape jum\u0103tate din re\u015fedintele de jude\u0163. \u00a0<\/p>\n<h5><strong>Citi\u021bi \u0219i:<\/strong><\/h5>\n<h5><a href=\"https:\/\/www.digi24.ro\/Stiri\/Digi24\/Actualitate\/Alegeri+locale+2016\/ALEGERI+LOCALE+2016+Rezultatele+provizorii+bucuresti+ora+6+30\" target=\"_blank\" data-skip-linkfix=\"1\" rel=\"noopener\"><span>ALEGERI LOCALE 2016. Capitala Rom\u00e2niei va fi condus\u0103 pentru prima dat\u0103 de o femeie<\/span><\/a><\/h5>\n<h5><a href=\"https:\/\/www.digi24.ro\/Stiri\/Digi24\/Actualitate\/Alegeri+locale+2016\/REZULTATE+ALEGERI+LOCALE+2016+EXIT+POLL\" target=\"_blank\" data-skip-linkfix=\"1\" rel=\"noopener\"><span>ALEGERI LOCALE 2016. Rezultatele exit-poll-ului IRES. A ap\u0103rut un nou partid<\/span><\/a><\/h5>\n<h5><a href=\"https:\/\/www.digi24.ro\/Stiri\/Digi24\/Actualitate\/Alegeri+locale+2016\/Blaga+si+Gorghiu+Am+obtinut+la+aceste+alegeri+cel+mai+bun+scor+d\" target=\"_blank\" data-skip-linkfix=\"1\" rel=\"noopener\"><span>Blaga \u015fi Gorghiu: Avem cel mai bun scor din 1990, am reu\u015fit s\u0103 reconstruim dreapta<\/span><\/a><\/h5>\n<\/div>\n<p> Source URL: https:\/\/www.digi24.ro\/stiri\/actualitate\/politica\/c-p-tariceanu-alde-va-avea-un-viceprimar-in-bucuresti-526200<\/p>\n","protected":false},"excerpt":{"rendered":"<p>\u201eE un scor care \u00eentr-o m\u0103sur\u0103 important\u0103, mai ales \u00een jude\u0163ele \u00een care am reu\u015fit s\u0103 ne atingem obiectivele, ne mul\u0163ume\u015fte. \u00cen acela\u015fi timp, ALDE este \u00eenfiin\u0163at de doar nou\u0103 luni \u015fi mai exist\u0103 un deficit organizatoric care s-a resim\u0163it la rezultatele \u00een anumite jude\u0163e, dar rezultatul global conteaz\u0103. Suntem \u00een m\u0103sur\u0103 ca \u00een momentul [&hellip;]<\/p>\n","protected":false},"author":1,"featured_media":163865,"comment_status":"open","ping_status":"","sticky":false,"template":"","format":"standard","meta":{"footnotes":""},"categories":[2],"tags":[11],"class_list":["post-163864","post","type-post","status-publish","format-standard","has-post-thumbnail","hentry","category-politics","tag-digi24"],"_links":{"self":[{"href":"https:\/\/analyse.optim.biz\/index.php?rest_route=\/wp\/v2\/posts\/163864","targetHints":{"allow":["GET"]}}],"collection":[{"href":"https:\/\/analyse.optim.biz\/index.php?rest_route=\/wp\/v2\/posts"}],"about":[{"href":"https:\/\/analyse.optim.biz\/index.php?rest_route=\/wp\/v2\/types\/post"}],"author":[{"embeddable":true,"href":"https:\/\/analyse.optim.biz\/index.php?rest_route=\/wp\/v2\/users\/1"}],"replies":[{"embeddable":true,"href":"https:\/\/analyse.optim.biz\/index.php?rest_route=%2Fwp%2Fv2%2Fcomments&post=163864"}],"version-history":[{"count":0,"href":"https:\/\/analyse.optim.biz\/index.php?rest_route=\/wp\/v2\/posts\/163864\/revisions"}],"wp:featuredmedia":[{"embeddable":true,"href":"https:\/\/analyse.optim.biz\/index.php?rest_route=\/wp\/v2\/media\/163865"}],"wp:attachment":[{"href":"https:\/\/analyse.optim.biz\/index.php?rest_route=%2Fwp%2Fv2%2Fmedia&parent=163864"}],"wp:term":[{"taxonomy":"category","embeddable":true,"href":"https:\/\/analyse.optim.biz\/index.php?rest_route=%2Fwp%2Fv2%2Fcategories&post=163864"},{"taxonomy":"post_tag","embeddable":true,"href":"https:\/\/analyse.optim.biz\/index.php?rest_route=%2Fwp%2Fv2%2Ftags&post=163864"}],"curies":[{"name":"wp","href":"https:\/\/api.w.org\/{rel}","templated":true}]}}