{"id":163861,"date":"2016-06-06T19:17:05","date_gmt":"2016-06-06T16:17:05","guid":{"rendered":"https:\/\/analyse.optim.biz\/?p=163861"},"modified":"2016-06-06T19:17:05","modified_gmt":"2016-06-06T16:17:05","slug":"premierul-dacian-ciolos-merge-la-meciul-franta-romania-din-euro2016","status":"publish","type":"post","link":"https:\/\/analyse.optim.biz\/?p=163861","title":{"rendered":"Premierul Dacian Ciolo\u0219 merge la meciul Fran\u021ba-Rom\u00e2nia din Euro2016"},"content":{"rendered":"<div class=\"entry data-app-meta data-app-meta-article\" data-embed-base-url-canonical=\"https:\/\/www.digi24.ro\/embed\/stiri\/actualitate\/politica\/premierul-dacian-ciolos-merge-la-meciul-franta-romania-din-euro2016-526232\">\n<p data-index=\"1\"><img decoding=\"async\" src=\"https:\/\/analyse.optim.biz\/wp-content\/uploads\/2024\/09\/zda3ntiymdmzodg1mwvjn2exmtrizthkntyzngizymm-thumb_.jpg\" data-skip-htmlfix=\"1\" title=\"zda3ntiymdmzodg1mwvjn2exmtrizthkntyzngizymm-thumb_\"><\/p>\n<p data-index=\"2\">Premierul va plecat joi la Paris \u0219i se va \u00eent\u00e2lni cu secretarul general al\u00a0Organiza\u021biei pentru Cooperare \u0219i Dezvoltare Economic\u0103 (OCDE), va participa la recep\u021bia\u00a0ficial\u0103 de deschidere a particip\u0103rii Rom\u00e2niei la Euro2016 li va depunde o coroan\u0103 \u00een cadrul unei ceremonii la Arcul de Triumf.\u00a0<\/p>\n<div class=\"text_exposed_show\">\n<p data-index=\"3\">Ziua de vineri va \u00eencepe pentru premierul Rom\u00e2niei cu o \u00eentrevedere cu omogul s\u0103u francez, prilej cu care va semna foaie de parcurs actualizat\u0103 a Parteneriatului strategic rom\u00e2no-francez.\u00a0<\/p>\n<p data-index=\"4\">La ora 14.30, Dacian Ciolo\u0219 \u00eei va \u00eent\u00e2lnii pe cei doi copii orfani ai cuplului de rom\u00e2ni care au murit \u00een antentatele de la Paris din noiembrie 2015. <a href=\"https:\/\/www.digi24.ro\/Stiri\/Digi24\/Actualitate\/Stiri\/Ajutor+pentru+copiii+romanilor+ucisi+in+atentatele+de+la+Paris\" target=\"_blank\" data-skip-linkfix=\"1\" rel=\"noopener\">Este vorba despre un b\u0103iat \u0219i o fat\u0103, copiii L\u0103cr\u0103mioarei Pop \u0219i Ciprian Calciu<\/a>. Cei doi se aflau la o cafenea c\u00e2nd un terori\u0219tii au deschis focul.<\/p>\n<p data-index=\"5\">Seara, premierul va participa la ceremonia de deschidere a Euro2016 \u0219i va viziona primul meci din Campionat &#8211; Fran\u021ba-Rom\u00e2nia.\u00a0<\/p>\n<p data-index=\"6\">Campionatul European de Fotbal va \u00eencepe pe 10 iunie 2016. Rom\u00e2nia s-a calificat pentru prima dat\u0103 \u00een opt ani la acest campionat.\u00a0<\/p>\n<p data-index=\"7\">Antrenorul Anghel Iord\u0103nescu a anun\u0163at care sunt cei 23 de juc\u0103tori care vor merge la Euro. Printre ei se num\u0103r\u0103 \u0219i Ke\u0219eru. \u00cen schimb, selec\u0163ionerul a decis ca Alexandru Maxim s\u0103 nu fac\u0103 deplasarea la turneul final.\u00a0<\/p>\n<p data-index=\"8\"><strong>LOTUL OFICIAL AL ROM\u00c2NIEI PENTRU TURNEUL FINAL<\/strong><\/p>\n<p data-index=\"9\">Portari: Ciprian T\u0103t\u0103ru\u0219anu (Fiorentina, 35\/0), Costel Pantilimon (Watford, 22\/0), Silviu Lung (Astra, 3\/0)<\/p>\n<p data-index=\"10\">Funda\u0219i: Cristian S\u0103punaru (Pandurii Tg. Jiu, 12\/0), Alexandru M\u0103\u021bel (Dinamo Zagreb, 16\/0), Vlad Chiriche\u0219 (SSC Napoli, 40\/0), Valeric\u0103 G\u0103man (Astra Giurgiu, 13\/1), Drago\u0219 Grigore (Al Sailiya, 19\/0), Cosmin Mo\u021bi (Ludogorets, 7\/0), R\u0103zvan Ra\u021b (Rayo Vallecano, 110\/2), Steliano Filip (Dinamo, 4\/0)<\/p>\n<p data-index=\"11\">Mijloca\u0219i: Mihai Pintilii (FC Steaua Bucure\u0219ti, 30\/1), Ovidiu Hoban (Hapoel Be&#8217;er Sheva, 19\/1), Andrei Prepeli\u021b\u0103 (Ludogorets, 9\/0), Adrian Popa (FC Steaua Bucure\u0219ti, 13\/0), Gabriel Torje (Osmanlispor, 49\/10), Alexandru Chipciu (FC Steaua Bucure\u0219ti, 20\/3), Nicolae Stanciu (FC Steaua Bucure\u0219ti, 4\/3), Lucian S\u0103nm\u0103rtean (Al Ittihad, 19\/0)<\/p>\n<p data-index=\"12\">Atacan\u021bi: Claudiu Ke\u0219eru (Ludogorets, 12\/4), Bogdan Stancu (Genclerbirligi, 39\/9), Florin Andone (Cordoba, 5\/1), Denis Alibec (Astra, 3\/1).\u00a0<\/p>\n<\/div>\n<\/div>\n<p> Source URL: https:\/\/www.digi24.ro\/stiri\/actualitate\/politica\/premierul-dacian-ciolos-merge-la-meciul-franta-romania-din-euro2016-526232<\/p>\n","protected":false},"excerpt":{"rendered":"<p>Premierul va plecat joi la Paris \u0219i se va \u00eent\u00e2lni cu secretarul general al\u00a0Organiza\u021biei pentru Cooperare \u0219i Dezvoltare Economic\u0103 (OCDE), va participa la recep\u021bia\u00a0ficial\u0103 de deschidere a particip\u0103rii Rom\u00e2niei la Euro2016 li va depunde o coroan\u0103 \u00een cadrul unei ceremonii la Arcul de Triumf.\u00a0 Ziua de vineri va \u00eencepe pentru premierul Rom\u00e2niei cu o \u00eentrevedere [&hellip;]<\/p>\n","protected":false},"author":1,"featured_media":163862,"comment_status":"open","ping_status":"","sticky":false,"template":"","format":"standard","meta":{"footnotes":""},"categories":[2],"tags":[11],"class_list":["post-163861","post","type-post","status-publish","format-standard","has-post-thumbnail","hentry","category-politics","tag-digi24"],"_links":{"self":[{"href":"https:\/\/analyse.optim.biz\/index.php?rest_route=\/wp\/v2\/posts\/163861","targetHints":{"allow":["GET"]}}],"collection":[{"href":"https:\/\/analyse.optim.biz\/index.php?rest_route=\/wp\/v2\/posts"}],"about":[{"href":"https:\/\/analyse.optim.biz\/index.php?rest_route=\/wp\/v2\/types\/post"}],"author":[{"embeddable":true,"href":"https:\/\/analyse.optim.biz\/index.php?rest_route=\/wp\/v2\/users\/1"}],"replies":[{"embeddable":true,"href":"https:\/\/analyse.optim.biz\/index.php?rest_route=%2Fwp%2Fv2%2Fcomments&post=163861"}],"version-history":[{"count":0,"href":"https:\/\/analyse.optim.biz\/index.php?rest_route=\/wp\/v2\/posts\/163861\/revisions"}],"wp:featuredmedia":[{"embeddable":true,"href":"https:\/\/analyse.optim.biz\/index.php?rest_route=\/wp\/v2\/media\/163862"}],"wp:attachment":[{"href":"https:\/\/analyse.optim.biz\/index.php?rest_route=%2Fwp%2Fv2%2Fmedia&parent=163861"}],"wp:term":[{"taxonomy":"category","embeddable":true,"href":"https:\/\/analyse.optim.biz\/index.php?rest_route=%2Fwp%2Fv2%2Fcategories&post=163861"},{"taxonomy":"post_tag","embeddable":true,"href":"https:\/\/analyse.optim.biz\/index.php?rest_route=%2Fwp%2Fv2%2Ftags&post=163861"}],"curies":[{"name":"wp","href":"https:\/\/api.w.org\/{rel}","templated":true}]}}