{"id":163847,"date":"2016-05-23T19:43:10","date_gmt":"2016-05-23T16:43:10","guid":{"rendered":"https:\/\/analyse.optim.biz\/?p=163847"},"modified":"2016-05-23T19:43:10","modified_gmt":"2016-05-23T16:43:10","slug":"semnale-din-sua-robert-d-kaplan-iohannis-invizibil-la-washington-ciolos-stie-cum-se-fac-anumite-lucruri","status":"publish","type":"post","link":"https:\/\/analyse.optim.biz\/?p=163847","title":{"rendered":"Semnale din SUA. Robert D. Kaplan: Iohannis &#8211; invizibil la Washington, Ciolo\u015f &#8211; \u015ftie cum se fac anumite lucruri"},"content":{"rendered":"<div class=\"entry data-app-meta data-app-meta-article\" data-embed-base-url-canonical=\"https:\/\/www.digi24.ro\/embed\/stiri\/actualitate\/politica\/semnale-din-sua-robert-d-kaplan-iohannis-invizibil-la-washington-ciolos-stie-cum-se-fac-anumite-lucruri-521001\">\n<p data-index=\"1\"><img decoding=\"async\" src=\"https:\/\/analyse.optim.biz\/wp-content\/uploads\/2024\/09\/zgnmm2vjztvkyzzlnjfjmwuwmgy4owe0owm1ngi4ywi-thumb_.jpg\" data-skip-htmlfix=\"1\" title=\"zgnmm2vjztvkyzzlnjfjmwuwmgy4owe0owm1ngi4ywi-thumb_\"><\/p>\n<p data-index=\"2\"><strong>\u201eM\u0103 a\u015ftept ca Putin s\u0103 continue, a\u015fa cum fostul pre\u015fedinte B\u0103sescu mi-a explicat, \u015fi am scris-o \u00een nou\u0103 mea, cartea, s\u0103 foloseasc\u0103 subversiunea, ac\u0163iunile \u00een spatele cortinei, s\u0103 fac\u0103 tot ce poate pentru a slabi guvernele din Europa central\u0103 \u015fi de Est.<\/strong> Pentru c\u0103 din punctul de vedere al lui Putin, are nevoie de o zon\u0103 soft de influen\u0163\u0103 de tip imperial. Faci asta prin sl\u0103birea guvernelor \u00een toate aceste \u0163\u0103ri.<strong> Cred c\u0103 Rom\u00e2nia este mult mai protejat\u0103 de acest lucru dec\u00e2t Bulgaria, Serbia, Polonia, Ungaria, cel pu\u0163in \u00een privin\u0163a rezultatelor. Pentru c\u0103 Rom\u00e2nia are un guvern pro-occidental, un guvern tehnocrat.<\/strong> Dac\u0103 v\u0103 uita\u0163i la cre\u015fterea autoritarismului \u00een Ungaria, alunecarea \u00een na\u0163ionalismul de dreapta \u00een Polonia, la institu\u0163iile statale slabe din Bulgaria \u015fi Serbia, ve\u0163i vedea c\u0103 Rom\u00e2nia se afl\u0103, relativ spus, \u00eentr-o pozi\u0163ie mai puternic\u0103\u201d, explic\u0103 scriitorul \u015fi jurnalistul Robert d. Kaplan, \u00eentr-un interviu acordat Hotnews.<\/p>\n<p data-index=\"3\">Prezent la Bucure\u015fti cu prilejul lans\u0103rii oficiale a c\u0103r\u0163ii sale despre Rom\u00e2nia, <em>\u201e\u00cen umbra Europei\u201d<\/em>, <strong>Kaplan vorbe\u015fte \u015fi despre modul \u00een care elitele de la Washington au perceput primii aproape doi ani de mandat ai pre\u015fedintelui Iohannis<\/strong>. Nu sunt culori vii. \u201e<strong>Cred c\u0103, din nefericire, (pre\u015fedintele Klaus Iohhanis \u2013 n.r.) nu prea e v\u0103zut deloc.<\/strong> Pe de o parte, media din Washington nu e atent\u0103 mai deloc la ce se \u00eent\u00e2mpl\u0103 \u00een lume &#8211; aten\u0163ia ei scade tot mai mult. Din acest punct de vedere, media este un dezastru: acoperirea informa\u0163iilor nu doar despre Romania, ci despre Japonia, Germania etc. este pe duc\u0103. Pe de alt\u0103 parte, dac\u0103 vorbim despre guvernan\u0163ii din Washington, cred c\u0103 ei \u015ftiu c\u0103 Rom\u00e2nia are o situa\u0163ie mai bun\u0103 dec\u00e2t alte guverne din \u0163\u0103rile fostului Pact de la Var\u015fovia. Are un guvern pro-occidental clar. Aici nu au problemele cu care se \u00eent\u00e2lnesc \u00een Polonia, Ungaria sau Bulgaria. <strong>Dar, dincolo de toate acestea, pre\u015fedintele nu a l\u0103sat o impresie solid\u0103, \u00eentr-un fel sau altul. Este \u00eenc\u0103 invizibil<\/strong>\u201d, arat\u0103 Robert D. Kaplan.<\/p>\n<p data-index=\"4\"><strong>Prezent de dou\u0103 ori \u00een Top 100 Global Thinkers, \u00eentocmit de publica\u0163ia Foreign Policy, Kaplan introduce totu\u015fi o nuan\u0163\u0103,<\/strong> legat de situa\u0163ia delicat\u0103 a lui Iohannis: \u201e<strong>Opinia mea este c\u0103 liderii trebuie s\u0103 fie judeca\u0163i \u00een func\u0163ie de echipele lor. Vorbesc despre calitatea oamenilor pe care \u00eei aduci \u00een pozi\u0163ii precum \u015feful administra\u0163iei preziden\u0163iale, consilierul principal pe teme politice sau afaceri externe&#8230; Adesea, c\u00e2nd un lider nu este eficient, motivul \u0163ine de echipa s\u0103 slab\u0103. Cei mai puternici pre\u015fedin\u0163i americani au echipe puternice, au al\u0103turi oameni \u00eentr-adev\u0103r puternici, sinceri, care nu se tem s\u0103 le spun\u0103 adev\u0103rul despre cum merg lucrurile \u015fi care au tot timpul solutii \u00een minte. Nu am urm\u0103rit atent situa\u0163ia, dar a\u015f crede c\u0103, dac\u0103 pre\u015fedintele actual nu proiecteaz\u0103 putere \u015fi personalitate at\u00e2t \u00een \u0163ar\u0103, c\u00e2t \u015fi \u00een capitale precum Washington sau Bruxelles, aceasta e din cauza c\u0103 echipa sa \u00eenc\u0103 nu se ridic\u0103 la nivelul necesar<\/strong>\u201d.<\/p>\n<p data-index=\"5\">\u201eTot ce spun este c\u0103, dac\u0103 <strong>un lider are probleme, acestea sunt cauzate adesea de echipa lui<\/strong>\u201d, repet\u0103 Kaplan.<\/p>\n<h5>Cazurile Mihalache \u015fi Scutaru<\/h5>\n<p data-index=\"6\"><strong>Interviul acordat Hotnews de Robert D. Kaplan a coincis \u015fi cu perioada \u00een care premierul Dacian Ciolo\u015f, despre care cel dint\u00e2i e de p\u0103rere c\u0103 \u201e<\/strong><span><span><span><strong>are experien\u0163a Bruxelles-ului, \u015ftie cum se fac anumite lucruri etc.\u201d, se afl\u0103 la Washington<\/strong>, \u00eenso\u0163it de oficiali guvernamentali cu responsabilit\u0103\u0163i \u00een sfera ap\u0103r\u0103rii, externelor, energiei \u015fi investi\u0163iilor str\u0103ine. <\/span><\/span><\/span><\/p>\n<p data-index=\"7\"><span><span><span>\u00cen capitala SUA, Ciolo\u015f a avut \u00een program \u015fi o \u00eent\u00e2lnire cu vicepre\u015fedintele Joe Biden. <\/span><\/span><\/span><\/p>\n<p data-index=\"8\"><strong><span><span>De re\u0163inut, \u00een context, c\u0103 formarea echipei de consilieri ai pre\u015fedintelui Iohannis a f\u0103cut de la bun \u00eenceput obiectul unor controverse \u015fi pe plan intern. <\/span><\/span><\/strong><\/p>\n<p data-index=\"9\"><span><span><span>Cele mai r\u0103sun\u0103toare episoade i-au avut ca protagoni\u015fti pe <strong>George Scutaru \u015fi Dan Mihalache<\/strong>. <\/span><\/span><\/span><\/p>\n<p data-index=\"10\"><span><span><span>Pe fondul izbucnirii <strong>unui scandal de corup\u0163ie \u00een care \u00een cele din urm\u0103 a fost pus sub urm\u0103rire penal\u0103,<\/strong><strong>Scutaru a demisionat la pu\u0163ine luni dup\u0103 preluarea func\u0163iei de consilier pe probleme de securitate na\u0163ional\u0103<\/strong>. <\/span><\/span><\/span><\/p>\n<p data-index=\"11\"><span><span><span><strong>La r\u00e2ndul s\u0103u, Mihalache a fost aprig contestat pentru pozi\u0163iile ale sale anterioare, ca \u015fi pentru conexiunile avute<\/strong>, inclusiv \u00een zona PSD.<strong> Pre\u015fedintelui Klaus Iohannis i-a fost adresat\u0103 \u015fi o scrisoare deschis\u0103, semnat\u0103 de mai multe figuri publice din societatea civil\u0103, \u00een care i s-a cerut s\u0103 nu \u00eel numeasc\u0103 pe Dan Mihalache \u00een func\u0163ia de \u015fef al Administra\u0163iei Preziden\u0163iale<\/strong>. Iohannis l-a numit, dar luna trecut\u0103 \u015feful statului a anun\u0163at plecarea lui Mihalache \u00een func\u0163ia de ambasador al Rom\u00e2niei la Londra.<\/span><\/span><\/span><\/p>\n<p data-index=\"12\"><span><span><span>Interviul poate fi citit integral <a href=\"http:\/\/www.hotnews.ro\/stiri-esential-21014853-robert-kaplan-intr-interviu-pentru-hotnews-despre-cum-este-perceput-klaus-iohannis-washington-pesedintele-nu-lasat-impresie-solida-intr-fel-sau-altul-este-inca-invizibil.htm\" target=\"_blank\" data-skip-linkfix=\"1\" rel=\"noopener\"><strong>AICI<\/strong><\/a>.<\/span><\/span><\/span><\/p>\n<\/div>\n<p> Source URL: https:\/\/www.digi24.ro\/stiri\/actualitate\/politica\/semnale-din-sua-robert-d-kaplan-iohannis-invizibil-la-washington-ciolos-stie-cum-se-fac-anumite-lucruri-521001<\/p>\n","protected":false},"excerpt":{"rendered":"<p>\u201eM\u0103 a\u015ftept ca Putin s\u0103 continue, a\u015fa cum fostul pre\u015fedinte B\u0103sescu mi-a explicat, \u015fi am scris-o \u00een nou\u0103 mea, cartea, s\u0103 foloseasc\u0103 subversiunea, ac\u0163iunile \u00een spatele cortinei, s\u0103 fac\u0103 tot ce poate pentru a slabi guvernele din Europa central\u0103 \u015fi de Est. Pentru c\u0103 din punctul de vedere al lui Putin, are nevoie de o [&hellip;]<\/p>\n","protected":false},"author":1,"featured_media":163848,"comment_status":"open","ping_status":"","sticky":false,"template":"","format":"standard","meta":{"footnotes":""},"categories":[2],"tags":[11],"class_list":["post-163847","post","type-post","status-publish","format-standard","has-post-thumbnail","hentry","category-politics","tag-digi24"],"_links":{"self":[{"href":"https:\/\/analyse.optim.biz\/index.php?rest_route=\/wp\/v2\/posts\/163847","targetHints":{"allow":["GET"]}}],"collection":[{"href":"https:\/\/analyse.optim.biz\/index.php?rest_route=\/wp\/v2\/posts"}],"about":[{"href":"https:\/\/analyse.optim.biz\/index.php?rest_route=\/wp\/v2\/types\/post"}],"author":[{"embeddable":true,"href":"https:\/\/analyse.optim.biz\/index.php?rest_route=\/wp\/v2\/users\/1"}],"replies":[{"embeddable":true,"href":"https:\/\/analyse.optim.biz\/index.php?rest_route=%2Fwp%2Fv2%2Fcomments&post=163847"}],"version-history":[{"count":0,"href":"https:\/\/analyse.optim.biz\/index.php?rest_route=\/wp\/v2\/posts\/163847\/revisions"}],"wp:featuredmedia":[{"embeddable":true,"href":"https:\/\/analyse.optim.biz\/index.php?rest_route=\/wp\/v2\/media\/163848"}],"wp:attachment":[{"href":"https:\/\/analyse.optim.biz\/index.php?rest_route=%2Fwp%2Fv2%2Fmedia&parent=163847"}],"wp:term":[{"taxonomy":"category","embeddable":true,"href":"https:\/\/analyse.optim.biz\/index.php?rest_route=%2Fwp%2Fv2%2Fcategories&post=163847"},{"taxonomy":"post_tag","embeddable":true,"href":"https:\/\/analyse.optim.biz\/index.php?rest_route=%2Fwp%2Fv2%2Ftags&post=163847"}],"curies":[{"name":"wp","href":"https:\/\/api.w.org\/{rel}","templated":true}]}}