{"id":163844,"date":"2016-05-24T13:39:35","date_gmt":"2016-05-24T10:39:35","guid":{"rendered":"https:\/\/analyse.optim.biz\/?p=163844"},"modified":"2016-05-24T13:39:35","modified_gmt":"2016-05-24T10:39:35","slug":"reactia-lui-victor-ponta-dupa-ce-dna-l-a-pus-sub-urmarire-penala-pe-calin-popescu-tariceanu","status":"publish","type":"post","link":"https:\/\/analyse.optim.biz\/?p=163844","title":{"rendered":"Reac\u021bia lui Victor Ponta dup\u0103 ce DNA l-a pus sub urm\u0103rire penal\u0103 pe C\u0103lin Popescu T\u0103riceanu"},"content":{"rendered":"<div class=\"entry data-app-meta data-app-meta-article\" data-embed-base-url-canonical=\"https:\/\/www.digi24.ro\/embed\/stiri\/actualitate\/politica\/reactia-lui-victor-ponta-dupa-ce-dna-l-a-pus-sub-urmarire-penala-pe-calin-popescu-tariceanu-521316\">\n<p data-index=\"1\"><img decoding=\"async\" src=\"https:\/\/analyse.optim.biz\/wp-content\/uploads\/2024\/09\/mdi1ywjhndu2ztbjnzc3mzi2nmyzytfkntq3za-thumb_.jpg\" data-skip-htmlfix=\"1\" title=\"mdi1ywjhndu2ztbjnzc3mzi2nmyzytfkntq3za-thumb_\"><\/p>\n<p data-index=\"2\">\u201eDeci lista celor de care Dl Iohannis a vrut s\u0103 scape c\u00e2t mai repede ca s\u0103 nu mai conteze propria sa incompeten\u021b\u0103: Victor Ponta, Liviu Dragnea, Gabriel Oprea, Crin Antonescu \u0219i acum C\u0103lin Popescu T\u0103riceanu din politic\u0103 \/ Tiberiu Ni\u021bu, Alina Bica, Horia Georgescu &#8211; din institu\u021bii (George Maior a avut abilitatea s\u0103 plece la timp)! Sau poate \u0219i Dan Condrea?!?! Pe cine mai are Dl Iohannis pe list\u0103 ca s\u0103 \u0219tim cine se preg\u0103te\u0219te de audieri? PS &#8211; \u0219i sigur c\u0103 acum a\u0219tept\u0103m s\u0103 ias\u0103 Dl Iohannis s\u0103 cear\u0103 demisia lui T\u0103riceanu \/ dac\u0103 fura ni\u0219te case cu acte false putea s\u0103 r\u0103m\u00e2n\u0103 \u00een func\u021bie, a\u0219a nici vorb\u0103!\u201d, a scris fostul premier Ponta pe Facebook.<\/p>\n<\/div>\n<p> Source URL: https:\/\/www.digi24.ro\/stiri\/actualitate\/politica\/reactia-lui-victor-ponta-dupa-ce-dna-l-a-pus-sub-urmarire-penala-pe-calin-popescu-tariceanu-521316<\/p>\n","protected":false},"excerpt":{"rendered":"<p>\u201eDeci lista celor de care Dl Iohannis a vrut s\u0103 scape c\u00e2t mai repede ca s\u0103 nu mai conteze propria sa incompeten\u021b\u0103: Victor Ponta, Liviu Dragnea, Gabriel Oprea, Crin Antonescu \u0219i acum C\u0103lin Popescu T\u0103riceanu din politic\u0103 \/ Tiberiu Ni\u021bu, Alina Bica, Horia Georgescu &#8211; din institu\u021bii (George Maior a avut abilitatea s\u0103 plece la [&hellip;]<\/p>\n","protected":false},"author":1,"featured_media":163845,"comment_status":"open","ping_status":"","sticky":false,"template":"","format":"standard","meta":{"footnotes":""},"categories":[2],"tags":[11],"class_list":["post-163844","post","type-post","status-publish","format-standard","has-post-thumbnail","hentry","category-politics","tag-digi24"],"_links":{"self":[{"href":"https:\/\/analyse.optim.biz\/index.php?rest_route=\/wp\/v2\/posts\/163844","targetHints":{"allow":["GET"]}}],"collection":[{"href":"https:\/\/analyse.optim.biz\/index.php?rest_route=\/wp\/v2\/posts"}],"about":[{"href":"https:\/\/analyse.optim.biz\/index.php?rest_route=\/wp\/v2\/types\/post"}],"author":[{"embeddable":true,"href":"https:\/\/analyse.optim.biz\/index.php?rest_route=\/wp\/v2\/users\/1"}],"replies":[{"embeddable":true,"href":"https:\/\/analyse.optim.biz\/index.php?rest_route=%2Fwp%2Fv2%2Fcomments&post=163844"}],"version-history":[{"count":0,"href":"https:\/\/analyse.optim.biz\/index.php?rest_route=\/wp\/v2\/posts\/163844\/revisions"}],"wp:featuredmedia":[{"embeddable":true,"href":"https:\/\/analyse.optim.biz\/index.php?rest_route=\/wp\/v2\/media\/163845"}],"wp:attachment":[{"href":"https:\/\/analyse.optim.biz\/index.php?rest_route=%2Fwp%2Fv2%2Fmedia&parent=163844"}],"wp:term":[{"taxonomy":"category","embeddable":true,"href":"https:\/\/analyse.optim.biz\/index.php?rest_route=%2Fwp%2Fv2%2Fcategories&post=163844"},{"taxonomy":"post_tag","embeddable":true,"href":"https:\/\/analyse.optim.biz\/index.php?rest_route=%2Fwp%2Fv2%2Ftags&post=163844"}],"curies":[{"name":"wp","href":"https:\/\/api.w.org\/{rel}","templated":true}]}}