{"id":163841,"date":"2016-06-06T22:34:51","date_gmt":"2016-06-06T19:34:51","guid":{"rendered":"https:\/\/analyse.optim.biz\/?p=163841"},"modified":"2016-06-06T22:34:51","modified_gmt":"2016-06-06T19:34:51","slug":"dacian-ciolos-vrea-un-program-pentru-dezvoltarea-rosiei-montane-pana-la-sfarsitul-mandatului-sau","status":"publish","type":"post","link":"https:\/\/analyse.optim.biz\/?p=163841","title":{"rendered":"Dacian Ciolo\u0219 vrea un program pentru dezvoltarea Ro\u0219iei Montane p\u00e2n\u0103 la sf\u00e2r\u0219itul mandatului s\u0103u\u00a0"},"content":{"rendered":"<div class=\"entry data-app-meta data-app-meta-article\" data-embed-base-url-canonical=\"https:\/\/www.digi24.ro\/embed\/stiri\/actualitate\/politica\/dacian-ciolos-vrea-un-program-pentru-dezvoltarea-rosiei-montane-pana-la-sfarsitul-mandatului-sau-526280\">\n<p data-index=\"1\"><img decoding=\"async\" src=\"https:\/\/analyse.optim.biz\/wp-content\/uploads\/2024\/09\/mdamagfzad1jnguwzdiwnjblndqymdbmngiyndnknwmwmgrhzwm4nq-thumb_.jpg\" data-skip-htmlfix=\"1\" title=\"mdamagfzad1jnguwzdiwnjblndqymdbmngiyndnknwmwmgrhzwm4nq-thumb_\"><\/p>\n<p data-index=\"2\">\u00a0<em><span>Foto: gov.ro<\/span><\/em><\/p>\n<p data-index=\"3\">Dacian Ciolo\u0219 a declarat c\u0103 a transmis mini\u0219trilor Mediului, Culturii, Economiei \u0219i Agriculturii s\u0103 finalizeze acest proiect p\u00e2n\u0103 la sf\u00e2r\u0219itul mandatului acestui Guvern. <\/p>\n<p data-index=\"4\"><em>\u201e<\/em><span><em>S-au \u00eent\u00e2mplat ni\u0219te lucruri care probabil \u00een urm\u0103 cu ceva vreme p\u0103reau dificile, dar a\u0219 vrea s\u0103 v\u0103 spun c\u0103 pentru credibilitatea noastr\u0103, a tuturor, e important s\u0103 nu ne oprim aici \u0219i la Ro\u0219ia Montan\u0103. Oamenii aceia care locuiesc acolo au nevoie s\u0103 li se demonstreze c\u0103 atunci c\u00e2nd ne g\u00e2ndim la patrimoniu natural, c\u00e2nd ne g\u00e2ndim la patrimoniul arhitectural, c\u00e2nd ne g\u00e2ndim la valoarea istoric\u0103 a acelor locuri ne g\u00e2ndim \u0219i la ei \u0219i la oameni. \u0218i le-am spus membrilor Guvernului care s-au implicat \u00een acest proiect \u2014 \u0219i ministrul Mediului \u0219i ministrul Culturii \u0219i ministrul Economiei \u0219i ministrul Agriculturii \u2014 c\u0103 a\u0219 vrea ca p\u00e2n\u0103 la sf\u00e2r\u0219itul mandatului acestui Guvern s\u0103 vedem \u0219i un program integrat de sprijin pentru o dezvoltare economic\u0103 durabil\u0103 acolo&#8221;<\/em>, a spus Dacian Ciolo\u0219, la Gala Societ\u0103\u021bii Civile, care se desf\u0103\u0219oar\u0103 luni sear\u0103 la Teatrul Na\u021bional Bucure\u0219ti.<\/span><\/p>\n<p data-index=\"5\">Premierul Ciolo\u0219 a precizat totodat\u0103 c\u0103 abordarea de la Ro\u0219ia Montan\u0103 este similar\u0103 cu cea pentru dezvoltarea Deltei Dun\u0103rii.<\/p>\n<p data-index=\"6\"><em>\u201eE aceea\u0219i abordare la Ro\u0219ia Montan\u0103 pe care vreau s\u0103 o avem \u0219i \u00een Delta Dun\u0103rii, unde nu e suficient s\u0103 ne mul\u021bumim cu faptul c\u0103 avem \u00een patrimoniul UNESCO o astfel de valoare natural\u0103, ci trebuie s\u0103 demonstr\u0103m oamenilor care locuiesc acolo c\u0103 pot s\u0103 locuiasc\u0103 \u0219i \u00een armonie cu natura f\u0103r\u0103 s\u0103 le l\u0103s\u0103m impresia c\u0103 din cauza lor se \u00eent\u00e2mpl\u0103 lucruri negative. (&#8230;) Cred c\u0103 \u0219i datorit\u0103 lor acest patrimoniu poate s\u0103 fie p\u0103strat \u0219i atunci e important s\u0103 mergem p\u00e2n\u0103 la cap\u0103t \u0219i v\u0103 invit s\u0103 ne g\u00e2ndim \u00eempreun\u0103 la solu\u021bii, inclusiv de dezvoltare economic\u0103, de dezvoltare economic\u0103 durabil\u0103, pentru c\u0103 avem din ce \u00een ce mai multe idei \u0219i resurse pentru aceasta (&#8230;) \u0219i haide\u021bi s\u0103 demonstr\u0103m c\u0103 reu\u0219im nu doar s\u0103 protej\u0103m, ci \u0219i s\u0103 punem \u00een valoare patrimoniul pe care-l avem<\/em>&#8220;, le-a mai transmis Ciolo\u0219 participan\u021bilor la Gala Societ\u0103\u021bii Civile.<\/p>\n<p data-index=\"7\">Presa local\u0103 din Alba \u00eel d\u0103 c\u00e2\u0219tig\u0103tor pe candidatul PNL Eugen Furdui \u00een func\u021bia de primar ar Ro\u0219iei Montana. De altfel, Eugen Furdui era primarul \u00een func\u021bie al localit\u0103\u021bii.\u00a0<\/p>\n<h5>Ro\u0219ia Montan\u0103, sit istoric<\/h5>\n<p data-index=\"8\">Lucr\u0103rile de exploatare de la Ro\u0219ia Montan\u0103 au fost \u00eenchise de Ministerul Culturii. Orice interven\u0163ie asupra zonei este de acum interzis\u0103, dup\u0103 ce \u00eentreaga localitate a fost trecut\u0103 pe lista monumentelor istorice de categorie A.<\/p>\n<p data-index=\"9\">Ro\u0219ia Montan\u0103 a redevenit sit istoric de clasa A, pe o raz\u0103 de doi kilometri, clasare pe care a mai avut-o \u015fi \u00een 1992.<\/p>\n<p data-index=\"10\"><span>Ro\u015fia Montan\u0103 este unul dintre siturile cele mai bogate \u00een resurse de patrimoniu cultural ale Rom\u00e2niei, cuprinz\u00e2nd 50 monumente istorice clasate. \u00cenc\u0103 din 1991 aceasta a fost pe lista localit\u0103\u0163ilor cu monunente istorice de patrimoniu.<\/span><\/p>\n<\/div>\n<p> Source URL: https:\/\/www.digi24.ro\/stiri\/actualitate\/politica\/dacian-ciolos-vrea-un-program-pentru-dezvoltarea-rosiei-montane-pana-la-sfarsitul-mandatului-sau-526280<\/p>\n","protected":false},"excerpt":{"rendered":"<p>\u00a0Foto: gov.ro Dacian Ciolo\u0219 a declarat c\u0103 a transmis mini\u0219trilor Mediului, Culturii, Economiei \u0219i Agriculturii s\u0103 finalizeze acest proiect p\u00e2n\u0103 la sf\u00e2r\u0219itul mandatului acestui Guvern. \u201eS-au \u00eent\u00e2mplat ni\u0219te lucruri care probabil \u00een urm\u0103 cu ceva vreme p\u0103reau dificile, dar a\u0219 vrea s\u0103 v\u0103 spun c\u0103 pentru credibilitatea noastr\u0103, a tuturor, e important s\u0103 nu ne [&hellip;]<\/p>\n","protected":false},"author":1,"featured_media":163842,"comment_status":"open","ping_status":"","sticky":false,"template":"","format":"standard","meta":{"footnotes":""},"categories":[2],"tags":[11],"class_list":["post-163841","post","type-post","status-publish","format-standard","has-post-thumbnail","hentry","category-politics","tag-digi24"],"_links":{"self":[{"href":"https:\/\/analyse.optim.biz\/index.php?rest_route=\/wp\/v2\/posts\/163841","targetHints":{"allow":["GET"]}}],"collection":[{"href":"https:\/\/analyse.optim.biz\/index.php?rest_route=\/wp\/v2\/posts"}],"about":[{"href":"https:\/\/analyse.optim.biz\/index.php?rest_route=\/wp\/v2\/types\/post"}],"author":[{"embeddable":true,"href":"https:\/\/analyse.optim.biz\/index.php?rest_route=\/wp\/v2\/users\/1"}],"replies":[{"embeddable":true,"href":"https:\/\/analyse.optim.biz\/index.php?rest_route=%2Fwp%2Fv2%2Fcomments&post=163841"}],"version-history":[{"count":0,"href":"https:\/\/analyse.optim.biz\/index.php?rest_route=\/wp\/v2\/posts\/163841\/revisions"}],"wp:featuredmedia":[{"embeddable":true,"href":"https:\/\/analyse.optim.biz\/index.php?rest_route=\/wp\/v2\/media\/163842"}],"wp:attachment":[{"href":"https:\/\/analyse.optim.biz\/index.php?rest_route=%2Fwp%2Fv2%2Fmedia&parent=163841"}],"wp:term":[{"taxonomy":"category","embeddable":true,"href":"https:\/\/analyse.optim.biz\/index.php?rest_route=%2Fwp%2Fv2%2Fcategories&post=163841"},{"taxonomy":"post_tag","embeddable":true,"href":"https:\/\/analyse.optim.biz\/index.php?rest_route=%2Fwp%2Fv2%2Ftags&post=163841"}],"curies":[{"name":"wp","href":"https:\/\/api.w.org\/{rel}","templated":true}]}}