{"id":1638118,"date":"2014-09-10T10:14:25","date_gmt":"2014-09-10T07:14:25","guid":{"rendered":"https:\/\/analyse.optim.biz\/?p=1638118"},"modified":"2014-09-10T10:14:25","modified_gmt":"2014-09-10T07:14:25","slug":"autoturism-furat-in-vama-gasit-in-campulung-suceavalive","status":"publish","type":"post","link":"https:\/\/analyse.optim.biz\/?p=1638118","title":{"rendered":"Autoturism furat \u00een Vama, g\u0103sit \u00een C\u00e2mpulung &#8211; SuceavaLIVE"},"content":{"rendered":"<article id=\"post-45860\" class=\"clearfix post-45860 post type-post status-publish format-standard has-post-thumbnail hentry category-comunicate tag-autoturism tag-furat tag-furt tag-infractiune tag-politisti tag-reparat tag-suceava tag-suceavalive\">\n<header id=\"cb-standard-featured\">\n<div id=\"cb-fis-wrap\" class=\"cb-entry-header cb-fis cb-style-standard\"><span class=\"cb-title-fi\"><\/p>\n<h1 class=\"entry-title cb-entry-title cb-single-title\">Autoturism furat \u00een Vama, g\u0103sit \u00een C\u00e2mpulung<\/h1>\n<div class=\"cb-byline cb-font-header\">\n<div class=\"cb-date cb-byline-element\"><time datetime=\"2014-09-10\">10 septembrie 2014<\/time><\/div>\n<\/div>\n<p><\/span><\/div>\n<div class=\"cb-mask\"><img decoding=\"async\" width=\"600\" height=\"450\" src=\"https:\/\/analyse.optim.biz\/wp-content\/uploads\/2026\/01\/autoturism-fara-numere-1.jpg\" class=\"attachment-cb-full-full size-cb-full-full wp-post-image\" loading=\"lazy\" title=\"autoturism-fara-numere-1\"><\/div>\n<\/header>\n<p>Postul de poli\u021bie Vama a fost sesizat mar\u021bi, 09 septembrie, de o femeie de 52 ani, din municipiul Suceava, despre faptul c\u0103 \u00een noaptea de 08 spre 09 septembrie, persoane necunoscute i-au sustras autoturismul f\u0103r\u0103 numere de \u00eenmatriculare, aflat la reparat \u00een curtea unui b\u0103rbat din comuna Vama.<\/p>\n<section class=\"cb-entry-content entry-content clearfix\">\n<p>Din cercet\u0103ri, poli\u021bi\u0219tii au stabilit faptul c\u0103 \u00een seara zilei de 08 august, \u00een jurul orei 20.30, victima a l\u0103sat la reparat \u00een curtea b\u0103rbatului autoturismul descuiat \u0219i cu cheile \u00een contact, iar \u00een diminea\u0163a zilei de 09 septembrie, c\u00e2nd a revenit pentru a se informa cu privire la piesele necesare repara\u0163iei, a constatat lipsa autoturismului.<\/p>\n<p>\u00cen urma activit\u0103\u021bilor \u00eentreprinse de poli\u021bi\u0219ti, autoturismul a fost identificat abandonat pe o strad\u0103 din municipiul C\u00e2mpulung Moldovenesc.<\/p>\n<p>Cercet\u0103rile continu\u0103 sub aspectul comiterii infrac\u021biunii de furt calificat, \u00een vederea identific\u0103rii autorilor.<\/p>\n<\/section>\n<footer class=\"article-footer\">\n<p class=\"cb-tags\"><a href=\"https:\/\/suceavalive.ro\/tag\/autoturism\/\" rel=\"tag\">autoturism<\/a><a href=\"https:\/\/suceavalive.ro\/tag\/furat\/\" rel=\"tag\">furat<\/a><a href=\"https:\/\/suceavalive.ro\/tag\/furt\/\" rel=\"tag\">furt<\/a><a href=\"https:\/\/suceavalive.ro\/tag\/infractiune\/\" rel=\"tag\">infractiune<\/a><a href=\"https:\/\/suceavalive.ro\/tag\/politisti\/\" rel=\"tag\">politisti<\/a><a href=\"https:\/\/suceavalive.ro\/tag\/reparat\/\" rel=\"tag\">reparat<\/a><a href=\"https:\/\/suceavalive.ro\/tag\/suceava\/\" rel=\"tag\">Suceava<\/a><a href=\"https:\/\/suceavalive.ro\/tag\/suceavalive\/\" rel=\"tag\">suceavalive<\/a><\/p>\n<div class=\"cb-social-sharing cb-post-footer-block cb-beside clearfix\">\n<div class=\"cb-title-subtle\">Share On:<\/div>\n<div class=\"cb-twitter\"><a href=\"https:\/\/twitter.com\/share\" class=\"twitter-share-button\" data-dnt=\"true\" data-count=\"horizontal\">Tweet<\/a><\/div>\n<\/div>\n<div id=\"cb-previous-next-links\" class=\"cb-post-footer-block clearfix\">\n<div id=\"cb-previous-link\"><a href=\"https:\/\/suceavalive.ro\/pieton-accidentat-circumstante-necunoscute\/\" rel=\"prev\">Pieton accidentat \u00een circumstan\u021be necunoscute<\/a><\/div>\n<div id=\"cb-next-link\"><a href=\"https:\/\/suceavalive.ro\/film-romanesc-la-usv\/\" rel=\"next\">Film rom\u00e2nesc la USV<\/a><\/div>\n<\/div>\n<div id=\"cb-author-box\" class=\"clearfix\">\n<h3 class=\"cb-block-title\">Despre autor<\/h3>\n<div class=\"cb-mask\"><a href=\"https:\/\/suceavalive.ro\/author\/luiza-loghin\/\"><img decoding=\"async\" src=\"https:\/\/analyse.optim.biz\/wp-content\/uploads\/2026\/01\/21ec5a38ee016d23a9c9d50ce3b4e9e7ef5b09765e70997405f8f9e4b1856ee7-25.jpg\" class=\"avatar avatar-120 photo\" height=\"120\" width=\"120\" loading=\"lazy\" title=\"21ec5a38ee016d23a9c9d50ce3b4e9e7ef5b09765e70997405f8f9e4b1856ee7-25\"><\/a><\/div>\n<div class=\"cb-meta\">\n<div class=\"cb-info\">\n<div class=\"cb-author-title vcard\"><a href=\"https:\/\/suceavalive.ro\/author\/luiza-loghin\/\"><span class=\"fn\">Luiza Loghin<\/span><\/a><\/div>\n<\/div>\n<\/div>\n<\/div>\n<div id=\"cb-related-posts\" class=\"cb-related-posts-block cb-post-end-block clearfix\">\n<h3 class=\"cb-block-title\">Postari asemanatoare<\/h3>\n<ul>\n<li class=\"cb-style-overlay cb-grid-entry cb-related-post no-1\">\n<div class=\"cb-mask\"><a href=\"https:\/\/suceavalive.ro\/calendarul-zilei-de-30-ianuarie\/\"><img decoding=\"async\" width=\"360\" height=\"240\" src=\"https:\/\/analyse.optim.biz\/wp-content\/uploads\/2026\/01\/grigore-gafencu_0-360x240-39.jpg\" class=\"attachment-cb-360-240 size-cb-360-240 wp-post-image\" loading=\"lazy\" title=\"grigore-gafencu_0-360x240-39\"><\/a><\/div>\n<div class=\"cb-meta cb-article-meta\">\n<h4 class=\"h3 cb-post-title\"><a href=\"https:\/\/suceavalive.ro\/calendarul-zilei-de-30-ianuarie\/\">Calendarul zilei de 30 ianuarie<\/a><\/h4>\n<div class=\"cb-byline cb-font-header\">\n<div class=\"cb-date cb-byline-element\"><time datetime=\"2026-01-30\">30 ianuarie 2026<\/time><\/div>\n<\/div>\n<\/div>\n<\/li>\n<li class=\"cb-style-overlay cb-grid-entry cb-related-post no-2\">\n<div class=\"cb-mask\"><a href=\"https:\/\/suceavalive.ro\/calendarul-zilei-de-28-ianuarie\/\"><img decoding=\"async\" width=\"360\" height=\"240\" src=\"https:\/\/analyse.optim.biz\/wp-content\/uploads\/2026\/01\/bibescu-360x240-71.jpg\" class=\"attachment-cb-360-240 size-cb-360-240 wp-post-image\" loading=\"lazy\" title=\"bibescu-360x240-71\"><\/a><\/div>\n<div class=\"cb-meta cb-article-meta\">\n<h4 class=\"h3 cb-post-title\"><a href=\"https:\/\/suceavalive.ro\/calendarul-zilei-de-28-ianuarie\/\">Calendarul zilei de 28 ianuarie<\/a><\/h4>\n<div class=\"cb-byline cb-font-header\">\n<div class=\"cb-date cb-byline-element\"><time datetime=\"2026-01-28\">28 ianuarie 2026<\/time><\/div>\n<\/div>\n<\/div>\n<\/li>\n<\/ul>\n<\/div>\n<\/footer>\n<div id=\"respond\" class=\"comment-respond\">\n<h3 id=\"reply-title\" class=\"comment-reply-title\">Lasa un raspuns <small><a rel=\"nofollow\" id=\"cancel-comment-reply-link\" href=\"https:\/\/suceavalive.ro\/autoturism-furat-vama-gasit-campulung\/#respond\">Anuleaza raspunsul<\/a><\/small><\/h3>\n<p class=\"comment-notes\">Adresa ta de email nu va fi publicat\u0103.<\/p>\n<\/div>\n<\/article>\n<section class=\"cb-entry-content entry-content clearfix\">\n<p>Din cercet\u0103ri, poli\u021bi\u0219tii au stabilit faptul c\u0103 \u00een seara zilei de 08 august, \u00een jurul orei 20.30, victima a l\u0103sat la reparat \u00een curtea b\u0103rbatului autoturismul descuiat \u0219i cu cheile \u00een contact, iar \u00een diminea\u0163a zilei de 09 septembrie, c\u00e2nd a revenit pentru a se informa cu privire la piesele necesare repara\u0163iei, a constatat lipsa autoturismului.<\/p>\n<p>\u00cen urma activit\u0103\u021bilor \u00eentreprinse de poli\u021bi\u0219ti, autoturismul a fost identificat abandonat pe o strad\u0103 din municipiul C\u00e2mpulung Moldovenesc.<\/p>\n<p>Cercet\u0103rile continu\u0103 sub aspectul comiterii infrac\u021biunii de furt calificat, \u00een vederea identific\u0103rii autorilor.<\/p>\n<\/section>\n<section class=\"cb-entry-content entry-content clearfix\">\n<p>Din cercet\u0103ri, poli\u021bi\u0219tii au stabilit faptul c\u0103 \u00een seara zilei de 08 august, \u00een jurul orei 20.30, victima a l\u0103sat la reparat \u00een curtea b\u0103rbatului autoturismul descuiat \u0219i cu cheile \u00een contact, iar \u00een diminea\u0163a zilei de 09 septembrie, c\u00e2nd a revenit pentru a se informa cu privire la piesele necesare repara\u0163iei, a constatat lipsa autoturismului.<\/p>\n<p>\u00cen urma activit\u0103\u021bilor \u00eentreprinse de poli\u021bi\u0219ti, autoturismul a fost identificat abandonat pe o strad\u0103 din municipiul C\u00e2mpulung Moldovenesc.<\/p>\n<p>Cercet\u0103rile continu\u0103 sub aspectul comiterii infrac\u021biunii de furt calificat, \u00een vederea identific\u0103rii autorilor.<\/p>\n<\/section>\n<p> Source URL: https:\/\/suceavalive.ro\/autoturism-furat-vama-gasit-campulung\/<\/p>\n","protected":false},"excerpt":{"rendered":"<p>Autoturism furat \u00een Vama, g\u0103sit \u00een C\u00e2mpulung 10 septembrie 2014 Postul de poli\u021bie Vama a fost sesizat mar\u021bi, 09 septembrie, de o femeie de 52 ani, din municipiul Suceava, despre faptul c\u0103 \u00een noaptea de 08 spre 09 septembrie, persoane necunoscute i-au sustras autoturismul f\u0103r\u0103 numere de \u00eenmatriculare, aflat la reparat \u00een curtea unui b\u0103rbat [&hellip;]<\/p>\n","protected":false},"author":1,"featured_media":1638126,"comment_status":"open","ping_status":"","sticky":false,"template":"","format":"standard","meta":{"footnotes":""},"categories":[89],"tags":[173],"class_list":["post-1638118","post","type-post","status-publish","format-standard","has-post-thumbnail","hentry","category-romania","tag-suceavalive-ro"],"_links":{"self":[{"href":"https:\/\/analyse.optim.biz\/index.php?rest_route=\/wp\/v2\/posts\/1638118","targetHints":{"allow":["GET"]}}],"collection":[{"href":"https:\/\/analyse.optim.biz\/index.php?rest_route=\/wp\/v2\/posts"}],"about":[{"href":"https:\/\/analyse.optim.biz\/index.php?rest_route=\/wp\/v2\/types\/post"}],"author":[{"embeddable":true,"href":"https:\/\/analyse.optim.biz\/index.php?rest_route=\/wp\/v2\/users\/1"}],"replies":[{"embeddable":true,"href":"https:\/\/analyse.optim.biz\/index.php?rest_route=%2Fwp%2Fv2%2Fcomments&post=1638118"}],"version-history":[{"count":0,"href":"https:\/\/analyse.optim.biz\/index.php?rest_route=\/wp\/v2\/posts\/1638118\/revisions"}],"wp:featuredmedia":[{"embeddable":true,"href":"https:\/\/analyse.optim.biz\/index.php?rest_route=\/wp\/v2\/media\/1638126"}],"wp:attachment":[{"href":"https:\/\/analyse.optim.biz\/index.php?rest_route=%2Fwp%2Fv2%2Fmedia&parent=1638118"}],"wp:term":[{"taxonomy":"category","embeddable":true,"href":"https:\/\/analyse.optim.biz\/index.php?rest_route=%2Fwp%2Fv2%2Fcategories&post=1638118"},{"taxonomy":"post_tag","embeddable":true,"href":"https:\/\/analyse.optim.biz\/index.php?rest_route=%2Fwp%2Fv2%2Ftags&post=1638118"}],"curies":[{"name":"wp","href":"https:\/\/api.w.org\/{rel}","templated":true}]}}