{"id":1638043,"date":"2019-03-14T07:53:10","date_gmt":"2019-03-14T04:53:10","guid":{"rendered":"https:\/\/analyse.optim.biz\/?p=1638043"},"modified":"2019-03-14T07:53:10","modified_gmt":"2019-03-14T04:53:10","slug":"un-alt-sucevean-a-ajuns-dupa-gratii-pentru-ca-a-condus-beat-si-a-fugit-de-la-locul-accidentului-pe-care-l-a","status":"publish","type":"post","link":"https:\/\/analyse.optim.biz\/?p=1638043","title":{"rendered":"Un alt sucevean a ajuns dup\u0103 gratii pentru c\u0103 a condus beat \u0219i a fugit de la locul accidentului pe care l-a"},"content":{"rendered":"<article id=\"post-124622\" class=\"clearfix post-124622 post type-post status-publish format-standard has-post-thumbnail hentry category-comunicate\">\n<header id=\"cb-standard-featured\">\n<div class=\"cb-mask\"><img decoding=\"async\" width=\"600\" height=\"400\" src=\"https:\/\/analyse.optim.biz\/wp-content\/uploads\/2026\/01\/arestat-1-600x400-8.jpg\" class=\"cb-fi-standard wp-post-image\" loading=\"lazy\" title=\"arestat-1-600x400-8\"><\/div>\n<div id=\"cb-fis-wrap\" class=\"cb-entry-header cb-fis cb-style-standard\"><span class=\"cb-title-fi\"><\/p>\n<h1 class=\"entry-title cb-entry-title cb-single-title\">Un alt sucevean a ajuns dup\u0103 gratii pentru c\u0103 a condus beat \u0219i a fugit de la locul accidentului pe care l-a produs<\/h1>\n<div class=\"cb-byline cb-font-header\">\n<div class=\"cb-date cb-byline-element\"><time datetime=\"2019-03-14\">14 martie 2019<\/time><\/div>\n<\/div>\n<p><\/span><\/div>\n<\/header>\n<section class=\"cb-entry-content entry-content clearfix\">\n<p><b><i>De la lansarea Programului de prevenire a accidentelor rutiere, aproape zilnic \u0219oferi care s\u0103v\u00e2r\u0219esc infrac\u021biuni la regimul rutier ajung \u00een arestul IPJ Suceava. <\/i><\/b><\/p>\n<p><b><i>Poli\u021bi\u0219tii reamintesc c\u0103 scopul programului nu este privarea \u0219oferilor de dreptul la libertate ci cre\u0219terea gradului de siguran\u021b\u0103 rutier\u0103 \u0219i con\u0219tientizarea importan\u021bei respect\u0103rii legii. <\/i><\/b><\/p>\n<p><b><i>Din p\u0103cate, realitatea \u00een ceea ce prive\u0219te dinamica situa\u021biei operative din ultimii ani a ar\u0103tat c\u0103 legea trebuie aplicat\u0103 cu fermitate, lucru pe care poli\u0219i\u0219tii nu vor ezita s\u0103 \u00eel fac\u0103. Poli\u021bi\u0219tii suceveni atrag \u00eenc\u0103 o dat\u0103 aten\u021bia cu privire la faptul c\u0103 vor dispune re\u021binerea \u0219i \u00eencarcerarea celor care s\u0103v\u00e2r\u0219esc fapte penale la regimul rutier, \u00een func\u021bie de gravitatea faptelor, consecin\u021bele produse \u0219i materialul probator administrat. <\/i><\/b><\/p>\n<p><b><i>\u0218i \u00een cursul zilei de ieri, poli\u021bi\u0219tii suceveni au dispus re\u021binerea unui alt \u0219ofer care, fiind b\u0103ut a produs un accident rutier \u0219i a fugit de la fa\u021ba locului.. <\/i><\/b><\/p>\n<p><span>Astfel, miercuri, 13 martie, \u00een jurul orelor 15.50, un b\u0103rbat de 57 ani, din ora\u015f Salcea, a condus autoturismul pe str. Calea Burdujeni c\u0103tre ora\u015f Salcea, iar la trecerea pentru pietoni din dreptul intersec\u0163iei cu str. P\u0103cii nu a acordat prioritate de trecere unui b\u0103rbat de 63 ani, din mun. Suceava, angajat regulamentar \u00een traversarea str\u0103zii prin loc semnalizat \u015fi marcat, acro\u0219\u00e2ndu-l \u015fi accident\u00e2ndu-l u\u0219or.<\/span><\/p>\n<p>\u00cen urma evenimentului rutier a rezultat v\u0103t\u0103marea corporal\u0103 a pietonului, care a fost transportat cu \u00a0ambulan\u0163a la Spitalul Jude\u0163ean Suceava. Conduc\u0103torul auto a plecat de la fa\u021ba locului, fiind identificat ulterior pe raza ora\u0219ului Salcea.<\/p>\n<p><span>Conduc\u0103torul auto a fost testat cu aparatul etilotest, rezultatul fiind de 0,74 mg\/l alcool pur \u00een aerul expirat \u0219i i s-au prelevat mostre de s\u00e2nge \u00een vederea stabilirii cu exactitate a alcoolemiei.<\/span><\/p>\n<p><span>Victima a fost de asemenea testat\u0103 cu aparatul etilotest, rezultatul fiind de 0,82 mg\/l alcool pur \u00een aerul expirat.<\/span><\/p>\n<p><span>S-a \u00eentocmit dosar penal sub aspectul s\u0103v\u00e2r\u015firii infrac\u0163iunilor de \u201ev\u0103t\u0103mare corporal\u0103 din culp\u0103\u201d, \u201ep\u0103r\u0103sirea locului accidentului\u201d \u015fi \u201econducerea unui vehicul sub influen\u0163a alcoolului\u201d.<\/span><\/p>\n<p><span>Ulterior, \u00een urma probatoriului administrat, s-a dispus re\u021binerea \u0219oferului de 57 ani pentru o perioad\u0103 de 24 ore.<\/span><\/p>\n<p><span>Cel \u00een cauz\u0103 a fost introdus \u00een Centrul de Re\u021binere \u0219i Arest Preventiv din cadrul I.P.J. Suceava.<\/span><\/p>\n<p><i><span>Conform <\/span><\/i><b><i>art. 336 din Codul Penal <\/i><\/b><i><span>conducerea pe drumurile publice a unui vehicul pentru care legea prevede obligativitatea de\u0163inerii permisului de conducere de c\u0103tre o persoan\u0103 care, la momentul prelev\u0103rii mostrelor biologice, are o \u00eembiba\u0163ie alcoolic\u0103 de peste 0,80 g\/l alcool pur \u00een s\u00e2nge se pedepse\u015fte cu \u00eenchisoare de la unu la 5 ani sau cu amend\u0103.<\/span><\/i><\/p>\n<p>\u00a0<\/p>\n<\/section>\n<footer class=\"article-footer\">\n<div class=\"cb-social-sharing cb-post-footer-block cb-beside clearfix\">\n<div class=\"cb-title-subtle\">Share On:<\/div>\n<div class=\"cb-twitter\"><a href=\"https:\/\/twitter.com\/share\" class=\"twitter-share-button\" data-dnt=\"true\" data-count=\"horizontal\">Tweet<\/a><\/div>\n<\/div>\n<div id=\"cb-previous-next-links\" class=\"cb-post-footer-block clearfix\">\n<div id=\"cb-previous-link\"><a href=\"https:\/\/suceavalive.ro\/se-pun-bazele-unui-parteneriat-stabil-intre-judetul-suceava-si-landul-steiermark-din-austria\/\" rel=\"prev\">Se pun bazele unui parteneriat stabil \u00eentre jude\u021bul Suceava \u0219i landul Steiermark din Austria<\/a><\/div>\n<div id=\"cb-next-link\"><a href=\"https:\/\/suceavalive.ro\/scurgere-radioactiva-la-mai-putin-de-130-de-kilometri-de-iasi\/\" rel=\"next\">Scurgere radioactiv\u0103 la mai pu\u0163in de 130 de kilometri de Ia\u0219i<\/a><\/div>\n<\/div>\n<div id=\"cb-author-box\" class=\"clearfix\">\n<h3 class=\"cb-block-title\">Despre autor<\/h3>\n<div class=\"cb-mask\"><a href=\"https:\/\/suceavalive.ro\/author\/suceavalive\/\"><img decoding=\"async\" src=\"https:\/\/analyse.optim.biz\/wp-content\/uploads\/2026\/01\/d542cd85af72d7d3afad0d26982263c9a64170e87d978956298bfb0122b00b8c-1154.jpg\" class=\"avatar avatar-120 photo\" height=\"120\" width=\"120\" loading=\"lazy\" title=\"d542cd85af72d7d3afad0d26982263c9a64170e87d978956298bfb0122b00b8c-1154\"><\/a><\/div>\n<div class=\"cb-meta\">\n<div class=\"cb-info\">\n<div class=\"cb-author-title vcard\"><a href=\"https:\/\/suceavalive.ro\/author\/suceavalive\/\"><span class=\"fn\">SuceavaLive<\/span><\/a><\/div>\n<\/div>\n<\/div>\n<\/div>\n<div id=\"cb-related-posts\" class=\"cb-related-posts-block cb-post-end-block clearfix\">\n<h3 class=\"cb-block-title\">Postari asemanatoare<\/h3>\n<ul>\n<li class=\"cb-style-overlay cb-grid-entry cb-related-post no-1\">\n<div class=\"cb-mask\"><a href=\"https:\/\/suceavalive.ro\/tanar-de-23-de-ani-depistat-la-volan-cu-permisul-suspendat\/\"><img decoding=\"async\" width=\"360\" height=\"240\" src=\"https:\/\/analyse.optim.biz\/wp-content\/uploads\/2026\/01\/politie-blocada15-10-360x240-1-20.jpeg\" class=\"attachment-cb-360-240 size-cb-360-240 wp-post-image\" loading=\"lazy\" title=\"politie-blocada15-10-360x240-1-20\"><\/a><\/div>\n<div class=\"cb-meta cb-article-meta\">\n<h4 class=\"h3 cb-post-title\"><a href=\"https:\/\/suceavalive.ro\/tanar-de-23-de-ani-depistat-la-volan-cu-permisul-suspendat\/\">T\u00e2n\u0103r de 23 de ani depistat la volan cu permisul suspendat<\/a><\/h4>\n<div class=\"cb-byline cb-font-header\">\n<div class=\"cb-date cb-byline-element\"><time datetime=\"2026-01-31\">31 ianuarie 2026<\/time><\/div>\n<\/div>\n<\/div>\n<\/li>\n<li class=\"cb-style-overlay cb-grid-entry cb-related-post no-2\">\n<div class=\"cb-mask\"><a href=\"https:\/\/suceavalive.ro\/accident-rutier-la-gramesti-sofer-baut-coliziune-la-intrarea-in-localitate-si-dosar-penal\/\"><img decoding=\"async\" width=\"360\" height=\"240\" src=\"https:\/\/analyse.optim.biz\/wp-content\/uploads\/2026\/01\/alcool-la-volan-e1617107190832-360x240-23.jpg\" class=\"attachment-cb-360-240 size-cb-360-240 wp-post-image\" loading=\"lazy\" title=\"alcool-la-volan-e1617107190832-360x240-23\"><\/a><\/div>\n<div class=\"cb-meta cb-article-meta\">\n<h4 class=\"h3 cb-post-title\"><a href=\"https:\/\/suceavalive.ro\/accident-rutier-la-gramesti-sofer-baut-coliziune-la-intrarea-in-localitate-si-dosar-penal\/\">Accident rutier la Gr\u0103me\u0219ti: \u0219ofer b\u0103ut, coliziune la intrarea \u00een localitate \u0219i dosar penal<\/a><\/h4>\n<div class=\"cb-byline cb-font-header\">\n<div class=\"cb-date cb-byline-element\"><time datetime=\"2026-01-31\">31 ianuarie 2026<\/time><\/div>\n<\/div>\n<\/div>\n<\/li>\n<\/ul>\n<\/div>\n<\/footer>\n<div id=\"respond\" class=\"comment-respond\">\n<h3 id=\"reply-title\" class=\"comment-reply-title\">Lasa un raspuns <small><a rel=\"nofollow\" id=\"cancel-comment-reply-link\" href=\"https:\/\/suceavalive.ro\/un-alt-sucevean-a-ajuns-dupa-gratii-pentru-ca-a-condus-beat-si-a-fugit-de-la-locul-accidentului-pe-care-l-a-produs\/#respond\">Anuleaza raspunsul<\/a><\/small><\/h3>\n<p class=\"comment-notes\">Adresa ta de email nu va fi publicat\u0103.<\/p>\n<\/div>\n<\/article>\n<section class=\"cb-entry-content entry-content clearfix\">\n<p><b><i>De la lansarea Programului de prevenire a accidentelor rutiere, aproape zilnic \u0219oferi care s\u0103v\u00e2r\u0219esc infrac\u021biuni la regimul rutier ajung \u00een arestul IPJ Suceava. <\/i><\/b><\/p>\n<p><b><i>Poli\u021bi\u0219tii reamintesc c\u0103 scopul programului nu este privarea \u0219oferilor de dreptul la libertate ci cre\u0219terea gradului de siguran\u021b\u0103 rutier\u0103 \u0219i con\u0219tientizarea importan\u021bei respect\u0103rii legii. <\/i><\/b><\/p>\n<p><b><i>Din p\u0103cate, realitatea \u00een ceea ce prive\u0219te dinamica situa\u021biei operative din ultimii ani a ar\u0103tat c\u0103 legea trebuie aplicat\u0103 cu fermitate, lucru pe care poli\u0219i\u0219tii nu vor ezita s\u0103 \u00eel fac\u0103. Poli\u021bi\u0219tii suceveni atrag \u00eenc\u0103 o dat\u0103 aten\u021bia cu privire la faptul c\u0103 vor dispune re\u021binerea \u0219i \u00eencarcerarea celor care s\u0103v\u00e2r\u0219esc fapte penale la regimul rutier, \u00een func\u021bie de gravitatea faptelor, consecin\u021bele produse \u0219i materialul probator administrat. <\/i><\/b><\/p>\n<p><b><i>\u0218i \u00een cursul zilei de ieri, poli\u021bi\u0219tii suceveni au dispus re\u021binerea unui alt \u0219ofer care, fiind b\u0103ut a produs un accident rutier \u0219i a fugit de la fa\u021ba locului.. <\/i><\/b><\/p>\n<p><span>Astfel, miercuri, 13 martie, \u00een jurul orelor 15.50, un b\u0103rbat de 57 ani, din ora\u015f Salcea, a condus autoturismul pe str. Calea Burdujeni c\u0103tre ora\u015f Salcea, iar la trecerea pentru pietoni din dreptul intersec\u0163iei cu str. P\u0103cii nu a acordat prioritate de trecere unui b\u0103rbat de 63 ani, din mun. Suceava, angajat regulamentar \u00een traversarea str\u0103zii prin loc semnalizat \u015fi marcat, acro\u0219\u00e2ndu-l \u015fi accident\u00e2ndu-l u\u0219or.<\/span><\/p>\n<p>\u00cen urma evenimentului rutier a rezultat v\u0103t\u0103marea corporal\u0103 a pietonului, care a fost transportat cu \u00a0ambulan\u0163a la Spitalul Jude\u0163ean Suceava. Conduc\u0103torul auto a plecat de la fa\u021ba locului, fiind identificat ulterior pe raza ora\u0219ului Salcea.<\/p>\n<p><span>Conduc\u0103torul auto a fost testat cu aparatul etilotest, rezultatul fiind de 0,74 mg\/l alcool pur \u00een aerul expirat \u0219i i s-au prelevat mostre de s\u00e2nge \u00een vederea stabilirii cu exactitate a alcoolemiei.<\/span><\/p>\n<p><span>Victima a fost de asemenea testat\u0103 cu aparatul etilotest, rezultatul fiind de 0,82 mg\/l alcool pur \u00een aerul expirat.<\/span><\/p>\n<p><span>S-a \u00eentocmit dosar penal sub aspectul s\u0103v\u00e2r\u015firii infrac\u0163iunilor de \u201ev\u0103t\u0103mare corporal\u0103 din culp\u0103\u201d, \u201ep\u0103r\u0103sirea locului accidentului\u201d \u015fi \u201econducerea unui vehicul sub influen\u0163a alcoolului\u201d.<\/span><\/p>\n<p><span>Ulterior, \u00een urma probatoriului administrat, s-a dispus re\u021binerea \u0219oferului de 57 ani pentru o perioad\u0103 de 24 ore.<\/span><\/p>\n<p><span>Cel \u00een cauz\u0103 a fost introdus \u00een Centrul de Re\u021binere \u0219i Arest Preventiv din cadrul I.P.J. Suceava.<\/span><\/p>\n<p><i><span>Conform <\/span><\/i><b><i>art. 336 din Codul Penal <\/i><\/b><i><span>conducerea pe drumurile publice a unui vehicul pentru care legea prevede obligativitatea de\u0163inerii permisului de conducere de c\u0103tre o persoan\u0103 care, la momentul prelev\u0103rii mostrelor biologice, are o \u00eembiba\u0163ie alcoolic\u0103 de peste 0,80 g\/l alcool pur \u00een s\u00e2nge se pedepse\u015fte cu \u00eenchisoare de la unu la 5 ani sau cu amend\u0103.<\/span><\/i><\/p>\n<p>\u00a0<\/p>\n<\/section>\n<section class=\"cb-entry-content entry-content clearfix\">\n<p><b><i>De la lansarea Programului de prevenire a accidentelor rutiere, aproape zilnic \u0219oferi care s\u0103v\u00e2r\u0219esc infrac\u021biuni la regimul rutier ajung \u00een arestul IPJ Suceava. <\/i><\/b><\/p>\n<p><b><i>Poli\u021bi\u0219tii reamintesc c\u0103 scopul programului nu este privarea \u0219oferilor de dreptul la libertate ci cre\u0219terea gradului de siguran\u021b\u0103 rutier\u0103 \u0219i con\u0219tientizarea importan\u021bei respect\u0103rii legii. <\/i><\/b><\/p>\n<p><b><i>Din p\u0103cate, realitatea \u00een ceea ce prive\u0219te dinamica situa\u021biei operative din ultimii ani a ar\u0103tat c\u0103 legea trebuie aplicat\u0103 cu fermitate, lucru pe care poli\u0219i\u0219tii nu vor ezita s\u0103 \u00eel fac\u0103. Poli\u021bi\u0219tii suceveni atrag \u00eenc\u0103 o dat\u0103 aten\u021bia cu privire la faptul c\u0103 vor dispune re\u021binerea \u0219i \u00eencarcerarea celor care s\u0103v\u00e2r\u0219esc fapte penale la regimul rutier, \u00een func\u021bie de gravitatea faptelor, consecin\u021bele produse \u0219i materialul probator administrat. <\/i><\/b><\/p>\n<p><b><i>\u0218i \u00een cursul zilei de ieri, poli\u021bi\u0219tii suceveni au dispus re\u021binerea unui alt \u0219ofer care, fiind b\u0103ut a produs un accident rutier \u0219i a fugit de la fa\u021ba locului.. <\/i><\/b><\/p>\n<p><span>Astfel, miercuri, 13 martie, \u00een jurul orelor 15.50, un b\u0103rbat de 57 ani, din ora\u015f Salcea, a condus autoturismul pe str. Calea Burdujeni c\u0103tre ora\u015f Salcea, iar la trecerea pentru pietoni din dreptul intersec\u0163iei cu str. P\u0103cii nu a acordat prioritate de trecere unui b\u0103rbat de 63 ani, din mun. Suceava, angajat regulamentar \u00een traversarea str\u0103zii prin loc semnalizat \u015fi marcat, acro\u0219\u00e2ndu-l \u015fi accident\u00e2ndu-l u\u0219or.<\/span><\/p>\n<p>\u00cen urma evenimentului rutier a rezultat v\u0103t\u0103marea corporal\u0103 a pietonului, care a fost transportat cu \u00a0ambulan\u0163a la Spitalul Jude\u0163ean Suceava. Conduc\u0103torul auto a plecat de la fa\u021ba locului, fiind identificat ulterior pe raza ora\u0219ului Salcea.<\/p>\n<p><span>Conduc\u0103torul auto a fost testat cu aparatul etilotest, rezultatul fiind de 0,74 mg\/l alcool pur \u00een aerul expirat \u0219i i s-au prelevat mostre de s\u00e2nge \u00een vederea stabilirii cu exactitate a alcoolemiei.<\/span><\/p>\n<p><span>Victima a fost de asemenea testat\u0103 cu aparatul etilotest, rezultatul fiind de 0,82 mg\/l alcool pur \u00een aerul expirat.<\/span><\/p>\n<p><span>S-a \u00eentocmit dosar penal sub aspectul s\u0103v\u00e2r\u015firii infrac\u0163iunilor de \u201ev\u0103t\u0103mare corporal\u0103 din culp\u0103\u201d, \u201ep\u0103r\u0103sirea locului accidentului\u201d \u015fi \u201econducerea unui vehicul sub influen\u0163a alcoolului\u201d.<\/span><\/p>\n<p><span>Ulterior, \u00een urma probatoriului administrat, s-a dispus re\u021binerea \u0219oferului de 57 ani pentru o perioad\u0103 de 24 ore.<\/span><\/p>\n<p><span>Cel \u00een cauz\u0103 a fost introdus \u00een Centrul de Re\u021binere \u0219i Arest Preventiv din cadrul I.P.J. Suceava.<\/span><\/p>\n<p><i><span>Conform <\/span><\/i><b><i>art. 336 din Codul Penal <\/i><\/b><i><span>conducerea pe drumurile publice a unui vehicul pentru care legea prevede obligativitatea de\u0163inerii permisului de conducere de c\u0103tre o persoan\u0103 care, la momentul prelev\u0103rii mostrelor biologice, are o \u00eembiba\u0163ie alcoolic\u0103 de peste 0,80 g\/l alcool pur \u00een s\u00e2nge se pedepse\u015fte cu \u00eenchisoare de la unu la 5 ani sau cu amend\u0103.<\/span><\/i><\/p>\n<p>\u00a0<\/p>\n<\/section>\n<p> Source URL: https:\/\/suceavalive.ro\/un-alt-sucevean-a-ajuns-dupa-gratii-pentru-ca-a-condus-beat-si-a-fugit-de-la-locul-accidentului-pe-care-l-a-produs\/<\/p>\n","protected":false},"excerpt":{"rendered":"<p>Un alt sucevean a ajuns dup\u0103 gratii pentru c\u0103 a condus beat \u0219i a fugit de la locul accidentului pe care l-a produs 14 martie 2019 De la lansarea Programului de prevenire a accidentelor rutiere, aproape zilnic \u0219oferi care s\u0103v\u00e2r\u0219esc infrac\u021biuni la regimul rutier ajung \u00een arestul IPJ Suceava. Poli\u021bi\u0219tii reamintesc c\u0103 scopul programului nu [&hellip;]<\/p>\n","protected":false},"author":1,"featured_media":1638045,"comment_status":"open","ping_status":"","sticky":false,"template":"","format":"standard","meta":{"footnotes":""},"categories":[89],"tags":[173],"class_list":["post-1638043","post","type-post","status-publish","format-standard","has-post-thumbnail","hentry","category-romania","tag-suceavalive-ro"],"_links":{"self":[{"href":"https:\/\/analyse.optim.biz\/index.php?rest_route=\/wp\/v2\/posts\/1638043","targetHints":{"allow":["GET"]}}],"collection":[{"href":"https:\/\/analyse.optim.biz\/index.php?rest_route=\/wp\/v2\/posts"}],"about":[{"href":"https:\/\/analyse.optim.biz\/index.php?rest_route=\/wp\/v2\/types\/post"}],"author":[{"embeddable":true,"href":"https:\/\/analyse.optim.biz\/index.php?rest_route=\/wp\/v2\/users\/1"}],"replies":[{"embeddable":true,"href":"https:\/\/analyse.optim.biz\/index.php?rest_route=%2Fwp%2Fv2%2Fcomments&post=1638043"}],"version-history":[{"count":0,"href":"https:\/\/analyse.optim.biz\/index.php?rest_route=\/wp\/v2\/posts\/1638043\/revisions"}],"wp:featuredmedia":[{"embeddable":true,"href":"https:\/\/analyse.optim.biz\/index.php?rest_route=\/wp\/v2\/media\/1638045"}],"wp:attachment":[{"href":"https:\/\/analyse.optim.biz\/index.php?rest_route=%2Fwp%2Fv2%2Fmedia&parent=1638043"}],"wp:term":[{"taxonomy":"category","embeddable":true,"href":"https:\/\/analyse.optim.biz\/index.php?rest_route=%2Fwp%2Fv2%2Fcategories&post=1638043"},{"taxonomy":"post_tag","embeddable":true,"href":"https:\/\/analyse.optim.biz\/index.php?rest_route=%2Fwp%2Fv2%2Ftags&post=1638043"}],"curies":[{"name":"wp","href":"https:\/\/api.w.org\/{rel}","templated":true}]}}