{"id":1637910,"date":"2014-04-10T16:31:37","date_gmt":"2014-04-10T13:31:37","guid":{"rendered":"https:\/\/analyse.optim.biz\/?p=1637910"},"modified":"2014-04-10T16:31:37","modified_gmt":"2014-04-10T13:31:37","slug":"expozitie-de-masini-retro-la-iulius-mall-suceavalive","status":"publish","type":"post","link":"https:\/\/analyse.optim.biz\/?p=1637910","title":{"rendered":"Expozi\u021bie de ma\u0219ini retro la Iulius Mall &#8211; SuceavaLIVE"},"content":{"rendered":"<article id=\"post-35762\" class=\"clearfix post-35762 post type-post status-publish format-standard has-post-thumbnail hentry category-comunicate tag-epoca tag-iulius-mall tag-masini tag-suceava tag-suceavalive\">\n<header id=\"cb-standard-featured\">\n<div id=\"cb-fis-wrap\" class=\"cb-entry-header cb-fis cb-style-standard\"><span class=\"cb-title-fi\"><\/p>\n<h1 class=\"entry-title cb-entry-title cb-single-title\">Expozi\u021bie de ma\u0219ini retro la Iulius Mall<\/h1>\n<div class=\"cb-byline cb-font-header\">\n<div class=\"cb-date cb-byline-element\"><time datetime=\"2014-04-10\">10 aprilie 2014<\/time><\/div>\n<\/div>\n<p><\/span><\/div>\n<div class=\"cb-mask\"><img decoding=\"async\" width=\"259\" height=\"194\" src=\"https:\/\/analyse.optim.biz\/wp-content\/uploads\/2026\/01\/descc483rcare-1-3.jpg\" class=\"attachment-cb-full-full size-cb-full-full wp-post-image\" loading=\"lazy\" title=\"descc483rcare-1-3\"><\/div>\n<\/header>\n<p>S\u00e2mb\u0103t\u0103, 12 aprilie, iubitorii de automobile vor putea admira \u00een parcarea Iulius Mall Suceava ma\u015fini \u00eenc\u0103rcate cu valoarea trecerii timpului.<\/p>\n<section class=\"cb-entry-content entry-content clearfix\">\n<p>\u00centre orele 10.00 \u015fi 14.00, Retromobil Club Rom\u00e2nia prezint\u0103 \u201eRetro parada prim\u0103verii\u201d. To\u0163i cei pasiona\u0163i de caii putere care au f\u0103cut istorie vor putea admira automobile care au ie\u015fit pe pia\u0163\u0103 \u00een urm\u0103 cu p\u00e2n\u0103 la 50 de ani. Printre modelele care vor defila la Iulius Mall se num\u0103r\u0103 Dacia 1300, Renault 12, Fiat 850, Trabant, Mercedes \u201eCoad\u0103 de r\u00e2ndunic\u0103\u201d \u015fi alte vehicule de epoc\u0103, impun\u0103toare prin frumuse\u0163ea \u015fi unicitatea lor.<\/p>\n<\/section>\n<footer class=\"article-footer\">\n<p class=\"cb-tags\"><a href=\"https:\/\/suceavalive.ro\/tag\/epoca\/\" rel=\"tag\">epoca<\/a><a href=\"https:\/\/suceavalive.ro\/tag\/iulius-mall\/\" rel=\"tag\">iulius mall<\/a><a href=\"https:\/\/suceavalive.ro\/tag\/masini\/\" rel=\"tag\">masini<\/a><a href=\"https:\/\/suceavalive.ro\/tag\/suceava\/\" rel=\"tag\">Suceava<\/a><a href=\"https:\/\/suceavalive.ro\/tag\/suceavalive\/\" rel=\"tag\">suceavalive<\/a><\/p>\n<div class=\"cb-social-sharing cb-post-footer-block cb-beside clearfix\">\n<div class=\"cb-title-subtle\">Share On:<\/div>\n<div class=\"cb-twitter\"><a href=\"https:\/\/twitter.com\/share\" class=\"twitter-share-button\" data-dnt=\"true\" data-count=\"horizontal\">Tweet<\/a><\/div>\n<\/div>\n<div id=\"cb-previous-next-links\" class=\"cb-post-footer-block clearfix\">\n<div id=\"cb-previous-link\"><a href=\"https:\/\/suceavalive.ro\/popular-de-paste-este-sa-castigi\/\" rel=\"prev\">\u201dPopular de Pa\u015fte este s\u0103 c\u00e2\u015ftigi!\u201d<\/a><\/div>\n<div id=\"cb-next-link\"><a href=\"https:\/\/suceavalive.ro\/sapte-amenzi-pentru-munca-la-negru\/\" rel=\"next\">\u015eapte amenzi pentru \u201emunc\u0103 la negru\u201d<\/a><\/div>\n<\/div>\n<div id=\"cb-author-box\" class=\"clearfix\">\n<h3 class=\"cb-block-title\">Despre autor<\/h3>\n<div class=\"cb-mask\"><a href=\"https:\/\/suceavalive.ro\/author\/tilihoi\/\"><img decoding=\"async\" src=\"https:\/\/analyse.optim.biz\/wp-content\/uploads\/2026\/01\/fa2d18728c5d81a58c6469ecd1ad7e557d4f11a4993458ce4a8238aca4504c9f-28.jpg\" class=\"avatar avatar-120 photo\" height=\"120\" width=\"120\" loading=\"lazy\" title=\"fa2d18728c5d81a58c6469ecd1ad7e557d4f11a4993458ce4a8238aca4504c9f-28\"><\/a><\/div>\n<div class=\"cb-meta\">\n<div class=\"cb-info\">\n<div class=\"cb-author-title vcard\"><a href=\"https:\/\/suceavalive.ro\/author\/tilihoi\/\"><span class=\"fn\">Cornel Tilihoi<\/span><\/a><\/div>\n<\/div>\n<\/div>\n<\/div>\n<div id=\"cb-related-posts\" class=\"cb-related-posts-block cb-post-end-block clearfix\">\n<h3 class=\"cb-block-title\">Postari asemanatoare<\/h3>\n<ul>\n<li class=\"cb-style-overlay cb-grid-entry cb-related-post no-1\">\n<div class=\"cb-mask\"><a href=\"https:\/\/suceavalive.ro\/calendarul-zilei-de-30-ianuarie\/\"><img decoding=\"async\" width=\"360\" height=\"240\" src=\"https:\/\/analyse.optim.biz\/wp-content\/uploads\/2026\/01\/grigore-gafencu_0-360x240-37.jpg\" class=\"attachment-cb-360-240 size-cb-360-240 wp-post-image\" loading=\"lazy\" title=\"grigore-gafencu_0-360x240-37\"><\/a><\/div>\n<div class=\"cb-meta cb-article-meta\">\n<h4 class=\"h3 cb-post-title\"><a href=\"https:\/\/suceavalive.ro\/calendarul-zilei-de-30-ianuarie\/\">Calendarul zilei de 30 ianuarie<\/a><\/h4>\n<div class=\"cb-byline cb-font-header\">\n<div class=\"cb-date cb-byline-element\"><time datetime=\"2026-01-30\">30 ianuarie 2026<\/time><\/div>\n<\/div>\n<\/div>\n<\/li>\n<li class=\"cb-style-overlay cb-grid-entry cb-related-post no-2\">\n<div class=\"cb-mask\"><a href=\"https:\/\/suceavalive.ro\/calendarul-zilei-de-28-ianuarie\/\"><img decoding=\"async\" width=\"360\" height=\"240\" src=\"https:\/\/analyse.optim.biz\/wp-content\/uploads\/2026\/01\/bibescu-360x240-69.jpg\" class=\"attachment-cb-360-240 size-cb-360-240 wp-post-image\" loading=\"lazy\" title=\"bibescu-360x240-69\"><\/a><\/div>\n<div class=\"cb-meta cb-article-meta\">\n<h4 class=\"h3 cb-post-title\"><a href=\"https:\/\/suceavalive.ro\/calendarul-zilei-de-28-ianuarie\/\">Calendarul zilei de 28 ianuarie<\/a><\/h4>\n<div class=\"cb-byline cb-font-header\">\n<div class=\"cb-date cb-byline-element\"><time datetime=\"2026-01-28\">28 ianuarie 2026<\/time><\/div>\n<\/div>\n<\/div>\n<\/li>\n<\/ul>\n<\/div>\n<\/footer>\n<div id=\"respond\" class=\"comment-respond\">\n<h3 id=\"reply-title\" class=\"comment-reply-title\">Lasa un raspuns <small><a rel=\"nofollow\" id=\"cancel-comment-reply-link\" href=\"https:\/\/suceavalive.ro\/expozitie-de-masini-retro-la-iulius-mall\/#respond\">Anuleaza raspunsul<\/a><\/small><\/h3>\n<p class=\"comment-notes\">Adresa ta de email nu va fi publicat\u0103.<\/p>\n<\/div>\n<\/article>\n<section class=\"cb-entry-content entry-content clearfix\">\n<p>\u00centre orele 10.00 \u015fi 14.00, Retromobil Club Rom\u00e2nia prezint\u0103 \u201eRetro parada prim\u0103verii\u201d. To\u0163i cei pasiona\u0163i de caii putere care au f\u0103cut istorie vor putea admira automobile care au ie\u015fit pe pia\u0163\u0103 \u00een urm\u0103 cu p\u00e2n\u0103 la 50 de ani. Printre modelele care vor defila la Iulius Mall se num\u0103r\u0103 Dacia 1300, Renault 12, Fiat 850, Trabant, Mercedes \u201eCoad\u0103 de r\u00e2ndunic\u0103\u201d \u015fi alte vehicule de epoc\u0103, impun\u0103toare prin frumuse\u0163ea \u015fi unicitatea lor.<\/p>\n<\/section>\n<section class=\"cb-entry-content entry-content clearfix\">\n<p>\u00centre orele 10.00 \u015fi 14.00, Retromobil Club Rom\u00e2nia prezint\u0103 \u201eRetro parada prim\u0103verii\u201d. To\u0163i cei pasiona\u0163i de caii putere care au f\u0103cut istorie vor putea admira automobile care au ie\u015fit pe pia\u0163\u0103 \u00een urm\u0103 cu p\u00e2n\u0103 la 50 de ani. Printre modelele care vor defila la Iulius Mall se num\u0103r\u0103 Dacia 1300, Renault 12, Fiat 850, Trabant, Mercedes \u201eCoad\u0103 de r\u00e2ndunic\u0103\u201d \u015fi alte vehicule de epoc\u0103, impun\u0103toare prin frumuse\u0163ea \u015fi unicitatea lor.<\/p>\n<\/section>\n<p> Source URL: https:\/\/suceavalive.ro\/expozitie-de-masini-retro-la-iulius-mall\/<\/p>\n","protected":false},"excerpt":{"rendered":"<p>Expozi\u021bie de ma\u0219ini retro la Iulius Mall 10 aprilie 2014 S\u00e2mb\u0103t\u0103, 12 aprilie, iubitorii de automobile vor putea admira \u00een parcarea Iulius Mall Suceava ma\u015fini \u00eenc\u0103rcate cu valoarea trecerii timpului. \u00centre orele 10.00 \u015fi 14.00, Retromobil Club Rom\u00e2nia prezint\u0103 \u201eRetro parada prim\u0103verii\u201d. To\u0163i cei pasiona\u0163i de caii putere care au f\u0103cut istorie vor putea admira [&hellip;]<\/p>\n","protected":false},"author":1,"featured_media":1637919,"comment_status":"open","ping_status":"","sticky":false,"template":"","format":"standard","meta":{"footnotes":""},"categories":[89],"tags":[173],"class_list":["post-1637910","post","type-post","status-publish","format-standard","has-post-thumbnail","hentry","category-romania","tag-suceavalive-ro"],"_links":{"self":[{"href":"https:\/\/analyse.optim.biz\/index.php?rest_route=\/wp\/v2\/posts\/1637910","targetHints":{"allow":["GET"]}}],"collection":[{"href":"https:\/\/analyse.optim.biz\/index.php?rest_route=\/wp\/v2\/posts"}],"about":[{"href":"https:\/\/analyse.optim.biz\/index.php?rest_route=\/wp\/v2\/types\/post"}],"author":[{"embeddable":true,"href":"https:\/\/analyse.optim.biz\/index.php?rest_route=\/wp\/v2\/users\/1"}],"replies":[{"embeddable":true,"href":"https:\/\/analyse.optim.biz\/index.php?rest_route=%2Fwp%2Fv2%2Fcomments&post=1637910"}],"version-history":[{"count":0,"href":"https:\/\/analyse.optim.biz\/index.php?rest_route=\/wp\/v2\/posts\/1637910\/revisions"}],"wp:featuredmedia":[{"embeddable":true,"href":"https:\/\/analyse.optim.biz\/index.php?rest_route=\/wp\/v2\/media\/1637919"}],"wp:attachment":[{"href":"https:\/\/analyse.optim.biz\/index.php?rest_route=%2Fwp%2Fv2%2Fmedia&parent=1637910"}],"wp:term":[{"taxonomy":"category","embeddable":true,"href":"https:\/\/analyse.optim.biz\/index.php?rest_route=%2Fwp%2Fv2%2Fcategories&post=1637910"},{"taxonomy":"post_tag","embeddable":true,"href":"https:\/\/analyse.optim.biz\/index.php?rest_route=%2Fwp%2Fv2%2Ftags&post=1637910"}],"curies":[{"name":"wp","href":"https:\/\/api.w.org\/{rel}","templated":true}]}}