{"id":163627,"date":"2016-06-09T16:25:51","date_gmt":"2016-06-09T13:25:51","guid":{"rendered":"https:\/\/analyse.optim.biz\/?p=163627"},"modified":"2016-06-09T16:25:51","modified_gmt":"2016-06-09T13:25:51","slug":"liviu-dragnea-despre-conflictul-elcen-radet-e-posibil-sa-fie-vorba-de-represalii-din-partea-guvernului-fata-de-psd-pentru-ca-am-castigat-alegerile","status":"publish","type":"post","link":"https:\/\/analyse.optim.biz\/?p=163627","title":{"rendered":"Liviu Dragnea, despre conflictul ELCEN-RADET: E posibil s\u0103 fie vorba de represalii din partea Guvernului fa\u021b\u0103 de PSD pentru c\u0103 am c\u00e2\u0219tigat alegerile\u00a0"},"content":{"rendered":"<div class=\"entry data-app-meta data-app-meta-article\" data-embed-base-url-canonical=\"https:\/\/www.digi24.ro\/embed\/stiri\/actualitate\/politica\/liviu-dragnea-despre-conflictul-elcen-radet-e-posibil-sa-fie-vorba-de-represalii-din-partea-guvernului-fata-de-psd-pentru-ca-am-castigat-alegerile-527383\">\n<p data-index=\"1\">Liviu Dragnea a precizat c\u0103 este \u201einadmisibil\u0103\u201d atitudinea Guvernului \u0219i a ELCEN-ului fa\u021b\u0103 de Bucure\u0219teni \u0219i a atras aten\u021bia c\u0103 conducerea de la ELCEN a plecat \u00een Fran\u021ba la meci, \u00een timp ce trei sectoare ale Capitalei au r\u0103mas f\u0103r\u0103 ap\u0103 cald\u0103.\u00a0<\/p>\n<p data-index=\"2\"><em>\u201eE inadmisibil\u0103 atitudinea Guvernului \u0219i a Ministerului Energiei respectiv a ELCEN-ului fa\u021b\u0103 de bucure\u0219teni. Nu po\u021bi s\u0103 motivezi c\u0103 acum trebuie f\u0103cut\u0103 o repara\u021bie, \u00een\u021beleg c\u0103 conducerea de la ELCEN e \u00een Fran\u021ba, la meci \u0219i bucure\u0219tenii au r\u0103mas f\u0103r\u0103 apa cald\u0103. Mi se pare inadmisibil\u0103 atitudinea celor din minister \u0219i Guvern, \u0103sta e dispre\u021bul cu care sunt trata\u021bi rom\u00e2nii.<\/em><\/p>\n<p data-index=\"3\"><em>Nu am indicii dar sunt din ce \u00een ce mai pu\u021bin convins c\u0103 e o coinciden\u021b\u0103, e posibil s\u0103 fie \u0219i represalii din partea Guvernului fa\u021b\u0103 de PSD pentru c\u0103 a c\u00e2\u0219tigat alegerile. E stranie situa\u021bia.<\/em><\/p>\n<p data-index=\"4\"><em>C\u00e2nd se fac lucruri de genul \u0103sta nu neap\u0103rat c\u0103 avantajeaz\u0103 pe cineva, se fac ori din r\u0103utate, ori din prostie, ori c\u0103 i-au certat cei din PNL c\u0103 nu i-au ajutat \u00een campanie. M\u0103 intereseaz\u0103 mai pu\u021bin motivul pentru care suntem \u00een situa\u021bia \u00een care \u00een plin\u0103 var\u0103 mare parte din Capital\u0103 a r\u0103mas f\u0103r\u0103 ap\u0103 cald\u0103. Doamna Firea \u00eencearc\u0103 s\u0103 vorbeasc\u0103 cu cei de la Guvern, noi o s\u0103 avem o \u00eent\u00e2lnire cu Guvernul sau cu vicepremierul Borc bine, dac\u0103 nu o s\u0103 vedem ce putem face legislativ\u201d<\/em>, a spus Liviu Dragnea.<\/p>\n<p data-index=\"5\"><a href=\"https:\/\/www.digi24.ro\/Stiri\/Digi24\/Actualitate\/Social\/Zeci+de+mii+de+bucuresteni+din+sectoarele+2+3+si+4+fara+apa+cald\" target=\"_blank\" data-skip-linkfix=\"1\" rel=\"noopener\">Zeci de mii de bucure\u015fteni din Sectoarele 2, 3 \u015fi 4 nu mai au ap\u0103 cald\u0103 \u00eencep\u00e2nd de miercuri seara<\/a>. Mai mult, criza ar putea dura cel pu\u0163in \u00eenc\u0103 dou\u0103 s\u0103pt\u0103m\u00e2ni. \u00cen acest timp, cele dou\u0103 societ\u0103\u0163i care se ocup\u0103 de producerea \u015fi livrarea apei calde \u00een cele trei sectoare dau vina una pe alta. <\/p>\n<p data-index=\"6\">ELCEN spune c\u0103 livreaz\u0103 ap\u0103 cald\u0103 la parametri optimi, \u00eens\u0103 de vin\u0103 e re\u0163eaua \u00eenvechit\u0103 a RADET. \u00cen replic\u0103, RADET spune c\u0103 nu poate livra apa cald\u0103 din cauza popririi pe conturi impuse de ELCEN, poprire care blocheaz\u0103 repara\u0163iile re\u0163elei.<\/p>\n<\/div>\n<p> Source URL: https:\/\/www.digi24.ro\/stiri\/actualitate\/politica\/liviu-dragnea-despre-conflictul-elcen-radet-e-posibil-sa-fie-vorba-de-represalii-din-partea-guvernului-fata-de-psd-pentru-ca-am-castigat-alegerile-527383<\/p>\n","protected":false},"excerpt":{"rendered":"<p>Liviu Dragnea a precizat c\u0103 este \u201einadmisibil\u0103\u201d atitudinea Guvernului \u0219i a ELCEN-ului fa\u021b\u0103 de Bucure\u0219teni \u0219i a atras aten\u021bia c\u0103 conducerea de la ELCEN a plecat \u00een Fran\u021ba la meci, \u00een timp ce trei sectoare ale Capitalei au r\u0103mas f\u0103r\u0103 ap\u0103 cald\u0103.\u00a0 \u201eE inadmisibil\u0103 atitudinea Guvernului \u0219i a Ministerului Energiei respectiv a ELCEN-ului fa\u021b\u0103 de [&hellip;]<\/p>\n","protected":false},"author":1,"featured_media":163628,"comment_status":"open","ping_status":"","sticky":false,"template":"","format":"standard","meta":{"footnotes":""},"categories":[2],"tags":[11],"class_list":["post-163627","post","type-post","status-publish","format-standard","has-post-thumbnail","hentry","category-politics","tag-digi24"],"_links":{"self":[{"href":"https:\/\/analyse.optim.biz\/index.php?rest_route=\/wp\/v2\/posts\/163627","targetHints":{"allow":["GET"]}}],"collection":[{"href":"https:\/\/analyse.optim.biz\/index.php?rest_route=\/wp\/v2\/posts"}],"about":[{"href":"https:\/\/analyse.optim.biz\/index.php?rest_route=\/wp\/v2\/types\/post"}],"author":[{"embeddable":true,"href":"https:\/\/analyse.optim.biz\/index.php?rest_route=\/wp\/v2\/users\/1"}],"replies":[{"embeddable":true,"href":"https:\/\/analyse.optim.biz\/index.php?rest_route=%2Fwp%2Fv2%2Fcomments&post=163627"}],"version-history":[{"count":0,"href":"https:\/\/analyse.optim.biz\/index.php?rest_route=\/wp\/v2\/posts\/163627\/revisions"}],"wp:featuredmedia":[{"embeddable":true,"href":"https:\/\/analyse.optim.biz\/index.php?rest_route=\/wp\/v2\/media\/163628"}],"wp:attachment":[{"href":"https:\/\/analyse.optim.biz\/index.php?rest_route=%2Fwp%2Fv2%2Fmedia&parent=163627"}],"wp:term":[{"taxonomy":"category","embeddable":true,"href":"https:\/\/analyse.optim.biz\/index.php?rest_route=%2Fwp%2Fv2%2Fcategories&post=163627"},{"taxonomy":"post_tag","embeddable":true,"href":"https:\/\/analyse.optim.biz\/index.php?rest_route=%2Fwp%2Fv2%2Ftags&post=163627"}],"curies":[{"name":"wp","href":"https:\/\/api.w.org\/{rel}","templated":true}]}}