{"id":163624,"date":"2016-06-09T16:47:28","date_gmt":"2016-06-09T13:47:28","guid":{"rendered":"https:\/\/analyse.optim.biz\/?p=163624"},"modified":"2016-06-09T16:47:28","modified_gmt":"2016-06-09T13:47:28","slug":"robert-turcescu-validat-vicepresedinte-al-pmp","status":"publish","type":"post","link":"https:\/\/analyse.optim.biz\/?p=163624","title":{"rendered":"Robert Turcescu, validat vicepre\u0219edinte al PMP"},"content":{"rendered":"<div class=\"entry data-app-meta data-app-meta-article\" data-embed-base-url-canonical=\"https:\/\/www.digi24.ro\/embed\/stiri\/actualitate\/politica\/robert-turcescu-validat-vicepresedinte-al-pmp-527394\">\n<p data-index=\"1\">\u00a0<img decoding=\"async\" src=\"https:\/\/analyse.optim.biz\/wp-content\/uploads\/2024\/09\/cgcmdz04mdamagfzad0wodc3ota4otyyzjc0mwrhmdmxythkzjvinji4odziyq-thumb_.jpg\" data-skip-htmlfix=\"1\" title=\"cgcmdz04mdamagfzad0wodc3ota4otyyzjc0mwrhmdmxythkzjvinji4odziyq-thumb_\"><\/p>\n<p data-index=\"2\">Traian B\u0103sescu a declarat, \u00een deschiderea reuniunii, c\u0103 alegerile locale din 5 iunie au reprezentat \u201eo radiografie exact\u0103 a partidului&#8221;.<\/p>\n<p data-index=\"3\"><em>\u201eAlegerile locale sunt cele care \u00ee\u021bi arat\u0103 precis cum stai, spre deosebire de orice alt tip de alegeri, fie c\u0103 sunt parlamentare pe liste, fie c\u0103 sunt europarlamentare sau preziden\u021biale. Ceea ce ne arat\u0103 rezultatele ob\u021binute de fiecare organiza\u021bie este radiografia fiec\u0103rei organiza\u021bii \u00een parte \u0219i, de bun\u0103 seam\u0103, \u0219i o radiografie a conducerii, a capacit\u0103\u021bii organizatorice pe care o avem la momentul actual la nivel na\u021bional, la nivel local&#8221;<\/em>, a spus pre\u0219edintele PMP.<\/p>\n<p data-index=\"4\">Liderul PMP a anun\u021bat, apoi, c\u0103 pe ordinea de zi se afl\u0103 urm\u0103toare chestiuni: completarea Comitetului Executiv al partidului cu trei vicepre\u0219edin\u021bi, doi numiri de pre\u0219edin\u021bi interimari \u00een organiza\u021biile teritoriale, analiza rezultatelor pe fiecare organiza\u021bie \u0219i situa\u021bia politic\u0103 actual\u0103.<\/p>\n<p data-index=\"5\">Participan\u021bii la reuniune i-au validat apoi prin vot deschis pe cei trei noi vicepre\u0219edin\u021bi, reuniunea PMP continu\u00e2nd f\u0103r\u0103 pres\u0103 \u00een sal\u0103.<\/p>\n<p data-index=\"6\">Surse din interiorul partidului au declarat pentru<a href=\"http:\/\/www.agerpres.ro\/\" target=\"_blank\" data-skip-linkfix=\"1\" rel=\"noopener\"> Agerpres<\/a> c\u0103 Robert Turcescu a fost desemnat joi \u0219ii pre\u0219edinte interimar al organiza\u021biei de Bucure\u0219ti a PMP. <span>Func\u021bia de pre\u0219edinte PMP Bucure\u0219ti era de\u021binut\u0103 de Cristian Petrescu, care a pierdut alegerile pentru Prim\u0103ria Sectorului 3.\u00a0<\/span><\/p>\n<\/div>\n<p> Source URL: https:\/\/www.digi24.ro\/stiri\/actualitate\/politica\/robert-turcescu-validat-vicepresedinte-al-pmp-527394<\/p>\n","protected":false},"excerpt":{"rendered":"<p>\u00a0 Traian B\u0103sescu a declarat, \u00een deschiderea reuniunii, c\u0103 alegerile locale din 5 iunie au reprezentat \u201eo radiografie exact\u0103 a partidului&#8221;. \u201eAlegerile locale sunt cele care \u00ee\u021bi arat\u0103 precis cum stai, spre deosebire de orice alt tip de alegeri, fie c\u0103 sunt parlamentare pe liste, fie c\u0103 sunt europarlamentare sau preziden\u021biale. Ceea ce ne arat\u0103 [&hellip;]<\/p>\n","protected":false},"author":1,"featured_media":163625,"comment_status":"open","ping_status":"","sticky":false,"template":"","format":"standard","meta":{"footnotes":""},"categories":[2],"tags":[11],"class_list":["post-163624","post","type-post","status-publish","format-standard","has-post-thumbnail","hentry","category-politics","tag-digi24"],"_links":{"self":[{"href":"https:\/\/analyse.optim.biz\/index.php?rest_route=\/wp\/v2\/posts\/163624","targetHints":{"allow":["GET"]}}],"collection":[{"href":"https:\/\/analyse.optim.biz\/index.php?rest_route=\/wp\/v2\/posts"}],"about":[{"href":"https:\/\/analyse.optim.biz\/index.php?rest_route=\/wp\/v2\/types\/post"}],"author":[{"embeddable":true,"href":"https:\/\/analyse.optim.biz\/index.php?rest_route=\/wp\/v2\/users\/1"}],"replies":[{"embeddable":true,"href":"https:\/\/analyse.optim.biz\/index.php?rest_route=%2Fwp%2Fv2%2Fcomments&post=163624"}],"version-history":[{"count":0,"href":"https:\/\/analyse.optim.biz\/index.php?rest_route=\/wp\/v2\/posts\/163624\/revisions"}],"wp:featuredmedia":[{"embeddable":true,"href":"https:\/\/analyse.optim.biz\/index.php?rest_route=\/wp\/v2\/media\/163625"}],"wp:attachment":[{"href":"https:\/\/analyse.optim.biz\/index.php?rest_route=%2Fwp%2Fv2%2Fmedia&parent=163624"}],"wp:term":[{"taxonomy":"category","embeddable":true,"href":"https:\/\/analyse.optim.biz\/index.php?rest_route=%2Fwp%2Fv2%2Fcategories&post=163624"},{"taxonomy":"post_tag","embeddable":true,"href":"https:\/\/analyse.optim.biz\/index.php?rest_route=%2Fwp%2Fv2%2Ftags&post=163624"}],"curies":[{"name":"wp","href":"https:\/\/api.w.org\/{rel}","templated":true}]}}