{"id":1635363,"date":"2026-01-31T14:21:52","date_gmt":"2026-01-31T11:21:52","guid":{"rendered":"https:\/\/analyse.optim.biz\/?p=1635363"},"modified":"2026-01-31T14:21:52","modified_gmt":"2026-01-31T11:21:52","slug":"scrisoare-deschisa-vrem-competitie-reala-la-sefia-parchetelor","status":"publish","type":"post","link":"https:\/\/analyse.optim.biz\/?p=1635363","title":{"rendered":"Scrisoare deschis\u0103: \u201eVrem competi\u021bie real\u0103 la \u0219efia Parchetelor\u201d"},"content":{"rendered":"<div class=\"post-entry\">\n<div class=\"pf-content\">\n<p><strong><a href=\"https:\/\/analyse.optim.biz\/wp-content\/uploads\/2026\/01\/justitie-1-1.jpg\"><img decoding=\"async\" loading=\"lazy\" title=\"Justitie\" width=\"760\" height=\"420\" class=\"aligncenter size-full wp-image-31014 lazyload\" src=\"https:\/\/analyse.optim.biz\/wp-content\/uploads\/2026\/01\/justitie-1-1.jpg\"><\/a><\/strong><\/p>\n<p><img decoding=\"async\" loading=\"lazy\" class=\"aligncenter size-full wp-image-31014\" title=\"Justitie\" src=\"https:\/\/analyse.optim.biz\/wp-content\/uploads\/2026\/01\/justitie-1-1.jpg\" width=\"760\" height=\"420\">Peste 30 de organiza\u021bii civice au semnat o scrisoare deschis\u0103 adresat\u0103 magistra\u021bilor, autorit\u0103\u021bilor statului \u0219i Pre\u0219edintelui Rom\u00e2niei \u00een contextul procedurii de selec\u021bie pentru func\u021biile de procuror general al Parchetului de pe l\u00e2ng\u0103 \u00cenalta Curte de Casa\u021bie \u0219i Justi\u021bie, procuror-\u0219ef \u0219i procuror-\u0219ef adjunct al DNA \u0219i procuror-\u0219ef \u0219i procuror-\u0219ef adjunct al DIICOT.<\/p>\n<p>\u00a0<\/p>\n<p>Prin aceast\u0103 scrisoarea deschis\u0103, semnatarii au cinci revendic\u0103ri:<\/p>\n<p><strong>1.Sus\u021bin necesitatea unei competi\u021bii reale pentru func\u021biile de conducere din parchete. <\/strong><\/p>\n<p>\u201e\u00cencuraj\u0103m to\u021bi magistra\u021bii care \u00eendeplinesc condi\u021biile legale \u0219i profesionale s\u0103 se \u00eenscrie \u00een procedura de selec\u021bie pentru func\u021biile de conducere ale parchetelor.<\/p>\n<p>O competi\u021bie autentic\u0103, cu mai mul\u021bi candida\u021bi, reprezint\u0103 o condi\u021bie esen\u021bial\u0103 pentru credibilizarea actului de justi\u021bie, consolidarea \u00eencrederii publice, diminuarea suspiciunilor persistente privind influen\u021ba politic\u0103 asupra parchetelor.<\/p>\n<p>Subliniem c\u0103 existen\u021ba \u00een competi\u021bie doar a actualilor \u0219efi de parchete accentueaz\u0103 percep\u021bia public\u0103 potrivit c\u0103reia aceste institu\u021bii sunt controlate sau capturate de grupuri de interese politic infrac\u021bionale.<\/p>\n<p>Lipsa competi\u021biei reale compromite legitimitatea procedurii \u0219i afecteaz\u0103 grav imaginea independen\u021bei justi\u021biei.\u201d<\/p>\n<p><strong>2. Condamn\u0103 intimidarea magistra\u021bilor care inten\u021bioneaz\u0103 s\u0103 candideze.<\/strong><\/p>\n<p>\u201eCondamn\u0103m ferm orice tentativ\u0103 de intimidare, descurajare sau presiune exercitat\u0103 asupra magistra\u021bilor care inten\u021bioneaz\u0103 s\u0103 candideze pentru func\u021biile de conducere din parchete. Este inacceptabil ca persoane aflate \u00een pozi\u021bii de conducere s\u0103 utilizeze autoritatea institu\u021bional\u0103, influen\u021ba profesional\u0103 sau mecanisme informale de putere, pentru a limita artificial competi\u021bia, pentru a induce teama de represalii sau pentru a men\u021bine un control nelegitim asupra procesului de selec\u021bie. Astfel de practici viciaz\u0103 competi\u021bia, afecteaz\u0103 grav \u00eencrederea public\u0103 \u0219i sunt incompatibile cu principiile statului de drept.\u201d<\/p>\n<p><strong>3. Condamn\u0103 h\u0103r\u021buirea \u0219i discreditarea magistra\u021bilor care s-au pozi\u021bionat critic.<\/strong><\/p>\n<p>\u201eCondamn\u0103m, de asemenea, h\u0103r\u021buirea profesional\u0103, manipularea \u0219i discreditarea public\u0103 a magistra\u021bilor care, \u00een mod legitim, s-au pozi\u021bionat critic fa\u021b\u0103 de capturarea justi\u021biei de c\u0103tre re\u021bele de influen\u021b\u0103 politic\u0103, fa\u021b\u0103 de derapajele din interiorul sistemului judiciar sau \u00eempotriva utiliz\u0103rii func\u021biilor de conducere \u00een scopuri politice sau de grup. Este inadmisibil ca exprimarea unor pozi\u021bii critice, argumentate conform statutului magistratului s\u0103 fie sanc\u021bionate prin marginalizare profesional\u0103, blocarea accesului la func\u021bii sau stigmatizare public\u0103. Astfel de conduite creeaz\u0103 un climat de team\u0103 \u0219i autocenzur\u0103 incompatibil cu o justi\u021bie independent\u0103.\u201d<\/p>\n<p><strong>4. Solicit\u0103 implicarea activ\u0103 a Pre\u0219edintelui Rom\u00e2niei.<\/strong><\/p>\n<p>Solicit\u0103m Pre\u0219edintelui Rom\u00e2niei s\u0103 \u00ee\u0219i exercite rolul constitu\u021bional \u00een mod activ, responsabil \u0219i ferm \u00een cadrul procedurii de desemnare a conducerii parchetelor.\u201d<\/p>\n<p>Atragerea aten\u021biei asupra derapajelor existente, spun semnatarii, este necesar\u0103 \u00een contextul \u00een care:<\/p>\n<ul>\n<li>unii \u0219efi ai justi\u021biei \u0219i-au dep\u0103\u0219it limitele legale;<\/li>\n<li>au ac\u021bionat politic, \u00een sprijinul unor grupuri de influen\u021b\u0103;<\/li>\n<li>au generat un adev\u0103rat fenomen de eliberare \u0219i protejare a marilor corup\u021bi, intensific\u00e2nd percep\u021bia c\u0103 exist\u0103 o protec\u021bie generalizat\u0103 fa\u021b\u0103 de ace\u0219tia;<\/li>\n<li>au formulat amenin\u021b\u0103ri sau presiuni la adresa reprezentan\u021bilor altor puteri ale statului ori a organiza\u021biilor civice neguvernamentale<\/li>\n<\/ul>\n<p><strong>5. Solicit\u0103 transparen\u021b\u0103 \u00een procedura de selec\u021bie.<\/strong><\/p>\n<p>\u201eSolicit\u0103m asigurarea unei transparen\u021be reale \u0219i verificabile \u00een procedura de selec\u021bie a \u0219efilor de parchete prin publicarea pozi\u021biilor exprimate de membrii comisiei de selec\u021bie organizate la nivelul Ministerului Justi\u021biei chiar dac\u0103 opinia acestora este doar consultativ\u0103. Dincolo de retorica public\u0103 a actualului ministru de justi\u021bie, conform legii 303\/2002 decizia de selec\u021bie a \u0219efilor de parchete \u00eei apar\u021bine, aceasta aduc\u00e2nd dup\u0103 sine o responsabilitate politic\u0103 evident\u0103\u201d.<\/p>\n<p>Semnatarii scrisoarii deschise reamintes c\u0103, \u00een procedurile anterioare, aceste avize au fost lipsite de relevan\u021b\u0103 real\u0103, decizia final\u0103 apar\u021bin\u00e2nd exclusiv ministrului justi\u021biei, ceea ce a transformat o procedur\u0103 profesional\u0103 \u00eentr-o decizie eminamente politic\u0103.<\/p>\n<p>\u201eJusti\u021bia nu poate fi credibil\u0103 f\u0103r\u0103 competi\u021bie real\u0103, f\u0103r\u0103 protejarea magistra\u021bilor independen\u021bi \u0219i f\u0103r\u0103 transparen\u021b\u0103 institu\u021bional\u0103. Statul de drept nu este un dat, ci o construc\u021bie care trebuie ap\u0103rat\u0103 constant\u201d, se mai arat\u0103 \u00een scrisoarea deschis\u0103.<\/p>\n<p>Semnatarii scrisorii sunt: Ini\u021biativa Timi\u0219oara, Ini\u021biativa Rom\u00e2nia, Corup\u021bia ucide, Reset, Agent Green, Rezisten\u021ba civic\u0103 Gala\u021bi, Grupul pentru Dialog Social, Asocia\u021bia Codrii Ia\u0219ilor, Societatea Timi\u0219oara, Asocia\u021bia Civic\u0103 Tineri Liberi din Timi\u0219oara, \u00cempreun\u0103 pentru A8, Asocia\u021bia Civica, Funda\u021bia Eco-Civica, #activAG Pite\u0219ti, VeDem Just, Valea Jiului Society, Asocia\u021bia Eco Civic Gork, Asocia\u021bia Ini\u021biativa pentru Cultur\u0103 Democratic\u0103 European\u0103 ICDE, Voluntari \u00een Europa, Asocia\u021bia MEA (Media, Educa\u021bie \u0219i Activism), #Rezisten\u021ba, Centrul pentru Inovare Public\u0103, Freedom House Rom\u00e2nia, CeRe: Centrul de Resurse pentru participare public\u0103, Funda\u021bia Greenpeace Rom\u00e2nia, Ondine Ghergu\u021b \u2013 Jurnalist de investiga\u021bie, Asocia\u021bia Institutul Social Valea Jiului, Asocia\u021bia Umanitar\u0103 Kandila, Asocia\u021bia pentru Educa\u021bie \u0219i Cultura Eminens, Asocia\u021bia De Pe Vale Petro\u0219ani, Asocia\u021bia Bankwatch Rom\u00e2nia, Asocia\u021bia Declic, Mi\u0219carea pentru Dezvoltarea Moldovei \u0219i Asocia\u021bia Ploie\u0219ti pentru oameni.<\/p>\n<div id=\"metaslider-id-56545\" class=\"ml-slider-3-18-9 metaslider metaslider-responsive metaslider-56545 ml-slider nav-hidden nav-hidden nav-hidden\">\n<div id=\"metaslider_container_56545\">\n<ul id=\"metaslider_56545\" class=\"rslides\">\n<li><a href=\"https:\/\/www.iuliustown.ro\/ro\/winter-sale\" target=\"_blank\"><img decoding=\"async\" width=\"610\" height=\"260\" loading=\"lazy\" title=\"Banner Iulius Town - Winter Sales - ianuarie 2025 - 610x260\" class=\"slider-56545 slide-61078 lazyload\" src=\"https:\/\/analyse.optim.biz\/wp-content\/uploads\/2026\/01\/banner-iulius-town-winter-sales-ianuarie-2025-610x260-1-215.png\"><img decoding=\"async\" width=\"610\" height=\"260\" src=\"https:\/\/analyse.optim.biz\/wp-content\/uploads\/2026\/01\/banner-iulius-town-winter-sales-ianuarie-2025-610x260-1-215.png\" class=\"slider-56545 slide-61078\" loading=\"lazy\" title=\"Banner Iulius Town - Winter Sales - ianuarie 2025 - 610x260\"><\/a><\/li>\n<\/ul>\n<\/div>\n<\/div>\n<div class=\"printfriendly pf-alignright\"><a href=\"https:\/\/timpolis.ro\/scrisoare-deschisa-vre-competitie-reala-la-sefia-parchetelor\/\" rel=\"nofollow\" title=\"Printer Friendly, PDF &amp; Email\"><img decoding=\"async\" alt=\"Print Friendly, PDF &amp; Email\" class=\"lazyload\" src=\"https:\/\/analyse.optim.biz\/wp-content\/uploads\/2026\/01\/print-button-215.png\" title=\"print-button-215\"><img decoding=\"async\" src=\"https:\/\/analyse.optim.biz\/wp-content\/uploads\/2026\/01\/print-button-215.png\" alt=\"Print Friendly, PDF &amp; Email\" title=\"print-button-215\"><\/a><\/div>\n<\/div>\n<div class=\"yarpp-related\">\n<h3>\u015etiri din aceea\u015fi categorie:<\/h3>\n<div class=\"yarpp-thumbnails-horizontal\"><a class=\"yarpp-thumbnail\" rel=\"norewrite\" href=\"https:\/\/timpolis.ro\/rectorul-universitatii-de-vest-din-timisoara-adreseaza-o-scrisoare-deschisa-adresata-pensionarilor-de-lux\/\" title=\"Rectorul Universit\u0103\u0163ii de Vest din Timi\u015foara adreseaz\u0103 o scrisoare deschis\u0103, pensionarilor de lux\"><img decoding=\"async\" width=\"120\" height=\"120\" loading=\"lazy\" class=\"attachment-yarpp-thumbnail size-yarpp-thumbnail wp-post-image lazyload\" src=\"https:\/\/analyse.optim.biz\/wp-content\/uploads\/2026\/01\/marilen-pirtea-120x120-1.jpg\" title=\"marilen-pirtea-120x120-1\"><img decoding=\"async\" width=\"120\" height=\"120\" src=\"https:\/\/analyse.optim.biz\/wp-content\/uploads\/2026\/01\/marilen-pirtea-120x120-1.jpg\" class=\"attachment-yarpp-thumbnail size-yarpp-thumbnail wp-post-image\" loading=\"lazy\" title=\"marilen-pirtea-120x120-1\"><span class=\"yarpp-thumbnail-title\">Rectorul Universit\u0103\u0163ii de Vest din Timi\u015foara adreseaz\u0103 o scrisoare deschis\u0103, pensionarilor de lux<\/span><\/a><a class=\"yarpp-thumbnail\" rel=\"norewrite\" href=\"https:\/\/timpolis.ro\/scrisoare-deschisa-catre-guvern-pentru-deblocarea-a-trei-mari-proiecte-de-infrastructura-din-timis\/\" title=\"Scrisoare deschis\u0103 c\u0103tre Guvern pentru deblocarea a trei mari proiecte de infrastructur\u0103 din Timi\u015f\"><img decoding=\"async\" width=\"120\" height=\"120\" loading=\"lazy\" class=\"attachment-yarpp-thumbnail size-yarpp-thumbnail wp-post-image lazyload\" src=\"https:\/\/analyse.optim.biz\/wp-content\/uploads\/2026\/01\/catalin-drula-foto-agerpres-120x120-1.jpg\" title=\"catalin-drula-foto-agerpres-120x120-1\"><img decoding=\"async\" width=\"120\" height=\"120\" src=\"https:\/\/analyse.optim.biz\/wp-content\/uploads\/2026\/01\/catalin-drula-foto-agerpres-120x120-1.jpg\" class=\"attachment-yarpp-thumbnail size-yarpp-thumbnail wp-post-image\" loading=\"lazy\" title=\"catalin-drula-foto-agerpres-120x120-1\"><span class=\"yarpp-thumbnail-title\">Scrisoare deschis\u0103 c\u0103tre Guvern pentru deblocarea a trei mari proiecte de infrastructur\u0103 din Timi\u015f<\/span><\/a><a class=\"yarpp-thumbnail\" rel=\"norewrite\" href=\"https:\/\/timpolis.ro\/scrisoare-deschisa-adresata-de-mai-multi-primari-cetatenilor-judetului-timis-p\/\" title=\"Scrisoare deschis\u0103 semnat\u0103 de mai mul\u0163i primari, adresat\u0103 cet\u0103\u0163enilor jude\u0163ului Timi\u015f (P)\"><img decoding=\"async\" width=\"120\" height=\"120\" loading=\"lazy\" class=\"attachment-yarpp-thumbnail size-yarpp-thumbnail wp-post-image lazyload\" src=\"https:\/\/analyse.optim.biz\/wp-content\/uploads\/2026\/01\/alin-nica-intalnire-alegatori-foto-pnl-timis-120x120-1.jpeg\" title=\"alin-nica-intalnire-alegatori-foto-pnl-timis-120x120-1\"><img decoding=\"async\" width=\"120\" height=\"120\" src=\"https:\/\/analyse.optim.biz\/wp-content\/uploads\/2026\/01\/alin-nica-intalnire-alegatori-foto-pnl-timis-120x120-1.jpeg\" class=\"attachment-yarpp-thumbnail size-yarpp-thumbnail wp-post-image\" loading=\"lazy\" title=\"alin-nica-intalnire-alegatori-foto-pnl-timis-120x120-1\"><span class=\"yarpp-thumbnail-title\">Scrisoare deschis\u0103 semnat\u0103 de mai mul\u0163i primari, adresat\u0103 cet\u0103\u0163enilor jude\u0163ului Timi\u015f (P)<\/span><\/a><a class=\"yarpp-thumbnail\" rel=\"norewrite\" href=\"https:\/\/timpolis.ro\/corina-suteu-sustinuta-printr-o-scrisoare-deschisa-sa-relanseze-proiectul-timisoara-capitala-europeana-a-culturii\/\" title=\"Corina \u015euteu, sus\u0163inut\u0103, printr-o scrisoare deschis\u0103, s\u0103 relanseze proiectul Timi\u015foara Capital\u0103 European\u0103 a Culturii\"><img decoding=\"async\" width=\"120\" height=\"120\" loading=\"lazy\" class=\"attachment-yarpp-thumbnail size-yarpp-thumbnail wp-post-image lazyload\" src=\"https:\/\/analyse.optim.biz\/wp-content\/uploads\/2026\/01\/corina-suteu-foto-lucien-samaha-120x120-1.jpg\" title=\"corina-suteu-foto-lucien-samaha-120x120-1\"><img decoding=\"async\" width=\"120\" height=\"120\" src=\"https:\/\/analyse.optim.biz\/wp-content\/uploads\/2026\/01\/corina-suteu-foto-lucien-samaha-120x120-1.jpg\" class=\"attachment-yarpp-thumbnail size-yarpp-thumbnail wp-post-image\" loading=\"lazy\" title=\"corina-suteu-foto-lucien-samaha-120x120-1\"><span class=\"yarpp-thumbnail-title\">Corina \u015euteu, sus\u0163inut\u0103, printr-o scrisoare deschis\u0103, s\u0103 relanseze proiectul Timi\u015foara Capital\u0103 European\u0103 a Culturii<\/span><\/a><\/div>\n<\/div>\n<\/div>\n<div class=\"pf-content\">\n<p><strong><a href=\"https:\/\/analyse.optim.biz\/wp-content\/uploads\/2026\/01\/justitie-1-1.jpg\"><img decoding=\"async\" loading=\"lazy\" title=\"Justitie\" width=\"760\" height=\"420\" class=\"aligncenter size-full wp-image-31014 lazyload\" src=\"https:\/\/analyse.optim.biz\/wp-content\/uploads\/2026\/01\/justitie-1-1.jpg\"><\/a><\/strong><\/p>\n<p><img decoding=\"async\" loading=\"lazy\" class=\"aligncenter size-full wp-image-31014\" title=\"Justitie\" src=\"https:\/\/analyse.optim.biz\/wp-content\/uploads\/2026\/01\/justitie-1-1.jpg\" width=\"760\" height=\"420\">Peste 30 de organiza\u021bii civice au semnat o scrisoare deschis\u0103 adresat\u0103 magistra\u021bilor, autorit\u0103\u021bilor statului \u0219i Pre\u0219edintelui Rom\u00e2niei \u00een contextul procedurii de selec\u021bie pentru func\u021biile de procuror general al Parchetului de pe l\u00e2ng\u0103 \u00cenalta Curte de Casa\u021bie \u0219i Justi\u021bie, procuror-\u0219ef \u0219i procuror-\u0219ef adjunct al DNA \u0219i procuror-\u0219ef \u0219i procuror-\u0219ef adjunct al DIICOT.<\/p>\n<p>\u00a0<\/p>\n<p>Prin aceast\u0103 scrisoarea deschis\u0103, semnatarii au cinci revendic\u0103ri:<\/p>\n<p><strong>1.Sus\u021bin necesitatea unei competi\u021bii reale pentru func\u021biile de conducere din parchete. <\/strong><\/p>\n<p>\u201e\u00cencuraj\u0103m to\u021bi magistra\u021bii care \u00eendeplinesc condi\u021biile legale \u0219i profesionale s\u0103 se \u00eenscrie \u00een procedura de selec\u021bie pentru func\u021biile de conducere ale parchetelor.<\/p>\n<p>O competi\u021bie autentic\u0103, cu mai mul\u021bi candida\u021bi, reprezint\u0103 o condi\u021bie esen\u021bial\u0103 pentru credibilizarea actului de justi\u021bie, consolidarea \u00eencrederii publice, diminuarea suspiciunilor persistente privind influen\u021ba politic\u0103 asupra parchetelor.<\/p>\n<p>Subliniem c\u0103 existen\u021ba \u00een competi\u021bie doar a actualilor \u0219efi de parchete accentueaz\u0103 percep\u021bia public\u0103 potrivit c\u0103reia aceste institu\u021bii sunt controlate sau capturate de grupuri de interese politic infrac\u021bionale.<\/p>\n<p>Lipsa competi\u021biei reale compromite legitimitatea procedurii \u0219i afecteaz\u0103 grav imaginea independen\u021bei justi\u021biei.\u201d<\/p>\n<p><strong>2. Condamn\u0103 intimidarea magistra\u021bilor care inten\u021bioneaz\u0103 s\u0103 candideze.<\/strong><\/p>\n<p>\u201eCondamn\u0103m ferm orice tentativ\u0103 de intimidare, descurajare sau presiune exercitat\u0103 asupra magistra\u021bilor care inten\u021bioneaz\u0103 s\u0103 candideze pentru func\u021biile de conducere din parchete. Este inacceptabil ca persoane aflate \u00een pozi\u021bii de conducere s\u0103 utilizeze autoritatea institu\u021bional\u0103, influen\u021ba profesional\u0103 sau mecanisme informale de putere, pentru a limita artificial competi\u021bia, pentru a induce teama de represalii sau pentru a men\u021bine un control nelegitim asupra procesului de selec\u021bie. Astfel de practici viciaz\u0103 competi\u021bia, afecteaz\u0103 grav \u00eencrederea public\u0103 \u0219i sunt incompatibile cu principiile statului de drept.\u201d<\/p>\n<p><strong>3. Condamn\u0103 h\u0103r\u021buirea \u0219i discreditarea magistra\u021bilor care s-au pozi\u021bionat critic.<\/strong><\/p>\n<p>\u201eCondamn\u0103m, de asemenea, h\u0103r\u021buirea profesional\u0103, manipularea \u0219i discreditarea public\u0103 a magistra\u021bilor care, \u00een mod legitim, s-au pozi\u021bionat critic fa\u021b\u0103 de capturarea justi\u021biei de c\u0103tre re\u021bele de influen\u021b\u0103 politic\u0103, fa\u021b\u0103 de derapajele din interiorul sistemului judiciar sau \u00eempotriva utiliz\u0103rii func\u021biilor de conducere \u00een scopuri politice sau de grup. Este inadmisibil ca exprimarea unor pozi\u021bii critice, argumentate conform statutului magistratului s\u0103 fie sanc\u021bionate prin marginalizare profesional\u0103, blocarea accesului la func\u021bii sau stigmatizare public\u0103. Astfel de conduite creeaz\u0103 un climat de team\u0103 \u0219i autocenzur\u0103 incompatibil cu o justi\u021bie independent\u0103.\u201d<\/p>\n<p><strong>4. Solicit\u0103 implicarea activ\u0103 a Pre\u0219edintelui Rom\u00e2niei.<\/strong><\/p>\n<p>Solicit\u0103m Pre\u0219edintelui Rom\u00e2niei s\u0103 \u00ee\u0219i exercite rolul constitu\u021bional \u00een mod activ, responsabil \u0219i ferm \u00een cadrul procedurii de desemnare a conducerii parchetelor.\u201d<\/p>\n<p>Atragerea aten\u021biei asupra derapajelor existente, spun semnatarii, este necesar\u0103 \u00een contextul \u00een care:<\/p>\n<ul>\n<li>unii \u0219efi ai justi\u021biei \u0219i-au dep\u0103\u0219it limitele legale;<\/li>\n<li>au ac\u021bionat politic, \u00een sprijinul unor grupuri de influen\u021b\u0103;<\/li>\n<li>au generat un adev\u0103rat fenomen de eliberare \u0219i protejare a marilor corup\u021bi, intensific\u00e2nd percep\u021bia c\u0103 exist\u0103 o protec\u021bie generalizat\u0103 fa\u021b\u0103 de ace\u0219tia;<\/li>\n<li>au formulat amenin\u021b\u0103ri sau presiuni la adresa reprezentan\u021bilor altor puteri ale statului ori a organiza\u021biilor civice neguvernamentale<\/li>\n<\/ul>\n<p><strong>5. Solicit\u0103 transparen\u021b\u0103 \u00een procedura de selec\u021bie.<\/strong><\/p>\n<p>\u201eSolicit\u0103m asigurarea unei transparen\u021be reale \u0219i verificabile \u00een procedura de selec\u021bie a \u0219efilor de parchete prin publicarea pozi\u021biilor exprimate de membrii comisiei de selec\u021bie organizate la nivelul Ministerului Justi\u021biei chiar dac\u0103 opinia acestora este doar consultativ\u0103. Dincolo de retorica public\u0103 a actualului ministru de justi\u021bie, conform legii 303\/2002 decizia de selec\u021bie a \u0219efilor de parchete \u00eei apar\u021bine, aceasta aduc\u00e2nd dup\u0103 sine o responsabilitate politic\u0103 evident\u0103\u201d.<\/p>\n<p>Semnatarii scrisoarii deschise reamintes c\u0103, \u00een procedurile anterioare, aceste avize au fost lipsite de relevan\u021b\u0103 real\u0103, decizia final\u0103 apar\u021bin\u00e2nd exclusiv ministrului justi\u021biei, ceea ce a transformat o procedur\u0103 profesional\u0103 \u00eentr-o decizie eminamente politic\u0103.<\/p>\n<p>\u201eJusti\u021bia nu poate fi credibil\u0103 f\u0103r\u0103 competi\u021bie real\u0103, f\u0103r\u0103 protejarea magistra\u021bilor independen\u021bi \u0219i f\u0103r\u0103 transparen\u021b\u0103 institu\u021bional\u0103. Statul de drept nu este un dat, ci o construc\u021bie care trebuie ap\u0103rat\u0103 constant\u201d, se mai arat\u0103 \u00een scrisoarea deschis\u0103.<\/p>\n<p>Semnatarii scrisorii sunt: Ini\u021biativa Timi\u0219oara, Ini\u021biativa Rom\u00e2nia, Corup\u021bia ucide, Reset, Agent Green, Rezisten\u021ba civic\u0103 Gala\u021bi, Grupul pentru Dialog Social, Asocia\u021bia Codrii Ia\u0219ilor, Societatea Timi\u0219oara, Asocia\u021bia Civic\u0103 Tineri Liberi din Timi\u0219oara, \u00cempreun\u0103 pentru A8, Asocia\u021bia Civica, Funda\u021bia Eco-Civica, #activAG Pite\u0219ti, VeDem Just, Valea Jiului Society, Asocia\u021bia Eco Civic Gork, Asocia\u021bia Ini\u021biativa pentru Cultur\u0103 Democratic\u0103 European\u0103 ICDE, Voluntari \u00een Europa, Asocia\u021bia MEA (Media, Educa\u021bie \u0219i Activism), #Rezisten\u021ba, Centrul pentru Inovare Public\u0103, Freedom House Rom\u00e2nia, CeRe: Centrul de Resurse pentru participare public\u0103, Funda\u021bia Greenpeace Rom\u00e2nia, Ondine Ghergu\u021b \u2013 Jurnalist de investiga\u021bie, Asocia\u021bia Institutul Social Valea Jiului, Asocia\u021bia Umanitar\u0103 Kandila, Asocia\u021bia pentru Educa\u021bie \u0219i Cultura Eminens, Asocia\u021bia De Pe Vale Petro\u0219ani, Asocia\u021bia Bankwatch Rom\u00e2nia, Asocia\u021bia Declic, Mi\u0219carea pentru Dezvoltarea Moldovei \u0219i Asocia\u021bia Ploie\u0219ti pentru oameni.<\/p>\n<div id=\"metaslider-id-56545\" class=\"ml-slider-3-18-9 metaslider metaslider-responsive metaslider-56545 ml-slider nav-hidden nav-hidden nav-hidden\">\n<div id=\"metaslider_container_56545\">\n<ul id=\"metaslider_56545\" class=\"rslides\">\n<li><a href=\"https:\/\/www.iuliustown.ro\/ro\/winter-sale\" target=\"_blank\"><img decoding=\"async\" width=\"610\" height=\"260\" loading=\"lazy\" title=\"Banner Iulius Town - Winter Sales - ianuarie 2025 - 610x260\" class=\"slider-56545 slide-61078 lazyload\" src=\"https:\/\/analyse.optim.biz\/wp-content\/uploads\/2026\/01\/banner-iulius-town-winter-sales-ianuarie-2025-610x260-1-215.png\"><img decoding=\"async\" width=\"610\" height=\"260\" src=\"https:\/\/analyse.optim.biz\/wp-content\/uploads\/2026\/01\/banner-iulius-town-winter-sales-ianuarie-2025-610x260-1-215.png\" class=\"slider-56545 slide-61078\" loading=\"lazy\" title=\"Banner Iulius Town - Winter Sales - ianuarie 2025 - 610x260\"><\/a><\/li>\n<\/ul>\n<\/div>\n<\/div>\n<div class=\"printfriendly pf-alignright\"><a href=\"https:\/\/timpolis.ro\/scrisoare-deschisa-vre-competitie-reala-la-sefia-parchetelor\/\" rel=\"nofollow\" title=\"Printer Friendly, PDF &amp; Email\"><img decoding=\"async\" alt=\"Print Friendly, PDF &amp; Email\" class=\"lazyload\" src=\"https:\/\/analyse.optim.biz\/wp-content\/uploads\/2026\/01\/print-button-215.png\" title=\"print-button-215\"><img decoding=\"async\" src=\"https:\/\/analyse.optim.biz\/wp-content\/uploads\/2026\/01\/print-button-215.png\" alt=\"Print Friendly, PDF &amp; Email\" title=\"print-button-215\"><\/a><\/div>\n<\/div>\n<p> Source URL: https:\/\/timpolis.ro\/scrisoare-deschisa-vre-competitie-reala-la-sefia-parchetelor\/<\/p>\n","protected":false},"excerpt":{"rendered":"<p>Peste 30 de organiza\u021bii civice au semnat o scrisoare deschis\u0103 adresat\u0103 magistra\u021bilor, autorit\u0103\u021bilor statului \u0219i Pre\u0219edintelui Rom\u00e2niei \u00een contextul procedurii de selec\u021bie pentru func\u021biile de procuror general al Parchetului de pe l\u00e2ng\u0103 \u00cenalta Curte de Casa\u021bie \u0219i Justi\u021bie, procuror-\u0219ef \u0219i procuror-\u0219ef adjunct al DNA \u0219i procuror-\u0219ef \u0219i procuror-\u0219ef adjunct al DIICOT. \u00a0 Prin aceast\u0103 scrisoarea [&hellip;]<\/p>\n","protected":false},"author":1,"featured_media":1635364,"comment_status":"open","ping_status":"","sticky":false,"template":"","format":"standard","meta":{"footnotes":""},"categories":[89],"tags":[202],"class_list":["post-1635363","post","type-post","status-publish","format-standard","has-post-thumbnail","hentry","category-romania","tag-timpolis-ro"],"_links":{"self":[{"href":"https:\/\/analyse.optim.biz\/index.php?rest_route=\/wp\/v2\/posts\/1635363","targetHints":{"allow":["GET"]}}],"collection":[{"href":"https:\/\/analyse.optim.biz\/index.php?rest_route=\/wp\/v2\/posts"}],"about":[{"href":"https:\/\/analyse.optim.biz\/index.php?rest_route=\/wp\/v2\/types\/post"}],"author":[{"embeddable":true,"href":"https:\/\/analyse.optim.biz\/index.php?rest_route=\/wp\/v2\/users\/1"}],"replies":[{"embeddable":true,"href":"https:\/\/analyse.optim.biz\/index.php?rest_route=%2Fwp%2Fv2%2Fcomments&post=1635363"}],"version-history":[{"count":0,"href":"https:\/\/analyse.optim.biz\/index.php?rest_route=\/wp\/v2\/posts\/1635363\/revisions"}],"wp:featuredmedia":[{"embeddable":true,"href":"https:\/\/analyse.optim.biz\/index.php?rest_route=\/wp\/v2\/media\/1635364"}],"wp:attachment":[{"href":"https:\/\/analyse.optim.biz\/index.php?rest_route=%2Fwp%2Fv2%2Fmedia&parent=1635363"}],"wp:term":[{"taxonomy":"category","embeddable":true,"href":"https:\/\/analyse.optim.biz\/index.php?rest_route=%2Fwp%2Fv2%2Fcategories&post=1635363"},{"taxonomy":"post_tag","embeddable":true,"href":"https:\/\/analyse.optim.biz\/index.php?rest_route=%2Fwp%2Fv2%2Ftags&post=1635363"}],"curies":[{"name":"wp","href":"https:\/\/api.w.org\/{rel}","templated":true}]}}