{"id":163513,"date":"2016-06-06T22:58:09","date_gmt":"2016-06-06T19:58:09","guid":{"rendered":"https:\/\/analyse.optim.biz\/?p=163513"},"modified":"2016-06-06T22:58:09","modified_gmt":"2016-06-06T19:58:09","slug":"gabriela-firea-nu-voi-candida-pentru-sefia-psd","status":"publish","type":"post","link":"https:\/\/analyse.optim.biz\/?p=163513","title":{"rendered":"Gabriela Firea: Nu voi candida pentru \u0219efia PSD"},"content":{"rendered":"<div class=\"entry data-app-meta data-app-meta-article\" data-embed-base-url-canonical=\"https:\/\/www.digi24.ro\/embed\/stiri\/actualitate\/politica\/gabriela-firea-nu-voi-candida-pentru-sefia-psd-526289\">\n<p data-index=\"1\"><img decoding=\"async\" src=\"https:\/\/analyse.optim.biz\/wp-content\/uploads\/2024\/09\/dz04mdamagfzad04mtnizdvmzddintyxnte1zjzjnwfmnmmyntdkztc3yg-thumb_.jpg\" data-skip-htmlfix=\"1\" title=\"dz04mdamagfzad04mtnizdvmzddintyxnte1zjzjnwfmnmmyntdkztc3yg-thumb_\"><\/p>\n<p data-index=\"2\">\u00a0<span><em>Foto: Inquam Photos\/ Octav Ganea<\/em><\/span><\/p>\n<p data-index=\"3\">Gabriela Firea a subliniat c\u0103 nu se va \u00eenscrie \u00een cursa pentru func\u021bia de pre\u0219edinte al PSD. Ea a precizat c\u0103 vrea s\u0103 \u00ee\u0219i duc\u0103 la cap\u0103t mandatul de primar general al Capitalei.<\/p>\n<p data-index=\"4\"><em>\u201eVreau s\u0103 spulber aceste insinu\u0103ri (c\u0103 vrea s\u0103 \u00eei ia locul lui Liviu Dragnea la pre\u0219edin\u021bia PSD \u2014 n.r.) \u0219i s\u0103 v\u0103 spun cu toat\u0103 fermitatea, noi avem un pre\u0219edinte al partidului ales prin congres statutar, nu avem alegeri \u0219i nu avem de ce s\u0103 organiz\u0103m acum un congres.<\/em><\/p>\n<p data-index=\"5\"><em> \u00cen ce m\u0103 prive\u0219te \u0219i dac\u0103 peste c\u00e2\u021biva ani la momentul statutar se vor organiza alegeri \u00een PSD, nu m\u0103 voi \u00eenscrie \u00een aceast\u0103 curs\u0103 pentru c\u0103 sunt un om extrem de responsabil. Eu dac\u0103 am \u00eenceput un proiect vreau s\u0103 \u00eel duc la cap\u0103t. Eu am venit din partea alian\u021bei PSD-UNPR \u00eentr-o competi\u021bie foarte grea \u0219i foarte riscant\u0103 \u0219i dac\u0103 am c\u00e2\u0219tigat, datorit\u0103 lui Dumnezeu, datorit\u0103 colegilor mei care m-au propus, m-au sus\u021binut \u0219i \u00een mod special \u0219i principal al bucure\u0219tenilor care au investit \u00eencredere \u00een mine, eu r\u0103m\u00e2n la Capital\u0103 s\u0103 rezolv toate problemele care treneaz\u0103 de ani de zile&#8221;<\/em>, a spus Gabriela Firea.<\/p>\n<p data-index=\"6\">Gabriela Firea a ad\u0103ugat c\u0103 \u00een func\u021bia de primar general al Capitalei va avea treab\u0103 de diminea\u021b\u0103 p\u00e2n\u0103 seara \u0219i nu vrea s\u0103 mai \u201edevieze&#8221; nici c\u0103tre alte func\u021bii politice, nici c\u0103tre alte preocup\u0103ri.<\/p>\n<p data-index=\"7\">La r\u00e2ndul s\u0103u, liderul social-democra\u021bilor a spus c\u0103 nu se teme c\u0103 Gabriela Firea \u00eei va lua locul. Liviu Dragnea, a precizat c\u0103 a fost sf\u0103tuit s\u0103 nu numeasc\u0103 pe Gabriela Firea pentru Prim\u0103ria Capitalei pentru c\u0103 nu ar fi avut \u0219anse.<\/p>\n<p data-index=\"8\"><em>\u201eAm fost \u0219i sf\u0103tuit \u00een ce prive\u0219te Prim\u0103ria Capitalei \u00een perioada de dinainte de a anun\u021ba oficial decizia mea de a o numi pe doamna Firea, c\u0103 nu e bine s\u0103 o pun pe Gabi Firea, mul\u021bi oameni de bine mi-au spus asta \u0219i din interior \u0219i din exterior, cu tot felul de argumente de genul c\u0103 nu are cum s\u0103 c\u00e2\u0219tige o femeie la Bucure\u0219ti, Gabi Fierea nu poate fi bun\u0103 ca primar, nu poate convinge cet\u0103\u021benii, dac\u0103 ajunge primar o s\u0103 \u00eemi ia locul, o s\u0103 devin\u0103 un centru de putere \u00een partid. <\/em><\/p>\n<p data-index=\"9\"><em>Mi-am dat seama c\u0103 poate de-a lungul istoriei nu s-a dorit cu t\u0103rie \u00een interiorul partidului nostru, de c\u0103tre conducerea partidului, ca PSD s\u0103 aib\u0103 primarul general. Mie nu mi-e team\u0103 de asta, am vrut s\u0103 adun \u00een jurul meu oameni buni, puternici. Nu exist\u0103 a\u0219a ceva, c\u0103 Gabi Firea o s\u0103 \u00eemi ia locul. Avem un partid unit, s\u0103n\u0103tos \u0219i este foarte preg\u0103tit pentru alegerile parlamentare<\/em>&#8220;, a \u00eencheiat Liviu Dragnea.<\/p>\n<h5>Citi\u021bi \u0219i:<\/h5>\n<h5><a href=\"https:\/\/www.digi24.ro\/Stiri\/Digi24\/Actualitate\/Alegeri+locale+2016\/Rezultate+partiale+BEC+pentru+primarii+PSD+-+44+52+PNL+-+34+60+A\" target=\"_blank\" data-skip-linkfix=\"1\" rel=\"noopener\">Rezultate par\u0163iale BEC pentru prim\u0103rii: PSD &#8211; 37,47%, PNL &#8211; 32,98%, ALDE &#8211; 5,56%<\/a><\/h5>\n<h5><a href=\"https:\/\/www.digi24.ro\/Stiri\/Digi24\/Actualitate\/Alegeri+locale+2016\/USB+depune+o+cerere+pentru+renumararea+voturilor+in+mai+multe+se\" target=\"_blank\" data-skip-linkfix=\"1\" rel=\"noopener\">Partidul lui Nicu\u0219or Dan cere renum\u0103rarea voturilor \u00een mai multe sec\u021bii din Sectorul 1<\/a><\/h5>\n<\/div>\n<p> Source URL: https:\/\/www.digi24.ro\/stiri\/actualitate\/politica\/gabriela-firea-nu-voi-candida-pentru-sefia-psd-526289<\/p>\n","protected":false},"excerpt":{"rendered":"<p>\u00a0Foto: Inquam Photos\/ Octav Ganea Gabriela Firea a subliniat c\u0103 nu se va \u00eenscrie \u00een cursa pentru func\u021bia de pre\u0219edinte al PSD. Ea a precizat c\u0103 vrea s\u0103 \u00ee\u0219i duc\u0103 la cap\u0103t mandatul de primar general al Capitalei. \u201eVreau s\u0103 spulber aceste insinu\u0103ri (c\u0103 vrea s\u0103 \u00eei ia locul lui Liviu Dragnea la pre\u0219edin\u021bia PSD [&hellip;]<\/p>\n","protected":false},"author":1,"featured_media":163514,"comment_status":"open","ping_status":"","sticky":false,"template":"","format":"standard","meta":{"footnotes":""},"categories":[2],"tags":[11],"class_list":["post-163513","post","type-post","status-publish","format-standard","has-post-thumbnail","hentry","category-politics","tag-digi24"],"_links":{"self":[{"href":"https:\/\/analyse.optim.biz\/index.php?rest_route=\/wp\/v2\/posts\/163513","targetHints":{"allow":["GET"]}}],"collection":[{"href":"https:\/\/analyse.optim.biz\/index.php?rest_route=\/wp\/v2\/posts"}],"about":[{"href":"https:\/\/analyse.optim.biz\/index.php?rest_route=\/wp\/v2\/types\/post"}],"author":[{"embeddable":true,"href":"https:\/\/analyse.optim.biz\/index.php?rest_route=\/wp\/v2\/users\/1"}],"replies":[{"embeddable":true,"href":"https:\/\/analyse.optim.biz\/index.php?rest_route=%2Fwp%2Fv2%2Fcomments&post=163513"}],"version-history":[{"count":0,"href":"https:\/\/analyse.optim.biz\/index.php?rest_route=\/wp\/v2\/posts\/163513\/revisions"}],"wp:featuredmedia":[{"embeddable":true,"href":"https:\/\/analyse.optim.biz\/index.php?rest_route=\/wp\/v2\/media\/163514"}],"wp:attachment":[{"href":"https:\/\/analyse.optim.biz\/index.php?rest_route=%2Fwp%2Fv2%2Fmedia&parent=163513"}],"wp:term":[{"taxonomy":"category","embeddable":true,"href":"https:\/\/analyse.optim.biz\/index.php?rest_route=%2Fwp%2Fv2%2Fcategories&post=163513"},{"taxonomy":"post_tag","embeddable":true,"href":"https:\/\/analyse.optim.biz\/index.php?rest_route=%2Fwp%2Fv2%2Ftags&post=163513"}],"curies":[{"name":"wp","href":"https:\/\/api.w.org\/{rel}","templated":true}]}}