{"id":163502,"date":"2016-06-07T12:17:32","date_gmt":"2016-06-07T09:17:32","guid":{"rendered":"https:\/\/analyse.optim.biz\/?p=163502"},"modified":"2016-06-07T12:17:32","modified_gmt":"2016-06-07T09:17:32","slug":"klaus-iohannis-prima-reactie-dupa-alegeri","status":"publish","type":"post","link":"https:\/\/analyse.optim.biz\/?p=163502","title":{"rendered":"Klaus Iohannis, prima reac\u021bie dup\u0103 alegeri"},"content":{"rendered":"<div class=\"entry data-app-meta data-app-meta-article\" data-embed-base-url-canonical=\"https:\/\/www.digi24.ro\/embed\/stiri\/actualitate\/politica\/klaus-iohannis-prima-reactie-dupa-alegeri-526395\">\n<p data-index=\"1\">\u201eP\u00e2n\u0103 ajungem \u00een \u021bar\u0103, ne mai trec sup\u0103r\u0103rile\u201d, a men\u021bionat \u00eens\u0103 \u0219eful statului.<\/p>\n<p data-index=\"2\">Aceste declara\u021bii au fost f\u0103cute jurnali\u0219tilor care \u00eel \u00eenso\u021besc pe \u0219eful statului \u00een vizita din Luxemburg, la dou\u0103 zile de la scrutinul local de duminic\u0103, \u00een care liberalii au pierdut b\u0103t\u0103lia electoral\u0103, \u00een special la Bucure\u0219ti. Pre\u0219edintele a ezitat un pic \u00eenainte de a face aceste declara\u021bii, precizeaz\u0103 trimisul Digi24, Alina Manolache. Klaus Iohannis a men\u021bionat c\u0103 ar prefera s\u0103 aib\u0103 rezultatele oficiale \u0219i s\u0103 comenteze c\u00e2nd se \u00eentoarce \u00een \u021bar\u0103, dar a r\u0103spuns totu\u0219i \u00eentreb\u0103rilor presei, la finalul unei vizite f\u0103cute la o universitate din Luxemburg.<\/p>\n<p data-index=\"3\">\u00centrebat dac\u0103 le-a transmis liberalilor c\u0103 este sup\u0103rat pe ei, pre\u0219edintele nu a negat niciun moment acest lucru. Nu a spus cu subiect \u0219i predicat c\u0103 este sup\u0103rat, dar nici nu a negat faptul c\u0103 l-au deranjat rezultatele PNL, destul de slabe, mai ales \u00een Capital\u0103.<\/p>\n<p data-index=\"4\">Pre\u015fedintele a evitat s\u0103 spun\u0103 dac\u0103 i-a sunat sau nu pe fo\u015ftii s\u0103i colegi din PNL dup\u0103 alegeri. A l\u0103sat totu\u015fi s\u0103 se \u00een\u0163eleag\u0103 c\u0103 este dezam\u0103git de rezultatul scrutinului.<\/p>\n<p data-index=\"5\">Jurnalist: <em>Au ap\u0103rut informa\u0163ii c\u0103 deja le-a\u0163i transmis liberalilor c\u0103 sunte\u0163i sup\u0103rat, sunte\u0163i negru de sup\u0103rare c\u0103 au ie\u015fit a\u015fa scorurile&#8230;<\/em><\/p>\n<p data-index=\"6\">Pre\u0219edintele Klaus Iohannis r\u0103spunde z\u00e2mbind, dup\u0103 o clip\u0103 de g\u00e2ndire:<em><strong> \u201eCred c\u0103 este bine \u00eentr-un fel c\u0103 am avut aceast\u0103 vizit\u0103 de stat dup\u0103 alegeri \u0219i p\u00e2n\u0103 ne \u00eent\u00e2lnim cu to\u021bii o s\u0103 fim iara\u0219i foarte calmi \u0219i o s\u0103 discut\u0103m la rece toate rezultatele\u201d. \u00a0<\/strong><\/em><\/p>\n<p data-index=\"7\">\u0218eful statului a precizat c\u0103 aceast\u0103 vizit\u0103 de dou\u0103 zile \u00een Luxemburg a f\u0103cut oportun\u0103, pentru c\u0103 i-a dat suficient timp s\u0103-i mai treac\u0103 sup\u0103rarea. Este de a\u0219teptat \u00eens\u0103 ca \u0219eful statului s\u0103 aib\u0103 discu\u021bii cu liberalii la \u00eentoarcerea \u00een \u021bar\u0103.<\/p>\n<p data-index=\"8\">Klaus Iohannis a mai declarat c\u0103 aceste alegeri au fost democratice \u0219i corecte, f\u0103r\u0103 niciun fel de derapaje, iar prezen\u021ba la nivel na\u021bional a fost una destul de bun\u0103, nu \u00eens\u0103 \u0219i \u00een Capital\u0103. Klaus Iohannis a apreciat c\u0103 poate oferta partidelor \u0219i a candida\u021bilor independen\u021bi ar fi trebuit s\u0103 fie mai bun\u0103. Nu a f\u0103cut niciun comentariu \u00een leg\u0103tur\u0103 cu rezultatul peste a\u0219tept\u0103ri al social-democra\u021bilor.<\/p>\n<p data-index=\"9\">\u201eToate partidele trebuie s\u0103 vin\u0103 cu ofert\u0103 mai atractiv\u0103 pentru bucure\u0219teni. Poate partidele nu au \u00een\u021beles foarte bine ce doresc bucure\u0219tenii de la administra\u021bia local\u0103 bucure\u0219tean\u0103. E o tem\u0103 important\u0103\u201d, a spus pre\u0219edintele.<\/p>\n<p data-index=\"10\">\u0218eful statului e deranjat \u0219i de faptul c\u0103 oameni cu probleme penale au ajuns s\u0103 fie reale\u0219i. \u201eE foarte discutabil cum au fost alese persoane cu probleme penale \u0219i trebuie s\u0103 recunosc c\u0103<strong> \u0219i aici am fost \u00eentrebat de ce este posibil \u00een Rom\u00e2nia s\u0103 fie alese persoane care au probleme cu legea. Am explicat c\u0103 procedura de combatere a corup\u021biei e un proces dureros \u0219i suntem departe de momentul \u00een care toat\u0103 lumea \u00een\u021belege de ce e important s\u0103 avem o clas\u0103 politic\u0103 curat\u0103\u201d<\/strong>, a mai explicat Klaus Iohannis.<\/p>\n<\/div>\n<p> Source URL: https:\/\/www.digi24.ro\/stiri\/actualitate\/politica\/klaus-iohannis-prima-reactie-dupa-alegeri-526395<\/p>\n","protected":false},"excerpt":{"rendered":"<p>\u201eP\u00e2n\u0103 ajungem \u00een \u021bar\u0103, ne mai trec sup\u0103r\u0103rile\u201d, a men\u021bionat \u00eens\u0103 \u0219eful statului. Aceste declara\u021bii au fost f\u0103cute jurnali\u0219tilor care \u00eel \u00eenso\u021besc pe \u0219eful statului \u00een vizita din Luxemburg, la dou\u0103 zile de la scrutinul local de duminic\u0103, \u00een care liberalii au pierdut b\u0103t\u0103lia electoral\u0103, \u00een special la Bucure\u0219ti. Pre\u0219edintele a ezitat un pic \u00eenainte [&hellip;]<\/p>\n","protected":false},"author":1,"featured_media":163503,"comment_status":"open","ping_status":"","sticky":false,"template":"","format":"standard","meta":{"footnotes":""},"categories":[2],"tags":[11],"class_list":["post-163502","post","type-post","status-publish","format-standard","has-post-thumbnail","hentry","category-politics","tag-digi24"],"_links":{"self":[{"href":"https:\/\/analyse.optim.biz\/index.php?rest_route=\/wp\/v2\/posts\/163502","targetHints":{"allow":["GET"]}}],"collection":[{"href":"https:\/\/analyse.optim.biz\/index.php?rest_route=\/wp\/v2\/posts"}],"about":[{"href":"https:\/\/analyse.optim.biz\/index.php?rest_route=\/wp\/v2\/types\/post"}],"author":[{"embeddable":true,"href":"https:\/\/analyse.optim.biz\/index.php?rest_route=\/wp\/v2\/users\/1"}],"replies":[{"embeddable":true,"href":"https:\/\/analyse.optim.biz\/index.php?rest_route=%2Fwp%2Fv2%2Fcomments&post=163502"}],"version-history":[{"count":0,"href":"https:\/\/analyse.optim.biz\/index.php?rest_route=\/wp\/v2\/posts\/163502\/revisions"}],"wp:featuredmedia":[{"embeddable":true,"href":"https:\/\/analyse.optim.biz\/index.php?rest_route=\/wp\/v2\/media\/163503"}],"wp:attachment":[{"href":"https:\/\/analyse.optim.biz\/index.php?rest_route=%2Fwp%2Fv2%2Fmedia&parent=163502"}],"wp:term":[{"taxonomy":"category","embeddable":true,"href":"https:\/\/analyse.optim.biz\/index.php?rest_route=%2Fwp%2Fv2%2Fcategories&post=163502"},{"taxonomy":"post_tag","embeddable":true,"href":"https:\/\/analyse.optim.biz\/index.php?rest_route=%2Fwp%2Fv2%2Ftags&post=163502"}],"curies":[{"name":"wp","href":"https:\/\/api.w.org\/{rel}","templated":true}]}}