{"id":163499,"date":"2016-06-07T13:50:38","date_gmt":"2016-06-07T10:50:38","guid":{"rendered":"https:\/\/analyse.optim.biz\/?p=163499"},"modified":"2016-06-07T13:50:38","modified_gmt":"2016-06-07T10:50:38","slug":"ovidiu-raetchi-pnl-nu-ne-au-placut-oengistii-nu-ne-au-placut-hipsterii-ei-uite-ca-ne-au-batut-de-ne-a-sunat-apa-n-cap","status":"publish","type":"post","link":"https:\/\/analyse.optim.biz\/?p=163499","title":{"rendered":"Ovidiu Rae\u021bchi, PNL: \u201eNu ne-au pl\u0103cut oengi\u015ftii? Nu ne-au pl\u0103cut hipsterii? Ei, uite c\u0103 ne-au b\u0103tut de ne-a sunat apa-n cap\u201d"},"content":{"rendered":"<div class=\"entry data-app-meta data-app-meta-article\" data-embed-base-url-canonical=\"https:\/\/www.digi24.ro\/embed\/stiri\/actualitate\/politica\/ovidiu-raetchi-pnl-nu-ne-au-placut-oengistii-nu-ne-au-placut-hipsterii-ei-uite-ca-ne-au-batut-de-ne-a-sunat-apa-n-cap-526434\">\n<p data-index=\"1\"><img decoding=\"async\" src=\"https:\/\/analyse.optim.biz\/wp-content\/uploads\/2024\/09\/zyz3ptgwmczoyxnopwy2nwvjnzy1mzhizmjmzdi3ota5zgezzdu5mzbkzgri-thumb_.jpg\" data-skip-htmlfix=\"1\" title=\"zyz3ptgwmczoyxnopwy2nwvjnzy1mzhizmjmzdi3ota5zgezzdu5mzbkzgri-thumb_\"><\/p>\n<p data-index=\"2\">Deputat PNL pentru Diaspora, Ovidiu Rae\u021bchi a ob\u021binut\u00a0<span>26,52 la sut\u0103 din voturi la alegerile pentru func\u021bia de primar al sectorului 5, fiind devansat de social-democratul\u00a0<span>Daniel Florea, cu\u00a036,51% la sut\u0103 din voturi.<\/span><\/span><\/p>\n<p data-index=\"3\">\u201eE o \u00eenfr\u00e2ngere devastatoare. \u00cen urm\u0103 cu 24 de ore nimeni nu \u00ee\u015fi imagina un Bucure\u015fti 100% ro\u015fu. Pe de alt\u0103 parte, cred c\u0103 e o prostie ca acest e\u015fec s\u0103 fie n\u0103cl\u0103it \u015fi disimulat \u00een <strong>reglaje de putere \u00eentre grupuri<\/strong> \u2013 unul mai breaz ca altul. E mult prea grav ca s\u0103 fie o problem\u0103 de ga\u015fc\u0103. Aici <strong>e vorba despre o criz\u0103 de identitate a PNL<\/strong>, care \u00ee\u015fi vede propria utilitate citadin\u0103 amenin\u0163at\u0103 de grup\u0103ri reformiste mai tinere\u201d, scrie Ovdiu Rae\u021bchi.<\/p>\n<p data-index=\"4\">PNL a mizat totu\u015fi pe \u201eintegritate\u201d \u015fi \u201ereform\u0103\u201d, dar s-a v\u0103zut concurat de un grup nou, mai t\u00e2n\u0103r, mai cosmopolit, mai \u201epa\u015foptist\u201d \u015fi, inevitabil, scutit de petele oric\u0103rui CV politic. A fost prea pu\u0163in timp la dispozi\u0163ie pentru ca \u201ereforma moral\u0103\u201d din PNL s\u0103 conving\u0103 pe cineva. \u00cen mod natural, for\u0163a civic\u0103 (\u015fi academic\u0103!) din USB a p\u0103rut mai proasp\u0103t\u0103. (&#8230;) Adev\u0103rul este c\u0103, la urne, tocmai PNL-ul reformat a mers prost. <strong>Mult mai eficient s-a dovedit PNL-ul old-style, cu pu\u0163in os de baron<\/strong>; nu la nivel PSD, desigur, dar c\u00e2t de c\u00e2t, acolo&#8230; Oamenii vechi \u015fi siguri. Partidul Na\u0163ional Liberal ar fi avut \u2013 \u00een Bucure\u015fti \u015fi \u00een \u0163ar\u0103 \u2013 rezultate infinit mai bune dac\u0103, pe modelul PSD, ar fi l\u0103sat-o moale \u00een privin\u0163a criteriilor anti-corup\u0163ie. Nu c\u00e2\u015ftiga Chiliman? Nu putea spune \u015fi el c\u0103 e victim\u0103 politic\u0103? Nu putea s\u0103 zic\u0103 \u015fi Orban c\u0103 e scos din curs\u0103 din ra\u0163iuni obscure?\u201d, se \u00eentreab\u0103, retoric, deputatul.<\/p>\n<p data-index=\"5\">El avertizeaz\u0103 c\u0103 <strong>cel mai mare pericol cu care se confrunt\u0103 PNL<\/strong> acum este triumful ideii c\u0103 reforma intern\u0103 \u015fi integritatea sunt ni\u015fte t\u00e2mpenii ineficiente. \u201eE mult prea facil \u015fi e absolut inutil s\u0103 g\u0103sim un vinovat sau doi. Problema e structural\u0103, nu contextual\u0103.<strong> Criza e strategic\u0103, nu cauzat\u0103 de erori tactice\u201d,<\/strong> scrie Ovidiu Rae\u021bchi, care ofer\u0103 \u0219i exemple: validarea lui Marian Munteanu \u00een dou\u0103 ore, f\u0103r\u0103 o verificare a biografiei, \u0219i atacarea lui Nicu\u015for.<\/p>\n<p data-index=\"6\">\u201eProblema urgent\u0103 a PNL nu e managementul lui Blaga sau Predoiu, ci stabilirea utilit\u0103\u0163ii acestui partid pentru electoratul din Rom\u00e2nia. Suntem urbani, reformi\u015fti \u015fi integri? Suntem conservatori \u2013 cum am dat s\u0103 suger\u0103m cu Munteanu? Vrem s\u0103 ocup\u0103m centrul mai popular sau dreapta mai elitist\u0103? Pe cine reprezent\u0103m?\u201d, puncteaz\u0103 Ovidiu Rae\u021bchi.<\/p>\n<p data-index=\"7\">\u201eNu ne-au pl\u0103cut oengi\u015ftii? Nu ne-au pl\u0103cut hipsterii? Ei, uite c\u0103 ne-au b\u0103tut de ne-a sunat apa-n cap. Pentru c\u0103 liberalii sunt oengi\u015ftii \u015fi hipsterii de ieri, care trebuie s\u0103 g\u0103seasc\u0103 resurse constante de \u00eentinerire, nu s\u0103 se b\u0103beasc\u0103 \u00een func\u0163ii\u201d, conchide Ovidiu Rae\u021bchi.<\/p>\n<p data-index=\"8\">Articolul intergral, <a href=\"http:\/\/adevarul.ro\/news\/politica\/criza-pnl-naiba-noi-1_575567155ab6550cb8b24e61\/index.html\" target=\"_blank\" data-skip-linkfix=\"1\" rel=\"noopener\"><strong>AICI<\/strong><\/a>.<\/p>\n<\/div>\n<p> Source URL: https:\/\/www.digi24.ro\/stiri\/actualitate\/politica\/ovidiu-raetchi-pnl-nu-ne-au-placut-oengistii-nu-ne-au-placut-hipsterii-ei-uite-ca-ne-au-batut-de-ne-a-sunat-apa-n-cap-526434<\/p>\n","protected":false},"excerpt":{"rendered":"<p>Deputat PNL pentru Diaspora, Ovidiu Rae\u021bchi a ob\u021binut\u00a026,52 la sut\u0103 din voturi la alegerile pentru func\u021bia de primar al sectorului 5, fiind devansat de social-democratul\u00a0Daniel Florea, cu\u00a036,51% la sut\u0103 din voturi. \u201eE o \u00eenfr\u00e2ngere devastatoare. \u00cen urm\u0103 cu 24 de ore nimeni nu \u00ee\u015fi imagina un Bucure\u015fti 100% ro\u015fu. Pe de alt\u0103 parte, cred c\u0103 [&hellip;]<\/p>\n","protected":false},"author":1,"featured_media":163500,"comment_status":"open","ping_status":"","sticky":false,"template":"","format":"standard","meta":{"footnotes":""},"categories":[2],"tags":[11],"class_list":["post-163499","post","type-post","status-publish","format-standard","has-post-thumbnail","hentry","category-politics","tag-digi24"],"_links":{"self":[{"href":"https:\/\/analyse.optim.biz\/index.php?rest_route=\/wp\/v2\/posts\/163499","targetHints":{"allow":["GET"]}}],"collection":[{"href":"https:\/\/analyse.optim.biz\/index.php?rest_route=\/wp\/v2\/posts"}],"about":[{"href":"https:\/\/analyse.optim.biz\/index.php?rest_route=\/wp\/v2\/types\/post"}],"author":[{"embeddable":true,"href":"https:\/\/analyse.optim.biz\/index.php?rest_route=\/wp\/v2\/users\/1"}],"replies":[{"embeddable":true,"href":"https:\/\/analyse.optim.biz\/index.php?rest_route=%2Fwp%2Fv2%2Fcomments&post=163499"}],"version-history":[{"count":0,"href":"https:\/\/analyse.optim.biz\/index.php?rest_route=\/wp\/v2\/posts\/163499\/revisions"}],"wp:featuredmedia":[{"embeddable":true,"href":"https:\/\/analyse.optim.biz\/index.php?rest_route=\/wp\/v2\/media\/163500"}],"wp:attachment":[{"href":"https:\/\/analyse.optim.biz\/index.php?rest_route=%2Fwp%2Fv2%2Fmedia&parent=163499"}],"wp:term":[{"taxonomy":"category","embeddable":true,"href":"https:\/\/analyse.optim.biz\/index.php?rest_route=%2Fwp%2Fv2%2Fcategories&post=163499"},{"taxonomy":"post_tag","embeddable":true,"href":"https:\/\/analyse.optim.biz\/index.php?rest_route=%2Fwp%2Fv2%2Ftags&post=163499"}],"curies":[{"name":"wp","href":"https:\/\/api.w.org\/{rel}","templated":true}]}}