{"id":163471,"date":"2016-06-13T14:34:04","date_gmt":"2016-06-13T11:34:04","guid":{"rendered":"https:\/\/analyse.optim.biz\/?p=163471"},"modified":"2016-06-13T14:34:04","modified_gmt":"2016-06-13T11:34:04","slug":"valeriu-zgonea-nu-mai-este-presedintele-camerei-deputatilor","status":"publish","type":"post","link":"https:\/\/analyse.optim.biz\/?p=163471","title":{"rendered":"Valeriu Zgonea nu mai este pre\u0219edintele Camerei Deputa\u021bilor"},"content":{"rendered":"<div class=\"entry data-app-meta data-app-meta-article\" data-embed-base-url-canonical=\"https:\/\/www.digi24.ro\/embed\/stiri\/actualitate\/politica\/valeriu-zgonea-nu-mai-este-presedintele-camerei-deputatilor-528450\">\n<p data-index=\"1\"><img decoding=\"async\" src=\"https:\/\/analyse.optim.biz\/wp-content\/uploads\/2024\/09\/jmhhc2g9njjiztg2mje4nzczoduwzta1zjfjy2i3mgm4ywe3ztu-thumb_.jpg\" data-skip-htmlfix=\"1\" title=\"jmhhc2g9njjiztg2mje4nzczoduwzta1zjfjy2i3mgm4ywe3ztu-thumb_\"><\/p>\n<p data-index=\"2\"><span><em>Foto: InquamPhotos \/ Octav Ganea<\/em><\/span><\/p>\n<p data-index=\"3\">Plenul camerei se va reuni ast\u0103zi pentru a lua act de vacantarea postului de pre\u0219edinte al Camerei Deputa\u021bilor.\u00a0<\/p>\n<p data-index=\"4\">Biroul Permanent al Camerei Deputa\u0163ilor s-a reunit ast\u0103zi pentru a discuta punctul de vedere al Comisiei pentru Statut, potrivit c\u0103ruia func\u0163ia de pre\u015fedinte al forului este pierdut\u0103 automat \u00een momentul pierderii sus\u0163inerii politice, a\u015fa cum s-a \u00eent\u00e2mplat cu Valeriu Zgonea, dup\u0103 excluderea din PSD.<\/p>\n<\/div>\n<p> Source URL: https:\/\/www.digi24.ro\/stiri\/actualitate\/politica\/valeriu-zgonea-nu-mai-este-presedintele-camerei-deputatilor-528450<\/p>\n","protected":false},"excerpt":{"rendered":"<p>Foto: InquamPhotos \/ Octav Ganea Plenul camerei se va reuni ast\u0103zi pentru a lua act de vacantarea postului de pre\u0219edinte al Camerei Deputa\u021bilor.\u00a0 Biroul Permanent al Camerei Deputa\u0163ilor s-a reunit ast\u0103zi pentru a discuta punctul de vedere al Comisiei pentru Statut, potrivit c\u0103ruia func\u0163ia de pre\u015fedinte al forului este pierdut\u0103 automat \u00een momentul pierderii sus\u0163inerii [&hellip;]<\/p>\n","protected":false},"author":1,"featured_media":163472,"comment_status":"open","ping_status":"","sticky":false,"template":"","format":"standard","meta":{"footnotes":""},"categories":[2],"tags":[11],"class_list":["post-163471","post","type-post","status-publish","format-standard","has-post-thumbnail","hentry","category-politics","tag-digi24"],"_links":{"self":[{"href":"https:\/\/analyse.optim.biz\/index.php?rest_route=\/wp\/v2\/posts\/163471","targetHints":{"allow":["GET"]}}],"collection":[{"href":"https:\/\/analyse.optim.biz\/index.php?rest_route=\/wp\/v2\/posts"}],"about":[{"href":"https:\/\/analyse.optim.biz\/index.php?rest_route=\/wp\/v2\/types\/post"}],"author":[{"embeddable":true,"href":"https:\/\/analyse.optim.biz\/index.php?rest_route=\/wp\/v2\/users\/1"}],"replies":[{"embeddable":true,"href":"https:\/\/analyse.optim.biz\/index.php?rest_route=%2Fwp%2Fv2%2Fcomments&post=163471"}],"version-history":[{"count":0,"href":"https:\/\/analyse.optim.biz\/index.php?rest_route=\/wp\/v2\/posts\/163471\/revisions"}],"wp:featuredmedia":[{"embeddable":true,"href":"https:\/\/analyse.optim.biz\/index.php?rest_route=\/wp\/v2\/media\/163472"}],"wp:attachment":[{"href":"https:\/\/analyse.optim.biz\/index.php?rest_route=%2Fwp%2Fv2%2Fmedia&parent=163471"}],"wp:term":[{"taxonomy":"category","embeddable":true,"href":"https:\/\/analyse.optim.biz\/index.php?rest_route=%2Fwp%2Fv2%2Fcategories&post=163471"},{"taxonomy":"post_tag","embeddable":true,"href":"https:\/\/analyse.optim.biz\/index.php?rest_route=%2Fwp%2Fv2%2Ftags&post=163471"}],"curies":[{"name":"wp","href":"https:\/\/api.w.org\/{rel}","templated":true}]}}