{"id":163460,"date":"2016-06-13T14:59:32","date_gmt":"2016-06-13T11:59:32","guid":{"rendered":"https:\/\/analyse.optim.biz\/?p=163460"},"modified":"2016-06-13T14:59:32","modified_gmt":"2016-06-13T11:59:32","slug":"gabriela-firea-pune-conditii-pentru-ca-transportul-in-comun-sa-fie-gratuit","status":"publish","type":"post","link":"https:\/\/analyse.optim.biz\/?p=163460","title":{"rendered":"Gabriela Firea pune condi\u021bii pentru ca transportul \u00een comun s\u0103 fie gratuit\u00a0"},"content":{"rendered":"<div class=\"entry data-app-meta data-app-meta-article\" data-embed-base-url-canonical=\"https:\/\/www.digi24.ro\/embed\/stiri\/actualitate\/politica\/gabriela-firea-pune-conditii-pentru-ca-transportul-in-comun-sa-fie-gratuit-528472\">\n<p data-index=\"1\"><em>\u201eNumai dup\u0103 ce ne vom asigura c\u0103 avem suficiente autobuze, toate modernizate, toate curate, \u00een toate s\u0103 se asigure siguran\u021ba c\u0103l\u0103torului. Ca s\u0103 nu se spun\u0103 c\u0103 am introdus gratuitate, dar serviciul a sc\u0103zut \u00een calitate\u201d<\/em>, a spus noul primar al Capitalei.\u00a0<\/p>\n<p data-index=\"2\">Gabriela Firea a declarat c\u0103 \u015fi \u00een alte ora\u015fe europene sunt biletele gratuite \u00een anumite intervale orare tocmai pentru a-i determina pe c\u0103l\u0103torii care nu au neap\u0103rat treab\u0103 la o anumit\u0103 or\u0103 s\u0103 nu se mai \u00eenghesuie \u00een autobuze diminea\u0163a \u015fi dup\u0103-amiaza, c\u00e2nd este foarte aglomerat.<\/p>\n<p data-index=\"3\">De asemenea, noul primar general a mai promis c\u0103 Bucure\u015ftiul va avea 1000 de autobuze, cu o treime mai mult dec\u00e2t acum \u015fi c\u0103 va face mai multe benzi de circula\u0163ie speciale pentru transportul \u00een comun, taxiuri \u015fi ambulan\u0163e.<\/p>\n<p data-index=\"4\">Gabriela Firea a declarat, s\u0103pt\u0103m\u00e2na trecut\u0103, la Digi24 c\u0103 va face \u201erevolu\u021bie \u00een materie de trafic \u00een Capital\u0103\u201d. Primarul general a precizat c\u0103 \u00eentr-o jum\u0103tate de an se va circula mult mai u\u0219or \u00een Capital\u0103 \u0219i a ar\u0103tat c\u0103 primul pas pe care \u00eel va face este s\u0103 investeasc\u0103 \u00een transportul \u00een comun.<\/p>\n<p data-index=\"5\">De asemenea, Gabriela Firea a precizat c\u0103 ea \u00ee\u0219i dore\u0219te ca\u00a0<a href=\"https:\/\/www.digi24.ro\/Stiri\/Digi24\/Actualitate\/Stiri\/Gabriela+Firea+promite+ca+transportul+public+in+Capitala+va+fi+g\" target=\"_blank\" data-skip-linkfix=\"1\" rel=\"noopener\">transportul public s\u0103 fie gratuit \u0219i a declarat c\u0103 a discutat deja cu RATB despre aceast\u0103 solu\u021bie.<\/a><span>\u00a0<\/span><\/p>\n<p data-index=\"6\"><em>\u201eE op\u021biunea mea. Din bugetul municipalit\u0103\u021bii, dar f\u0103r\u0103 s\u0103 luam de la alte capitole. Rentabiliz\u00e2nd activitatea acestei regii, care se transform\u0103 \u00een foarte scurt timp \u00een societate 100% a municipalit\u0103\u021bii, pentru c\u0103 a\u0219a e regulamentul UE \u0219i numai a\u0219a poate prelua \u00eentreaga structur\u0103 \u0219i activitate de transport public<\/em><span>\u201d, a precizat Gabriela Firea.\u00a0<\/span><\/p>\n<h5><span><span>Citi\u021bi \u0219i:<\/span><\/span><\/h5>\n<h5><a href=\"https:\/\/www.digi24.ro\/Stiri\/Digi24\/Actualitate\/Stiri\/Gabriela+Firea+Intr-un+timp+rezonabil+transportul+in+comun+va+de\" target=\"_blank\" data-skip-linkfix=\"1\" rel=\"noopener\"><span>Gabriela Firea: \u00centr-un timp rezonabil, transportul \u00een comun va deveni gratuit \u00een Bucure\u015fti, dup\u0103 \u00eendeplinirea c\u00e2torva condi\u0163ii<\/span><\/a><\/h5>\n<h5><a href=\"https:\/\/www.digi24.ro\/Stiri\/Digi24\/Actualitate\/Alegeri+locale+2016\/FIREA+DIGI24+REZULTATE+ALEGERI+BUCURESTI\" target=\"_blank\" data-skip-linkfix=\"1\" rel=\"noopener\"><span>Gabriela Firea, la Digi24: \u201eCredeam \u00een victoria mea, dar nu m\u0103 a\u0219teptam la un procent at\u00e2t de mare\u201d<\/span><\/a><\/h5>\n<h5><a href=\"https:\/\/www.digi24.ro\/Stiri\/Digi24\/Actualitate\/Stiri\/Gabriela+Firea+Voi+face+revolutie+in+materie+de+trafic+in+Capita\" target=\"_blank\" data-skip-linkfix=\"1\" rel=\"noopener\"><span>Gabriela Firea: Voi face revolu\u021bie \u00een materie de trafic \u00een Capital\u0103\u00a0<\/span><\/a><\/h5>\n<\/div>\n<p> Source URL: https:\/\/www.digi24.ro\/stiri\/actualitate\/politica\/gabriela-firea-pune-conditii-pentru-ca-transportul-in-comun-sa-fie-gratuit-528472<\/p>\n","protected":false},"excerpt":{"rendered":"<p>\u201eNumai dup\u0103 ce ne vom asigura c\u0103 avem suficiente autobuze, toate modernizate, toate curate, \u00een toate s\u0103 se asigure siguran\u021ba c\u0103l\u0103torului. Ca s\u0103 nu se spun\u0103 c\u0103 am introdus gratuitate, dar serviciul a sc\u0103zut \u00een calitate\u201d, a spus noul primar al Capitalei.\u00a0 Gabriela Firea a declarat c\u0103 \u015fi \u00een alte ora\u015fe europene sunt biletele gratuite [&hellip;]<\/p>\n","protected":false},"author":1,"featured_media":163461,"comment_status":"open","ping_status":"","sticky":false,"template":"","format":"standard","meta":{"footnotes":""},"categories":[2],"tags":[11],"class_list":["post-163460","post","type-post","status-publish","format-standard","has-post-thumbnail","hentry","category-politics","tag-digi24"],"_links":{"self":[{"href":"https:\/\/analyse.optim.biz\/index.php?rest_route=\/wp\/v2\/posts\/163460","targetHints":{"allow":["GET"]}}],"collection":[{"href":"https:\/\/analyse.optim.biz\/index.php?rest_route=\/wp\/v2\/posts"}],"about":[{"href":"https:\/\/analyse.optim.biz\/index.php?rest_route=\/wp\/v2\/types\/post"}],"author":[{"embeddable":true,"href":"https:\/\/analyse.optim.biz\/index.php?rest_route=\/wp\/v2\/users\/1"}],"replies":[{"embeddable":true,"href":"https:\/\/analyse.optim.biz\/index.php?rest_route=%2Fwp%2Fv2%2Fcomments&post=163460"}],"version-history":[{"count":0,"href":"https:\/\/analyse.optim.biz\/index.php?rest_route=\/wp\/v2\/posts\/163460\/revisions"}],"wp:featuredmedia":[{"embeddable":true,"href":"https:\/\/analyse.optim.biz\/index.php?rest_route=\/wp\/v2\/media\/163461"}],"wp:attachment":[{"href":"https:\/\/analyse.optim.biz\/index.php?rest_route=%2Fwp%2Fv2%2Fmedia&parent=163460"}],"wp:term":[{"taxonomy":"category","embeddable":true,"href":"https:\/\/analyse.optim.biz\/index.php?rest_route=%2Fwp%2Fv2%2Fcategories&post=163460"},{"taxonomy":"post_tag","embeddable":true,"href":"https:\/\/analyse.optim.biz\/index.php?rest_route=%2Fwp%2Fv2%2Ftags&post=163460"}],"curies":[{"name":"wp","href":"https:\/\/api.w.org\/{rel}","templated":true}]}}