{"id":1634007,"date":"2026-01-31T07:44:09","date_gmt":"2026-01-31T04:44:09","guid":{"rendered":"https:\/\/analyse.optim.biz\/?p=1634007"},"modified":"2026-01-31T07:44:09","modified_gmt":"2026-01-31T04:44:09","slug":"un-nou-incendiu-dezastruos","status":"publish","type":"post","link":"https:\/\/analyse.optim.biz\/?p=1634007","title":{"rendered":"Un nou incendiu dezastruos"},"content":{"rendered":"<article id=\"196143\" class=\"post-196143 post type-post status-publish format-standard has-post-thumbnail hentry category-ceasul-rau category-isu category-social\">\n<header class=\"post-header\">\n<ul class=\"breadcrumbs\">\n<li><a href=\"https:\/\/www.curierul.ro\">Home<\/a><\/li>\n<li class=\"breadcrumbs-active .category-ceasul-rau\"><a href=\"https:\/\/www.curierul.ro\/index.php?cat=54\">Ceasul rau<\/a><\/li>\n<li class=\"breadcrumbs-active .category-ceasul-rau\">Un nou incendiu dezastruos<\/li>\n<\/ul>\n<div class=\"featured-photo\"><img loading=\"lazy\" decoding=\"async\" width=\"1920\" height=\"2560\" src=\"https:\/\/analyse.optim.biz\/wp-content\/uploads\/2026\/01\/img-20260131-wa0001-1-scaled-2.jpg\" class=\"attachment-single size-single wp-post-image\" title=\"img-20260131-wa0001-1-scaled-2\"><\/div>\n<h1 class=\"headline\">Un nou incendiu dezastruos<\/h1>\n<p class=\"byline\">\n\t\tScris de<a href=\"https:\/\/www.curierul.ro\/author\/comunicat-de-presa\/\">Comunicat de pres\u0103<\/a>, \t\t31 ianuarie 2026\t\t\t\t<\/p>\n<hr>\n<\/header>\n<p>Pompierii militari v\u00e2lceni au fost solicita\u021bi, \u00een aceast\u0103 diminea\u021b\u0103, pentru stingerea unui incendiu izbucnit la o gospod\u0103rie din localitatea Z\u0103treni.<br \/>S-au deplasat de urgen\u021b\u0103 la locul evenimentului, for\u021be din cadrul Sta\u021biei de Pompieri Gr\u0103di\u0219tea, cu dou\u0103 autospeciale de stingere cu ap\u0103 \u0219i spum\u0103.<br \/>La sosirea echipajelor operative, incendiul se manifesta la nivelul acoperi\u0219ului \u0219i la dou\u0103 anexe.<br \/>Incendiul a fost localizat \u00een scurt timp de la sosirea pompierilor militari \u0219i lichidat, \u00een limitele g\u0103site.<br \/>Au ars: acoperisul casei de locuit pe o suprafata de aproximativ 80 mp, acoperit cu tabla, veranda casei de aproximativ 40 mp, acoperita cu tabla \u0219i acoperisul bucatariei de vara aproximativ 20 mp.<br \/>Nu au fost victime. Cauza <em>probabila<\/em>: scurtcircuit electric.<\/p>\n<p class=\"has-text-align-right\">ISU V\u00e2lcea<\/p>\n<figure class=\"wp-block-image size-large\"><img loading=\"lazy\" decoding=\"async\" width=\"768\" height=\"1024\" src=\"https:\/\/analyse.optim.biz\/wp-content\/uploads\/2026\/01\/img-20260131-wa0002839771646354170969.jpg\" class=\"wp-image-196142\" title=\"img-20260131-wa0002839771646354170969\"><\/figure>\n<div class=\"sharedaddy sd-sharing-enabled\">\n<div class=\"robots-nocontent sd-block sd-social sd-social-official sd-sharing\">\n<h3 class=\"sd-title\">Distribuie pe:<\/h3>\n<div class=\"sd-content\">\n<ul>\n<li class=\"share-facebook\">\n<li class=\"share-twitter\"><a href=\"https:\/\/twitter.com\/share\" class=\"twitter-share-button\" data-url=\"https:\/\/www.curierul.ro\/un-nou-incendiu-dezastruos\/\" data-text=\"Un nou incendiu dezastruos\" data-via=\"curierulvl\">Tweet<\/a><\/li>\n<li class=\"share-jetpack-whatsapp\"><a rel=\"nofollow noopener noreferrer\" data-shared=\"sharing-whatsapp-196143\" class=\"share-jetpack-whatsapp sd-button\" href=\"https:\/\/www.curierul.ro\/un-nou-incendiu-dezastruos\/?share=jetpack-whatsapp\" target=\"_blank\" aria-labelledby=\"sharing-whatsapp-196143\"><span id=\"sharing-whatsapp-196143\" hidden>D\u0103 clic pentru partajare pe WhatsApp(Se deschide \u00eentr-o fereastr\u0103 nou\u0103)<\/span><span>WhatsApp<\/span><\/a><\/li>\n<li><a href=\"https:\/\/www.curierul.ro\/un-nou-incendiu-dezastruos\/\" class=\"sharing-anchor sd-button share-more\"><span>Mai mult<\/span><\/a><\/li>\n<li class=\"share-end\"><\/ul>\n<div class=\"sharing-hidden\">\n<div class=\"inner\">\n<ul>\n<li class=\"share-email\"><a rel=\"nofollow noopener noreferrer\" data-shared=\"sharing-email-196143\" class=\"share-email sd-button\" href=\"mailto:?subject=%5BArticol%20partajat%5D%20Un%20nou%20incendiu%20dezastruos&amp;body=https%3A%2F%2Fwww.curierul.ro%2Fun-nou-incendiu-dezastruos%2F&amp;share=email\" target=\"_blank\" aria-labelledby=\"sharing-email-196143\" data-email-share-error-title=\"\u021ai-ai configurat emailul?\" data-email-share-error-text=\"Dac\u0103 ai probleme la partajarea prin email, probabil nu ai configurat emailul pentru navigator. Poate trebuie s\u0103 creezi singur un email nou.\" data-email-share-nonce=\"30e5fa3baa\" data-email-share-track-url=\"https:\/\/www.curierul.ro\/un-nou-incendiu-dezastruos\/?share=email\"><span id=\"sharing-email-196143\" hidden>D\u0103 clic pentru a trimite o leg\u0103tur\u0103 prin email unui prieten(Se deschide \u00eentr-o fereastr\u0103 nou\u0103)<\/span><span>Email<\/span><\/a><\/li>\n<li class=\"share-print\"><a rel=\"nofollow noopener noreferrer\" data-shared=\"sharing-print-196143\" class=\"share-print sd-button\" href=\"https:\/\/www.curierul.ro\/un-nou-incendiu-dezastruos\/#print?share=print\" target=\"_blank\" aria-labelledby=\"sharing-print-196143\"><span id=\"sharing-print-196143\" hidden>D\u0103 clic pentru a imprima(Se deschide \u00eentr-o fereastr\u0103 nou\u0103)<\/span><span>Imprimare<\/span><\/a><\/li>\n<li class=\"share-end\"><\/ul>\n<\/div>\n<\/div>\n<\/div>\n<\/div>\n<\/div>\n<div id=\"jp-relatedposts\" class=\"jp-relatedposts\">\n<h3 class=\"jp-relatedposts-headline\"><em>Similare<\/em><\/h3>\n<\/div>\n<footer class=\"post-footer\">\n<div class=\"post-navigation clearfix\">\n<div class=\"previous-post\">\n<div class=\"featured-photo\"><img decoding=\"async\" width=\"2560\" height=\"1066\" src=\"https:\/\/analyse.optim.biz\/wp-content\/uploads\/2026\/01\/eisberg_linie-scaled-1-2.jpeg\" class=\"attachment-post-thumbnail size-post-thumbnail wp-post-image\" loading=\"lazy\" title=\"eisberg_linie-scaled-1-2\"><\/div>\n<p class=\"paginate-title\">\u00ab\u00ab <a href=\"https:\/\/www.curierul.ro\/eisberg-un-reper-privind-securitatea-alimentara-a-salatelor-gata-de-consum\/\" rel=\"prev\">Eisberg, un reper privind securitatea alimentar\u0103 a salatelor gata de consum<\/a><\/p>\n<\/div>\n<\/div>\n<div id=\"comments\" class=\"comments-area\">\n<div id=\"respond\" class=\"comment-respond\">\n<h3 id=\"reply-title\" class=\"comment-reply-title\">Po\u021bi comenta aici<small><a rel=\"nofollow\" id=\"cancel-comment-reply-link\" href=\"https:\/\/www.curierul.ro\/un-nou-incendiu-dezastruos\/#respond\">Anuleaz\u0103 r\u0103spunsul<\/a><\/small><\/h3>\n<\/div>\n<p class=\"akismet_comment_form_privacy_notice\">Acest site folose\u0219te Akismet pentru a reduce spamul. <a href=\"https:\/\/akismet.com\/privacy\/\" target=\"_blank\" rel=\"nofollow noopener\">Afl\u0103 cum sunt procesate datele comentariilor tale<\/a>.<\/p>\n<\/div>\n<section class=\"latest-category clearfix\">\n<h2 class=\"title\">More Stories From Ceasul rau<\/h2>\n<div class=\"stories-container\">\n<article id=\"related-196068\" class=\"story post-196068 post type-post status-publish format-standard has-post-thumbnail hentry category-ceasul-rau category-isu category-social tag-incendii tag-persoane-decedate tag-weekwnd\">\n<div class=\"photo\"><img decoding=\"async\" width=\"735\" height=\"440\" src=\"https:\/\/analyse.optim.biz\/wp-content\/uploads\/2026\/01\/incendiu-e1769415907224-5.jpeg\" class=\"attachment-giornalismo-single size-giornalismo-single wp-post-image\" loading=\"lazy\" title=\"incendiu-e1769415907224-5\"><\/div>\n<p class=\"headline\"><a href=\"https:\/\/www.curierul.ro\/un-weekend-cu-doua-persoane-decedate-in-incendii-la-galicea-si-lalosu\/\">Un weekend cu dou\u0103 persoane decedate \u00een incendii, la Galicea \u0219i Lalo\u0219u<\/a><\/p>\n<\/article>\n<article id=\"related-196058\" class=\"story post-196058 post type-post status-publish format-standard has-post-thumbnail hentry category-ceasul-rau category-headlines category-politie category-social tag-decedat tag-dn-7 tag-spital tag-tanar-2\">\n<div class=\"photo\"><img decoding=\"async\" width=\"735\" height=\"440\" src=\"https:\/\/analyse.optim.biz\/wp-content\/uploads\/2026\/01\/accident-calimanesti-6.jpeg\" class=\"attachment-giornalismo-single size-giornalismo-single wp-post-image\" loading=\"lazy\" title=\"accident-calimanesti-6\"><\/div>\n<p class=\"headline\"><a href=\"https:\/\/www.curierul.ro\/dn-7-si-a-luat-din-nou-tributul-un-tanar-de-19-ani-decedat-alti-patru-au-ajuns-la-spital\/\">DN 7 \u0219i-a luat din nou tributul \u2013 un t\u00e2n\u0103r de 19 ani, decedat, al\u021bi patru au ajuns la spital<\/a><\/p>\n<\/article>\n<article id=\"related-195972\" class=\"story post-195972 post type-post status-publish format-standard has-post-thumbnail hentry category-ceasul-rau category-headlines category-politie category-social tag-accident tag-ghinion tag-masina-politie tag-serviciul-rutier\">\n<div class=\"photo\"><img decoding=\"async\" width=\"735\" height=\"440\" src=\"https:\/\/analyse.optim.biz\/wp-content\/uploads\/2026\/01\/accident-raureni-e1768549775867-23.jpeg\" class=\"attachment-giornalismo-single size-giornalismo-single wp-post-image\" loading=\"lazy\" title=\"accident-raureni-e1768549775867-23\"><\/div>\n<p class=\"headline\"><a href=\"https:\/\/www.curierul.ro\/culmea-ghinionului-sa-faci-accident-cu-o-masina-de-politie-la-poarta-serviciului-rutier\/\">Culmea ghinionului\u2026s\u0103 faci accident cu o ma\u0219in\u0103 de poli\u021bie, la poarta Serviciului Rutier<\/a><\/p>\n<\/article>\n<\/div>\n<\/section>\n<section class=\"author-bio clearfix\">\n<div class=\"mug-shot\"><img decoding=\"async\" src=\"https:\/\/analyse.optim.biz\/wp-content\/uploads\/2026\/01\/99cb5dc553c194226db8ff81883aeb68584791e67c78fb655bb3c37b83324715-44.jpg\" class=\"avatar avatar-96 photo\" height=\"96\" width=\"96\" loading=\"lazy\" title=\"99cb5dc553c194226db8ff81883aeb68584791e67c78fb655bb3c37b83324715-44\"><\/div>\n<div class=\"author-info\">\n<p class=\"title\">About Comunicat de pres\u0103, <\/p>\n<div class=\"author-social-area\"><a href=\"mailto:redactie@curierul.ro\"><span class=\"fal fa-envelope\"><span class=\"screen-reader-text\">Email the Author<\/span><\/span><\/a><\/div>\n<\/div>\n<\/section>\n<\/footer>\n<\/article>\n<article id=\"196143\" class=\"post-196143 post type-post status-publish format-standard has-post-thumbnail hentry category-ceasul-rau category-isu category-social\">\n<header class=\"post-header\">\n<ul class=\"breadcrumbs\">\n<li><a href=\"https:\/\/www.curierul.ro\">Home<\/a><\/li>\n<li class=\"breadcrumbs-active .category-ceasul-rau\"><a href=\"https:\/\/www.curierul.ro\/index.php?cat=54\">Ceasul rau<\/a><\/li>\n<li class=\"breadcrumbs-active .category-ceasul-rau\">Un nou incendiu dezastruos<\/li>\n<\/ul>\n<div class=\"featured-photo\"><img loading=\"lazy\" decoding=\"async\" width=\"1920\" height=\"2560\" src=\"https:\/\/analyse.optim.biz\/wp-content\/uploads\/2026\/01\/img-20260131-wa0001-1-scaled-2.jpg\" class=\"attachment-single size-single wp-post-image\" title=\"img-20260131-wa0001-1-scaled-2\"><\/div>\n<h1 class=\"headline\">Un nou incendiu dezastruos<\/h1>\n<p class=\"byline\">\n\t\tScris de<a href=\"https:\/\/www.curierul.ro\/author\/comunicat-de-presa\/\">Comunicat de pres\u0103<\/a>, \t\t31 ianuarie 2026\t\t\t\t<\/p>\n<hr>\n<\/header>\n<p>Pompierii militari v\u00e2lceni au fost solicita\u021bi, \u00een aceast\u0103 diminea\u021b\u0103, pentru stingerea unui incendiu izbucnit la o gospod\u0103rie din localitatea Z\u0103treni.<br \/>S-au deplasat de urgen\u021b\u0103 la locul evenimentului, for\u021be din cadrul Sta\u021biei de Pompieri Gr\u0103di\u0219tea, cu dou\u0103 autospeciale de stingere cu ap\u0103 \u0219i spum\u0103.<br \/>La sosirea echipajelor operative, incendiul se manifesta la nivelul acoperi\u0219ului \u0219i la dou\u0103 anexe.<br \/>Incendiul a fost localizat \u00een scurt timp de la sosirea pompierilor militari \u0219i lichidat, \u00een limitele g\u0103site.<br \/>Au ars: acoperisul casei de locuit pe o suprafata de aproximativ 80 mp, acoperit cu tabla, veranda casei de aproximativ 40 mp, acoperita cu tabla \u0219i acoperisul bucatariei de vara aproximativ 20 mp.<br \/>Nu au fost victime. Cauza <em>probabila<\/em>: scurtcircuit electric.<\/p>\n<p class=\"has-text-align-right\">ISU V\u00e2lcea<\/p>\n<figure class=\"wp-block-image size-large\"><img loading=\"lazy\" decoding=\"async\" width=\"768\" height=\"1024\" src=\"https:\/\/analyse.optim.biz\/wp-content\/uploads\/2026\/01\/img-20260131-wa0002839771646354170969.jpg\" class=\"wp-image-196142\" title=\"img-20260131-wa0002839771646354170969\"><\/figure>\n<div class=\"sharedaddy sd-sharing-enabled\">\n<div class=\"robots-nocontent sd-block sd-social sd-social-official sd-sharing\">\n<h3 class=\"sd-title\">Distribuie pe:<\/h3>\n<div class=\"sd-content\">\n<ul>\n<li class=\"share-facebook\">\n<li class=\"share-twitter\"><a href=\"https:\/\/twitter.com\/share\" class=\"twitter-share-button\" data-url=\"https:\/\/www.curierul.ro\/un-nou-incendiu-dezastruos\/\" data-text=\"Un nou incendiu dezastruos\" data-via=\"curierulvl\">Tweet<\/a><\/li>\n<li class=\"share-jetpack-whatsapp\"><a rel=\"nofollow noopener noreferrer\" data-shared=\"sharing-whatsapp-196143\" class=\"share-jetpack-whatsapp sd-button\" href=\"https:\/\/www.curierul.ro\/un-nou-incendiu-dezastruos\/?share=jetpack-whatsapp\" target=\"_blank\" aria-labelledby=\"sharing-whatsapp-196143\"><span id=\"sharing-whatsapp-196143\" hidden>D\u0103 clic pentru partajare pe WhatsApp(Se deschide \u00eentr-o fereastr\u0103 nou\u0103)<\/span><span>WhatsApp<\/span><\/a><\/li>\n<li><a href=\"https:\/\/www.curierul.ro\/un-nou-incendiu-dezastruos\/\" class=\"sharing-anchor sd-button share-more\"><span>Mai mult<\/span><\/a><\/li>\n<li class=\"share-end\"><\/ul>\n<div class=\"sharing-hidden\">\n<div class=\"inner\">\n<ul>\n<li class=\"share-email\"><a rel=\"nofollow noopener noreferrer\" data-shared=\"sharing-email-196143\" class=\"share-email sd-button\" href=\"mailto:?subject=%5BArticol%20partajat%5D%20Un%20nou%20incendiu%20dezastruos&amp;body=https%3A%2F%2Fwww.curierul.ro%2Fun-nou-incendiu-dezastruos%2F&amp;share=email\" target=\"_blank\" aria-labelledby=\"sharing-email-196143\" data-email-share-error-title=\"\u021ai-ai configurat emailul?\" data-email-share-error-text=\"Dac\u0103 ai probleme la partajarea prin email, probabil nu ai configurat emailul pentru navigator. Poate trebuie s\u0103 creezi singur un email nou.\" data-email-share-nonce=\"30e5fa3baa\" data-email-share-track-url=\"https:\/\/www.curierul.ro\/un-nou-incendiu-dezastruos\/?share=email\"><span id=\"sharing-email-196143\" hidden>D\u0103 clic pentru a trimite o leg\u0103tur\u0103 prin email unui prieten(Se deschide \u00eentr-o fereastr\u0103 nou\u0103)<\/span><span>Email<\/span><\/a><\/li>\n<li class=\"share-print\"><a rel=\"nofollow noopener noreferrer\" data-shared=\"sharing-print-196143\" class=\"share-print sd-button\" href=\"https:\/\/www.curierul.ro\/un-nou-incendiu-dezastruos\/#print?share=print\" target=\"_blank\" aria-labelledby=\"sharing-print-196143\"><span id=\"sharing-print-196143\" hidden>D\u0103 clic pentru a imprima(Se deschide \u00eentr-o fereastr\u0103 nou\u0103)<\/span><span>Imprimare<\/span><\/a><\/li>\n<li class=\"share-end\"><\/ul>\n<\/div>\n<\/div>\n<\/div>\n<\/div>\n<\/div>\n<div id=\"jp-relatedposts\" class=\"jp-relatedposts\">\n<h3 class=\"jp-relatedposts-headline\"><em>Similare<\/em><\/h3>\n<\/div>\n<footer class=\"post-footer\">\n<div class=\"post-navigation clearfix\">\n<div class=\"previous-post\">\n<div class=\"featured-photo\"><img decoding=\"async\" width=\"2560\" height=\"1066\" src=\"https:\/\/analyse.optim.biz\/wp-content\/uploads\/2026\/01\/eisberg_linie-scaled-1-2.jpeg\" class=\"attachment-post-thumbnail size-post-thumbnail wp-post-image\" loading=\"lazy\" title=\"eisberg_linie-scaled-1-2\"><\/div>\n<p class=\"paginate-title\">\u00ab\u00ab <a href=\"https:\/\/www.curierul.ro\/eisberg-un-reper-privind-securitatea-alimentara-a-salatelor-gata-de-consum\/\" rel=\"prev\">Eisberg, un reper privind securitatea alimentar\u0103 a salatelor gata de consum<\/a><\/p>\n<\/div>\n<\/div>\n<div id=\"comments\" class=\"comments-area\">\n<div id=\"respond\" class=\"comment-respond\">\n<h3 id=\"reply-title\" class=\"comment-reply-title\">Po\u021bi comenta aici<small><a rel=\"nofollow\" id=\"cancel-comment-reply-link\" href=\"https:\/\/www.curierul.ro\/un-nou-incendiu-dezastruos\/#respond\">Anuleaz\u0103 r\u0103spunsul<\/a><\/small><\/h3>\n<\/div>\n<p class=\"akismet_comment_form_privacy_notice\">Acest site folose\u0219te Akismet pentru a reduce spamul. <a href=\"https:\/\/akismet.com\/privacy\/\" target=\"_blank\" rel=\"nofollow noopener\">Afl\u0103 cum sunt procesate datele comentariilor tale<\/a>.<\/p>\n<\/div>\n<section class=\"latest-category clearfix\">\n<h2 class=\"title\">More Stories From Ceasul rau<\/h2>\n<div class=\"stories-container\">\n<article id=\"related-196068\" class=\"story post-196068 post type-post status-publish format-standard has-post-thumbnail hentry category-ceasul-rau category-isu category-social tag-incendii tag-persoane-decedate tag-weekwnd\">\n<div class=\"photo\"><img decoding=\"async\" width=\"735\" height=\"440\" src=\"https:\/\/analyse.optim.biz\/wp-content\/uploads\/2026\/01\/incendiu-e1769415907224-5.jpeg\" class=\"attachment-giornalismo-single size-giornalismo-single wp-post-image\" loading=\"lazy\" title=\"incendiu-e1769415907224-5\"><\/div>\n<p class=\"headline\"><a href=\"https:\/\/www.curierul.ro\/un-weekend-cu-doua-persoane-decedate-in-incendii-la-galicea-si-lalosu\/\">Un weekend cu dou\u0103 persoane decedate \u00een incendii, la Galicea \u0219i Lalo\u0219u<\/a><\/p>\n<\/article>\n<article id=\"related-196058\" class=\"story post-196058 post type-post status-publish format-standard has-post-thumbnail hentry category-ceasul-rau category-headlines category-politie category-social tag-decedat tag-dn-7 tag-spital tag-tanar-2\">\n<div class=\"photo\"><img decoding=\"async\" width=\"735\" height=\"440\" src=\"https:\/\/analyse.optim.biz\/wp-content\/uploads\/2026\/01\/accident-calimanesti-6.jpeg\" class=\"attachment-giornalismo-single size-giornalismo-single wp-post-image\" loading=\"lazy\" title=\"accident-calimanesti-6\"><\/div>\n<p class=\"headline\"><a href=\"https:\/\/www.curierul.ro\/dn-7-si-a-luat-din-nou-tributul-un-tanar-de-19-ani-decedat-alti-patru-au-ajuns-la-spital\/\">DN 7 \u0219i-a luat din nou tributul \u2013 un t\u00e2n\u0103r de 19 ani, decedat, al\u021bi patru au ajuns la spital<\/a><\/p>\n<\/article>\n<article id=\"related-195972\" class=\"story post-195972 post type-post status-publish format-standard has-post-thumbnail hentry category-ceasul-rau category-headlines category-politie category-social tag-accident tag-ghinion tag-masina-politie tag-serviciul-rutier\">\n<div class=\"photo\"><img decoding=\"async\" width=\"735\" height=\"440\" src=\"https:\/\/analyse.optim.biz\/wp-content\/uploads\/2026\/01\/accident-raureni-e1768549775867-23.jpeg\" class=\"attachment-giornalismo-single size-giornalismo-single wp-post-image\" loading=\"lazy\" title=\"accident-raureni-e1768549775867-23\"><\/div>\n<p class=\"headline\"><a href=\"https:\/\/www.curierul.ro\/culmea-ghinionului-sa-faci-accident-cu-o-masina-de-politie-la-poarta-serviciului-rutier\/\">Culmea ghinionului\u2026s\u0103 faci accident cu o ma\u0219in\u0103 de poli\u021bie, la poarta Serviciului Rutier<\/a><\/p>\n<\/article>\n<\/div>\n<\/section>\n<section class=\"author-bio clearfix\">\n<div class=\"mug-shot\"><img decoding=\"async\" src=\"https:\/\/analyse.optim.biz\/wp-content\/uploads\/2026\/01\/99cb5dc553c194226db8ff81883aeb68584791e67c78fb655bb3c37b83324715-44.jpg\" class=\"avatar avatar-96 photo\" height=\"96\" width=\"96\" loading=\"lazy\" title=\"99cb5dc553c194226db8ff81883aeb68584791e67c78fb655bb3c37b83324715-44\"><\/div>\n<div class=\"author-info\">\n<p class=\"title\">About Comunicat de pres\u0103, <\/p>\n<div class=\"author-social-area\"><a href=\"mailto:redactie@curierul.ro\"><span class=\"fal fa-envelope\"><span class=\"screen-reader-text\">Email the Author<\/span><\/span><\/a><\/div>\n<\/div>\n<\/section>\n<\/footer>\n<\/article>\n<article id=\"related-196068\" class=\"story post-196068 post type-post status-publish format-standard has-post-thumbnail hentry category-ceasul-rau category-isu category-social tag-incendii tag-persoane-decedate tag-weekwnd\">\n<div class=\"photo\"><img decoding=\"async\" width=\"735\" height=\"440\" src=\"https:\/\/analyse.optim.biz\/wp-content\/uploads\/2026\/01\/incendiu-e1769415907224-5.jpeg\" class=\"attachment-giornalismo-single size-giornalismo-single wp-post-image\" loading=\"lazy\" title=\"incendiu-e1769415907224-5\"><\/div>\n<p class=\"headline\"><a href=\"https:\/\/www.curierul.ro\/un-weekend-cu-doua-persoane-decedate-in-incendii-la-galicea-si-lalosu\/\">Un weekend cu dou\u0103 persoane decedate \u00een incendii, la Galicea \u0219i Lalo\u0219u<\/a><\/p>\n<\/article>\n<article id=\"related-196058\" class=\"story post-196058 post type-post status-publish format-standard has-post-thumbnail hentry category-ceasul-rau category-headlines category-politie category-social tag-decedat tag-dn-7 tag-spital tag-tanar-2\">\n<div class=\"photo\"><img decoding=\"async\" width=\"735\" height=\"440\" src=\"https:\/\/analyse.optim.biz\/wp-content\/uploads\/2026\/01\/accident-calimanesti-6.jpeg\" class=\"attachment-giornalismo-single size-giornalismo-single wp-post-image\" loading=\"lazy\" title=\"accident-calimanesti-6\"><\/div>\n<p class=\"headline\"><a href=\"https:\/\/www.curierul.ro\/dn-7-si-a-luat-din-nou-tributul-un-tanar-de-19-ani-decedat-alti-patru-au-ajuns-la-spital\/\">DN 7 \u0219i-a luat din nou tributul \u2013 un t\u00e2n\u0103r de 19 ani, decedat, al\u021bi patru au ajuns la spital<\/a><\/p>\n<\/article>\n<article id=\"related-195972\" class=\"story post-195972 post type-post status-publish format-standard has-post-thumbnail hentry category-ceasul-rau category-headlines category-politie category-social tag-accident tag-ghinion tag-masina-politie tag-serviciul-rutier\">\n<div class=\"photo\"><img decoding=\"async\" width=\"735\" height=\"440\" src=\"https:\/\/analyse.optim.biz\/wp-content\/uploads\/2026\/01\/accident-raureni-e1768549775867-23.jpeg\" class=\"attachment-giornalismo-single size-giornalismo-single wp-post-image\" loading=\"lazy\" title=\"accident-raureni-e1768549775867-23\"><\/div>\n<p class=\"headline\"><a href=\"https:\/\/www.curierul.ro\/culmea-ghinionului-sa-faci-accident-cu-o-masina-de-politie-la-poarta-serviciului-rutier\/\">Culmea ghinionului\u2026s\u0103 faci accident cu o ma\u0219in\u0103 de poli\u021bie, la poarta Serviciului Rutier<\/a><\/p>\n<\/article>\n<p> Source URL: https:\/\/www.curierul.ro\/un-nou-incendiu-dezastruos\/<\/p>\n","protected":false},"excerpt":{"rendered":"<p>Home Ceasul rau Un nou incendiu dezastruos Un nou incendiu dezastruos Scris deComunicat de pres\u0103, 31 ianuarie 2026 Pompierii militari v\u00e2lceni au fost solicita\u021bi, \u00een aceast\u0103 diminea\u021b\u0103, pentru stingerea unui incendiu izbucnit la o gospod\u0103rie din localitatea Z\u0103treni.S-au deplasat de urgen\u021b\u0103 la locul evenimentului, for\u021be din cadrul Sta\u021biei de Pompieri Gr\u0103di\u0219tea, cu dou\u0103 autospeciale de [&hellip;]<\/p>\n","protected":false},"author":1,"featured_media":1634011,"comment_status":"open","ping_status":"","sticky":false,"template":"","format":"standard","meta":{"footnotes":""},"categories":[89],"tags":[213],"class_list":["post-1634007","post","type-post","status-publish","format-standard","has-post-thumbnail","hentry","category-romania","tag-curierul-ro"],"_links":{"self":[{"href":"https:\/\/analyse.optim.biz\/index.php?rest_route=\/wp\/v2\/posts\/1634007","targetHints":{"allow":["GET"]}}],"collection":[{"href":"https:\/\/analyse.optim.biz\/index.php?rest_route=\/wp\/v2\/posts"}],"about":[{"href":"https:\/\/analyse.optim.biz\/index.php?rest_route=\/wp\/v2\/types\/post"}],"author":[{"embeddable":true,"href":"https:\/\/analyse.optim.biz\/index.php?rest_route=\/wp\/v2\/users\/1"}],"replies":[{"embeddable":true,"href":"https:\/\/analyse.optim.biz\/index.php?rest_route=%2Fwp%2Fv2%2Fcomments&post=1634007"}],"version-history":[{"count":0,"href":"https:\/\/analyse.optim.biz\/index.php?rest_route=\/wp\/v2\/posts\/1634007\/revisions"}],"wp:featuredmedia":[{"embeddable":true,"href":"https:\/\/analyse.optim.biz\/index.php?rest_route=\/wp\/v2\/media\/1634011"}],"wp:attachment":[{"href":"https:\/\/analyse.optim.biz\/index.php?rest_route=%2Fwp%2Fv2%2Fmedia&parent=1634007"}],"wp:term":[{"taxonomy":"category","embeddable":true,"href":"https:\/\/analyse.optim.biz\/index.php?rest_route=%2Fwp%2Fv2%2Fcategories&post=1634007"},{"taxonomy":"post_tag","embeddable":true,"href":"https:\/\/analyse.optim.biz\/index.php?rest_route=%2Fwp%2Fv2%2Ftags&post=1634007"}],"curies":[{"name":"wp","href":"https:\/\/api.w.org\/{rel}","templated":true}]}}