{"id":163375,"date":"2016-06-14T13:38:09","date_gmt":"2016-06-14T10:38:09","guid":{"rendered":"https:\/\/analyse.optim.biz\/?p=163375"},"modified":"2016-06-14T13:38:09","modified_gmt":"2016-06-14T10:38:09","slug":"discutii-iohannis-mattarella-trebuie-sprijinite-eforturile-romanilor-de-a-participa-la-viata-politica-din-italia","status":"publish","type":"post","link":"https:\/\/analyse.optim.biz\/?p=163375","title":{"rendered":"Discu\u021bii Iohannis-Mattarella: Trebuie sprijinite eforturile rom\u00e2nilor de a participa la via\u0163a politic\u0103 din Italia"},"content":{"rendered":"<div class=\"entry data-app-meta data-app-meta-article\" data-embed-base-url-canonical=\"https:\/\/www.digi24.ro\/embed\/stiri\/actualitate\/politica\/discutii-iohannis-mattarella-trebuie-sprijinite-eforturile-romanilor-de-a-participa-la-viata-politica-din-italia-528798\">\n<p data-index=\"1\"><img decoding=\"async\" src=\"https:\/\/analyse.optim.biz\/wp-content\/uploads\/2024\/09\/ptgwmczoyxnopwzhywzkotg4ngvjogu0mmq3oda5n2uxyzrjnzviotu2-thumb_.jpg\" data-skip-htmlfix=\"1\" title=\"ptgwmczoyxnopwzhywzkotg4ngvjogu0mmq3oda5n2uxyzrjnzviotu2-thumb_\"><\/p>\n<p data-index=\"2\"><em>Foto: presidency.ro\u00a0<\/em><\/p>\n<p data-index=\"3\">\u201e\u00cen cadrul convorbirilor am subliniat necesitatea continu\u0103rii eforturilor comune de sprijinire a comunit\u0103\u0163ii rom\u00e2ne\u015fti din Italia \u015fi de cre\u015ftere a particip\u0103rii rom\u00e2nilor la via\u0163a social\u0103, dar \u015fi politic\u0103 din Peninsul\u0103. \u00cen paralel, trebuie s\u0103 ne continu\u0103m eforturile pentru p\u0103strarea identit\u0103\u0163ii lingvistice \u015fi culturale a comunit\u0103\u0163ii rom\u00e2ne\u015fti, precum \u015fi pentru valorificarea poten\u0163ialului economic foarte important al acesteia \u00een rela\u0163ia bilateral\u0103\u201d, a spus pre\u015fedintele Klaus Iohannis, potrivit <a href=\"http:\/\/www.news.ro\/\" target=\"_blank\" data-skip-linkfix=\"1\" rel=\"noopener\">News.ro<\/a>.<\/p>\n<p data-index=\"4\">\u015eeful statului i-a mul\u0163umit lui Sergio Mattarella pentru deschiderea fa\u0163\u0103 de problemele comunit\u0103\u0163ii rom\u00e2ne\u015fti din Italia \u015fi pentru c\u0103 este una dintre vocile influente care \u00eencurajeaz\u0103 permanent\u00a0 procesul de integrare al acesteia.<\/p>\n<p data-index=\"5\">La r\u00e2ndul s\u0103u, pre\u015fedintele Sergio Mattarella a afirmat c\u0103 exist\u0103 \u00een Italia o \u201eputernic\u0103 comunitate rom\u00e2neasc\u0103\u201d, dar \u015fi un num\u0103r mare de italieni care particip\u0103 la via\u0163a economic\u0103 \u015fi cultural\u0103 din Rom\u00e2nia \u015fi este nevoie de sprijin din partea celor dou\u0103 state.<\/p>\n<p data-index=\"6\">\u201e\u00cen Italia, comunitatea rom\u00e2neasc\u0103 mare este pre\u0163uit\u0103 \u015fi este din ce \u00een ce mai bine integrat\u0103. Comunitatea italian\u0103 din Rom\u00e2nia este la r\u00e2ndul ei dinamic\u0103 \u015fi activ\u0103 \u015fi sunt dou\u0103 manifest\u0103ri ale prieteniei care exist\u0103 nu numai \u00eentre institu\u0163iile din Rom\u00e2nia \u015fi din Italia, dar mai ales la nivelul celor dou\u0103 popoare, iar aceast\u0103 condi\u0163ie a fost \u00eent\u0103rit\u0103 de aparenen\u0163a comun\u0103 la UE \u015fi NATO\u201d, a spus Sergio Mattarella.<\/p>\n<\/div>\n<p> Source URL: https:\/\/www.digi24.ro\/stiri\/actualitate\/politica\/discutii-iohannis-mattarella-trebuie-sprijinite-eforturile-romanilor-de-a-participa-la-viata-politica-din-italia-528798<\/p>\n","protected":false},"excerpt":{"rendered":"<p>Foto: presidency.ro\u00a0 \u201e\u00cen cadrul convorbirilor am subliniat necesitatea continu\u0103rii eforturilor comune de sprijinire a comunit\u0103\u0163ii rom\u00e2ne\u015fti din Italia \u015fi de cre\u015ftere a particip\u0103rii rom\u00e2nilor la via\u0163a social\u0103, dar \u015fi politic\u0103 din Peninsul\u0103. \u00cen paralel, trebuie s\u0103 ne continu\u0103m eforturile pentru p\u0103strarea identit\u0103\u0163ii lingvistice \u015fi culturale a comunit\u0103\u0163ii rom\u00e2ne\u015fti, precum \u015fi pentru valorificarea poten\u0163ialului economic foarte [&hellip;]<\/p>\n","protected":false},"author":1,"featured_media":163376,"comment_status":"open","ping_status":"","sticky":false,"template":"","format":"standard","meta":{"footnotes":""},"categories":[2],"tags":[11],"class_list":["post-163375","post","type-post","status-publish","format-standard","has-post-thumbnail","hentry","category-politics","tag-digi24"],"_links":{"self":[{"href":"https:\/\/analyse.optim.biz\/index.php?rest_route=\/wp\/v2\/posts\/163375","targetHints":{"allow":["GET"]}}],"collection":[{"href":"https:\/\/analyse.optim.biz\/index.php?rest_route=\/wp\/v2\/posts"}],"about":[{"href":"https:\/\/analyse.optim.biz\/index.php?rest_route=\/wp\/v2\/types\/post"}],"author":[{"embeddable":true,"href":"https:\/\/analyse.optim.biz\/index.php?rest_route=\/wp\/v2\/users\/1"}],"replies":[{"embeddable":true,"href":"https:\/\/analyse.optim.biz\/index.php?rest_route=%2Fwp%2Fv2%2Fcomments&post=163375"}],"version-history":[{"count":0,"href":"https:\/\/analyse.optim.biz\/index.php?rest_route=\/wp\/v2\/posts\/163375\/revisions"}],"wp:featuredmedia":[{"embeddable":true,"href":"https:\/\/analyse.optim.biz\/index.php?rest_route=\/wp\/v2\/media\/163376"}],"wp:attachment":[{"href":"https:\/\/analyse.optim.biz\/index.php?rest_route=%2Fwp%2Fv2%2Fmedia&parent=163375"}],"wp:term":[{"taxonomy":"category","embeddable":true,"href":"https:\/\/analyse.optim.biz\/index.php?rest_route=%2Fwp%2Fv2%2Fcategories&post=163375"},{"taxonomy":"post_tag","embeddable":true,"href":"https:\/\/analyse.optim.biz\/index.php?rest_route=%2Fwp%2Fv2%2Ftags&post=163375"}],"curies":[{"name":"wp","href":"https:\/\/api.w.org\/{rel}","templated":true}]}}