{"id":163331,"date":"2016-06-14T15:25:58","date_gmt":"2016-06-14T12:25:58","guid":{"rendered":"https:\/\/analyse.optim.biz\/?p=163331"},"modified":"2016-06-14T15:25:58","modified_gmt":"2016-06-14T12:25:58","slug":"florin-iordache-presedinte-interimar-al-camerei-deputatilor-ramane-in-post-pana-la-alegerile-parlamentare","status":"publish","type":"post","link":"https:\/\/analyse.optim.biz\/?p=163331","title":{"rendered":"Florin Iordache, pre\u015fedinte interimar al Camerei Deputa\u0163ilor. R\u0103m\u00e2ne \u00een post p\u00e2n\u0103 la alegerile parlamentare"},"content":{"rendered":"<div class=\"entry data-app-meta data-app-meta-article\" data-embed-base-url-canonical=\"https:\/\/www.digi24.ro\/embed\/stiri\/actualitate\/politica\/florin-iordache-presedinte-interimar-al-camerei-deputatilor-ramane-in-post-pana-la-alegerile-parlamentare-528844\">\n<p data-index=\"1\">Propunerea a venit de la pre\u015fedintele PSD, Liviu Dragnea, \u00een cadrul \u015fedin\u0163ei, dup\u0103 ce Victor Ponta a anun\u0163at c\u0103 ar vrea func\u0163ia de pre\u015fedinte al Camerei Deputa\u0163ilor doar dac\u0103 Dragnea \u00eel sus\u0163ine, potrivit unor surse News.ro.<\/p>\n<p data-index=\"2\">\u201e<span>Propunerea mea pentru colegi \u00een Comitetul Executiv a fost s\u0103 nu facem nicio nominalizare pentru func\u0163ia de pre\u015fedinte al Camerei Deputa\u0163ilor. Decizia noastr\u0103 este s\u0103 mergem p\u00e2n\u0103 la finalul mandatului acestui Parlament cu interimar, un interimar care va fi desemnat de c\u0103tre Biroul Permanent al Camerei Deputa\u0163ilor\u201d, a spus Liviu Dragnea.<\/span><\/p>\n<p data-index=\"3\">Pre\u015fedintele PSD spunea \u00eenainte de \u00eenceperea \u015fedin\u0163ei Comitetului Executiv Na\u0163ional al PSD un nume pentru candidatura la \u015fefia Camerei Deputa\u0163ilor, preciz\u00e2nd c\u0103 unii dintre social-democra\u0163i \u201dtrebuie s\u0103 dea ast\u0103zi un test de r\u0103bdare, de inteligen\u0163\u0103 \u015fi de maturitate\u201d.<\/p>\n<p data-index=\"4\"><strong>\u201eAst\u0103zi unii dintre noi trebuie s\u0103 dea un test de r\u0103bdare, de inteligen\u0163\u0103, de maturitatea, de responsabilitate. Pentru noi e important s\u0103 ar\u0103t\u0103m c\u0103, \u00een sf\u00e2r\u015fit, odat\u0103 pentru totdeauna, PSD reu\u015fe\u015fte s\u0103 gestioneze un c\u00e2\u015ftig politic, reu\u015fe\u015fte s\u0103 conserve o victorie politic\u0103. Eu o s\u0103 le fac azi colegilor, spre finalul discu\u0163iei, o propunere (n.r. &#8211; pentru \u015fefia Camerei Deputa\u0163ilor) pe care sigur o s\u0103 o accepte\u201d<\/strong>, a declarat Dragnea, \u00eenainte de \u00eenceperea \u015fedin\u0163ei Comitetului Executiv Na\u0163ional.\u00a0<\/p>\n<p data-index=\"5\">\u00centrebat dac\u0103 Victor Ponta a pierdut testul de r\u0103bdare, inteligen\u0163\u0103 \u015fi maturitate, Dragnea a spus: <strong>\u201eVedem acum\u201d<\/strong>.\u00a0<\/p>\n<p data-index=\"6\">Victor Ponta a declarat, mar\u0163i, c\u0103 \u00ee\u015fi depune candidatura pentru \u015fefia Camerei Deputa\u0163ilor doar dac\u0103 are sus\u0163inerea pre\u015fedintelui PSD, Liviu Dragnea, \u00een caz contrar inten\u0163ion\u00e2nd s\u0103 renun\u0163e, pentru a nu provoca tensiuni \u00een partid.<\/p>\n<\/div>\n<p> Source URL: https:\/\/www.digi24.ro\/stiri\/actualitate\/politica\/florin-iordache-presedinte-interimar-al-camerei-deputatilor-ramane-in-post-pana-la-alegerile-parlamentare-528844<\/p>\n","protected":false},"excerpt":{"rendered":"<p>Propunerea a venit de la pre\u015fedintele PSD, Liviu Dragnea, \u00een cadrul \u015fedin\u0163ei, dup\u0103 ce Victor Ponta a anun\u0163at c\u0103 ar vrea func\u0163ia de pre\u015fedinte al Camerei Deputa\u0163ilor doar dac\u0103 Dragnea \u00eel sus\u0163ine, potrivit unor surse News.ro. \u201ePropunerea mea pentru colegi \u00een Comitetul Executiv a fost s\u0103 nu facem nicio nominalizare pentru func\u0163ia de pre\u015fedinte al [&hellip;]<\/p>\n","protected":false},"author":1,"featured_media":163332,"comment_status":"open","ping_status":"","sticky":false,"template":"","format":"standard","meta":{"footnotes":""},"categories":[2],"tags":[11],"class_list":["post-163331","post","type-post","status-publish","format-standard","has-post-thumbnail","hentry","category-politics","tag-digi24"],"_links":{"self":[{"href":"https:\/\/analyse.optim.biz\/index.php?rest_route=\/wp\/v2\/posts\/163331","targetHints":{"allow":["GET"]}}],"collection":[{"href":"https:\/\/analyse.optim.biz\/index.php?rest_route=\/wp\/v2\/posts"}],"about":[{"href":"https:\/\/analyse.optim.biz\/index.php?rest_route=\/wp\/v2\/types\/post"}],"author":[{"embeddable":true,"href":"https:\/\/analyse.optim.biz\/index.php?rest_route=\/wp\/v2\/users\/1"}],"replies":[{"embeddable":true,"href":"https:\/\/analyse.optim.biz\/index.php?rest_route=%2Fwp%2Fv2%2Fcomments&post=163331"}],"version-history":[{"count":0,"href":"https:\/\/analyse.optim.biz\/index.php?rest_route=\/wp\/v2\/posts\/163331\/revisions"}],"wp:featuredmedia":[{"embeddable":true,"href":"https:\/\/analyse.optim.biz\/index.php?rest_route=\/wp\/v2\/media\/163332"}],"wp:attachment":[{"href":"https:\/\/analyse.optim.biz\/index.php?rest_route=%2Fwp%2Fv2%2Fmedia&parent=163331"}],"wp:term":[{"taxonomy":"category","embeddable":true,"href":"https:\/\/analyse.optim.biz\/index.php?rest_route=%2Fwp%2Fv2%2Fcategories&post=163331"},{"taxonomy":"post_tag","embeddable":true,"href":"https:\/\/analyse.optim.biz\/index.php?rest_route=%2Fwp%2Fv2%2Ftags&post=163331"}],"curies":[{"name":"wp","href":"https:\/\/api.w.org\/{rel}","templated":true}]}}