{"id":163328,"date":"2016-06-14T17:12:22","date_gmt":"2016-06-14T14:12:22","guid":{"rendered":"https:\/\/analyse.optim.biz\/?p=163328"},"modified":"2016-06-14T17:12:22","modified_gmt":"2016-06-14T14:12:22","slug":"liviu-dragnea-ideea-motiunii-de-cenzura-o-avem-toti-sper-ca-joi-vom-lua-o-decizie-politica","status":"publish","type":"post","link":"https:\/\/analyse.optim.biz\/?p=163328","title":{"rendered":"Liviu Dragnea: Ideea mo\u0163iunii de cenzur\u0103 o avem to\u0163i. Sper c\u0103 joi vom lua o decizie politic\u0103"},"content":{"rendered":"<div class=\"entry data-app-meta data-app-meta-article\" data-embed-base-url-canonical=\"https:\/\/www.digi24.ro\/embed\/stiri\/actualitate\/politica\/liviu-dragnea-ideea-motiunii-de-cenzura-o-avem-toti-sper-ca-joi-vom-lua-o-decizie-politica-528890\">\n<p data-index=\"1\">\u00a0<img decoding=\"async\" src=\"https:\/\/analyse.optim.biz\/wp-content\/uploads\/2024\/09\/yxnoptfiyze4m2y0mtjhyjdknzi5nzrjntliztu1owu1y2nh-thumb_.jpg\" data-skip-htmlfix=\"1\" title=\"yxnoptfiyze4m2y0mtjhyjdknzi5nzrjntliztu1owu1y2nh-thumb_\"><\/p>\n<p data-index=\"2\">\u201e<span>Ideea de a depune mo\u0163iune de cenzur\u0103 o avem to\u0163i. St\u0103m cu ea \u00een suflet. Dar, dup\u0103 ce depunem mo\u0163iunea de cenzur\u0103, de a doua zi nu punem noi Guvernul, asta e cert, \u015fi ajungem tot la alegeri anticipate, care se pot \u00eent\u00e2mpla \u00een octombrie\u201d, a spus Liviu Dragnea, dup\u0103 \u015fedin\u0163a Comitetului Executiv Na\u0163ional al PSD.<\/span><\/p>\n<p data-index=\"3\">Liderul PSD a spus c\u0103 se va \u00eent\u00e2lni joi cu liderii ALDE \u015fi UNPR \u015fi \u201esper\u0103\u201d c\u0103 la finalul discu\u0163iilor va exista o decizie politic\u0103 pe acest subiect.<\/p>\n<p data-index=\"4\">\u201e<span>Voi avea o discu\u0163ie cu T\u0103riceanu, Constantin, Steriu \u015fi al\u0163i colegi s\u0103 hot\u0103r\u00e2m dac\u0103 pentru rom\u00e2ni e bine s\u0103 ajungem la alegeri anticipate\u201d, a ad\u0103ugat Liviu Dragnea.<\/span><\/p>\n<p data-index=\"5\">Luni, acesta a declarat c\u0103 \u00een partid exist\u0103 o oarecare sup\u0103rare c\u0103, \u00een loc s\u0103 se vorbeasc\u0103 despre rezultatele alegerilor, \u00een fiecare zi e pus\u0103 \u00een discu\u0163ie func\u0163ia de pre\u015fedinte al Camerei Deputa\u0163ilor, care dup\u0103 p\u0103rerea lui valoreaz\u0103 \u201eaproape zero\u201d, \u015fi mo\u0163iunea de cenzur\u0103, a\u015fa cum face Victor Ponta.<\/p>\n<p data-index=\"6\">\u00cenaintea alegerilor locale, Victor Ponta a declarat, dup\u0103 ce liderul PSD Liviu Dragnea s-a ar\u0103tat \u00eempotriva unei mo\u0163iuni de cenzur\u0103, c\u0103 el \u201e\u00eentotdeauna\u201d sus\u0163ine un astfel de demers, care trebuie decis \u00een urma unei negocieri cu liderii UNPR \u015fi ALDE.<\/p>\n<\/div>\n<p> Source URL: https:\/\/www.digi24.ro\/stiri\/actualitate\/politica\/liviu-dragnea-ideea-motiunii-de-cenzura-o-avem-toti-sper-ca-joi-vom-lua-o-decizie-politica-528890<\/p>\n","protected":false},"excerpt":{"rendered":"<p>\u00a0 \u201eIdeea de a depune mo\u0163iune de cenzur\u0103 o avem to\u0163i. St\u0103m cu ea \u00een suflet. Dar, dup\u0103 ce depunem mo\u0163iunea de cenzur\u0103, de a doua zi nu punem noi Guvernul, asta e cert, \u015fi ajungem tot la alegeri anticipate, care se pot \u00eent\u00e2mpla \u00een octombrie\u201d, a spus Liviu Dragnea, dup\u0103 \u015fedin\u0163a Comitetului Executiv Na\u0163ional [&hellip;]<\/p>\n","protected":false},"author":1,"featured_media":163329,"comment_status":"open","ping_status":"","sticky":false,"template":"","format":"standard","meta":{"footnotes":""},"categories":[2],"tags":[11],"class_list":["post-163328","post","type-post","status-publish","format-standard","has-post-thumbnail","hentry","category-politics","tag-digi24"],"_links":{"self":[{"href":"https:\/\/analyse.optim.biz\/index.php?rest_route=\/wp\/v2\/posts\/163328","targetHints":{"allow":["GET"]}}],"collection":[{"href":"https:\/\/analyse.optim.biz\/index.php?rest_route=\/wp\/v2\/posts"}],"about":[{"href":"https:\/\/analyse.optim.biz\/index.php?rest_route=\/wp\/v2\/types\/post"}],"author":[{"embeddable":true,"href":"https:\/\/analyse.optim.biz\/index.php?rest_route=\/wp\/v2\/users\/1"}],"replies":[{"embeddable":true,"href":"https:\/\/analyse.optim.biz\/index.php?rest_route=%2Fwp%2Fv2%2Fcomments&post=163328"}],"version-history":[{"count":0,"href":"https:\/\/analyse.optim.biz\/index.php?rest_route=\/wp\/v2\/posts\/163328\/revisions"}],"wp:featuredmedia":[{"embeddable":true,"href":"https:\/\/analyse.optim.biz\/index.php?rest_route=\/wp\/v2\/media\/163329"}],"wp:attachment":[{"href":"https:\/\/analyse.optim.biz\/index.php?rest_route=%2Fwp%2Fv2%2Fmedia&parent=163328"}],"wp:term":[{"taxonomy":"category","embeddable":true,"href":"https:\/\/analyse.optim.biz\/index.php?rest_route=%2Fwp%2Fv2%2Fcategories&post=163328"},{"taxonomy":"post_tag","embeddable":true,"href":"https:\/\/analyse.optim.biz\/index.php?rest_route=%2Fwp%2Fv2%2Ftags&post=163328"}],"curies":[{"name":"wp","href":"https:\/\/api.w.org\/{rel}","templated":true}]}}