{"id":163325,"date":"2016-06-14T19:07:36","date_gmt":"2016-06-14T16:07:36","guid":{"rendered":"https:\/\/analyse.optim.biz\/?p=163325"},"modified":"2016-06-14T19:07:36","modified_gmt":"2016-06-14T16:07:36","slug":"valeriu-zgonea-a-contestat-la-ccr-modificarea-regulamentului-camerei-deputatilor","status":"publish","type":"post","link":"https:\/\/analyse.optim.biz\/?p=163325","title":{"rendered":"Valeriu Zgonea a contestat la CCR modificarea Regulamentului Camerei Deputa\u021bilor"},"content":{"rendered":"<div class=\"entry data-app-meta data-app-meta-article\" data-embed-base-url-canonical=\"https:\/\/www.digi24.ro\/embed\/stiri\/actualitate\/politica\/valeriu-zgonea-a-contestat-la-ccr-modificarea-regulamentului-camerei-deputatilor-528926\">\n<p data-index=\"1\">\u00a0<img decoding=\"async\" src=\"https:\/\/analyse.optim.biz\/wp-content\/uploads\/2024\/09\/dz04mdamagfzad00zjbkoda0mtrkodg5mdqzmtyymtg3ogrmnzfmyzg2mw-thumb_.jpg\" data-skip-htmlfix=\"1\" title=\"dz04mdamagfzad00zjbkoda0mtrkodg5mdqzmtyymtg3ogrmnzfmyzg2mw-thumb_\"><\/p>\n<p data-index=\"2\">Zgonea a trimis pe 7 iunie o scrisoare Biroului permanent \u00een care solicita retragerea de pe ordinea de zi a hot\u0103r\u00e2rii de modificare a Regulamentului prin care pre\u0219edintele Camerei Deputa\u021bilor poate fi revocat mai u\u0219or din func\u021bie.<\/p>\n<p data-index=\"3\">&#8220;Am \u00eenaintat Biroului permanent un document \u00een care am cerut Comitetului liderilor s\u0103 scoat\u0103 de pe ordinea de zi un punct care, din perspectiva mea, \u00eencalc\u0103 zeci de articole ale Regulamentului \u0219i genereaz\u0103 un precedent extrem de periculos pentru democra\u021bia din Rom\u00e2nia. Nu a existat o ini\u021biativ\u0103 legislativ\u0103 c\u0103reia s\u0103 \u00eei fie asimilat proiectul de hot\u0103r\u00e2re de modificare a Regulamentului Camerei (hot\u0103r\u00e2rea prin care se modific\u0103 articolul privind revocarea pre\u0219edintelui Camerei Deputa\u021bilor &#8211; n.r.). Mai pe rom\u00e2ne\u0219te, \u00een fals, a fost introdus un punct pe ordinea de zi a plenului Camerei Deputa\u021bilor sub identitatea de PHCD 50 care nu are niciun ini\u021biator, nicio comisie parlamentar\u0103 nu l-a ini\u021biat, niciun grup de parlamentari nu a ini\u021biat aceast\u0103 hot\u0103r\u00e2re de modificare a Regulamentului&#8221;, explica, s\u0103pt\u0103m\u00e2na trecut\u0103, Valeriu Zgonea.<\/p>\n<p data-index=\"4\">El spunea c\u0103 secretarul general al Camerei Deputa\u021bilor are obliga\u021bia s\u0103 identifice cum a ap\u0103rut pe ordinea de zi, \u00eentr-un document oficial, timp de c\u00e2teva s\u0103pt\u0103m\u00e2ni consecutiv, un document care nu respect\u0103 prevederile legale.<\/p>\n<p data-index=\"5\">&#8220;Grav este c\u0103 cel care ast\u0103zi este gardianul respect\u0103rii Regulamentului &#8211; Comisia pentru Regulament &#8211; a trimis un raport sub semn\u0103tura pre\u0219edintelui c\u0103tre Biroul permanent, acest raport nespecific\u00e2nd cine sunt ini\u021biatorii, care este perioada de depunere a amendamentelor. Proiectul de hot\u0103r\u00e2re respect\u0103 acelea\u0219i proceduri pe care le respect\u0103 un proiect de lege &#8211; ini\u021biatorii pot fi o comisie parlamentar\u0103 sau un grup de parlamentari. Acest proiect trebuie s\u0103 fie trimis sub semn\u0103tura ini\u021biatorilor c\u0103tre Bp, care \u00eel \u00eenregistreaz\u0103, stabile\u0219te o perioad\u0103 pentru amendamente, dac\u0103 sunt avize de la alte comisii \u0219i o perioad\u0103 de depunere a raportului. Aceste trei obliga\u021bii nu au fost \u00eendeplinite&#8221;, ar\u0103ta Zgonea, care men\u021biona c\u0103 majoritatea celor care au fost demi\u0219i sau revoca\u021bi dintr-o func\u021bie public\u0103 printr-o ilegalitate au c\u00e2\u0219tigat procese \u00een contencios administrativ.<\/p>\n<\/div>\n<p> Source URL: https:\/\/www.digi24.ro\/stiri\/actualitate\/politica\/valeriu-zgonea-a-contestat-la-ccr-modificarea-regulamentului-camerei-deputatilor-528926<\/p>\n","protected":false},"excerpt":{"rendered":"<p>\u00a0 Zgonea a trimis pe 7 iunie o scrisoare Biroului permanent \u00een care solicita retragerea de pe ordinea de zi a hot\u0103r\u00e2rii de modificare a Regulamentului prin care pre\u0219edintele Camerei Deputa\u021bilor poate fi revocat mai u\u0219or din func\u021bie. &#8220;Am \u00eenaintat Biroului permanent un document \u00een care am cerut Comitetului liderilor s\u0103 scoat\u0103 de pe ordinea [&hellip;]<\/p>\n","protected":false},"author":1,"featured_media":163326,"comment_status":"open","ping_status":"","sticky":false,"template":"","format":"standard","meta":{"footnotes":""},"categories":[2],"tags":[11],"class_list":["post-163325","post","type-post","status-publish","format-standard","has-post-thumbnail","hentry","category-politics","tag-digi24"],"_links":{"self":[{"href":"https:\/\/analyse.optim.biz\/index.php?rest_route=\/wp\/v2\/posts\/163325","targetHints":{"allow":["GET"]}}],"collection":[{"href":"https:\/\/analyse.optim.biz\/index.php?rest_route=\/wp\/v2\/posts"}],"about":[{"href":"https:\/\/analyse.optim.biz\/index.php?rest_route=\/wp\/v2\/types\/post"}],"author":[{"embeddable":true,"href":"https:\/\/analyse.optim.biz\/index.php?rest_route=\/wp\/v2\/users\/1"}],"replies":[{"embeddable":true,"href":"https:\/\/analyse.optim.biz\/index.php?rest_route=%2Fwp%2Fv2%2Fcomments&post=163325"}],"version-history":[{"count":0,"href":"https:\/\/analyse.optim.biz\/index.php?rest_route=\/wp\/v2\/posts\/163325\/revisions"}],"wp:featuredmedia":[{"embeddable":true,"href":"https:\/\/analyse.optim.biz\/index.php?rest_route=\/wp\/v2\/media\/163326"}],"wp:attachment":[{"href":"https:\/\/analyse.optim.biz\/index.php?rest_route=%2Fwp%2Fv2%2Fmedia&parent=163325"}],"wp:term":[{"taxonomy":"category","embeddable":true,"href":"https:\/\/analyse.optim.biz\/index.php?rest_route=%2Fwp%2Fv2%2Fcategories&post=163325"},{"taxonomy":"post_tag","embeddable":true,"href":"https:\/\/analyse.optim.biz\/index.php?rest_route=%2Fwp%2Fv2%2Ftags&post=163325"}],"curies":[{"name":"wp","href":"https:\/\/api.w.org\/{rel}","templated":true}]}}