{"id":163173,"date":"2016-06-18T12:24:28","date_gmt":"2016-06-18T09:24:28","guid":{"rendered":"https:\/\/analyse.optim.biz\/?p=163173"},"modified":"2016-06-18T12:24:28","modified_gmt":"2016-06-18T09:24:28","slug":"cu-alegerile-la-tribunal-pnl-crede-ca-s-ar-putea-ajunge-la-un-nou-dosar-penal-pentru-blocarea-alegerilor-de-catre-guvernul-ponta","status":"publish","type":"post","link":"https:\/\/analyse.optim.biz\/?p=163173","title":{"rendered":"Cu alegerile la tribunal | PNL crede c\u0103 s-ar putea ajunge la un nou dosar penal pentru \u201eblocarea alegerilor\u201d de c\u0103tre Guvernul Ponta"},"content":{"rendered":"<div class=\"entry data-app-meta data-app-meta-article\" data-embed-base-url-canonical=\"https:\/\/www.digi24.ro\/embed\/stiri\/actualitate\/politica\/cu-alegerile-la-tribunal-pnl-crede-ca-s-ar-putea-ajunge-la-un-nou-dosar-penal-pentru-blocarea-alegerilor-de-catre-guvernul-ponta-530161\">\n<p data-index=\"1\">Liberalii sus\u0163in c\u0103 se poate ajunge la un nou dosar penal pentru blocarea alegerilor, cum s-a \u00eent\u00e2mplat \u00een cazul votului din Diaspora. Potrivit acestora, dou\u0103 milioane de rom\u00e2ni din \u0163ar\u0103 au fost \u00eempiedica\u0163i s\u0103 \u00ee\u015fi exercite dreptul la vot.<\/p>\n<p data-index=\"2\"><em>\u201e<\/em><span><em>Am c\u00e2\u015ftigat \u00een prim\u0103 instan\u0163\u0103 toate procesele intentate guvernului Ponta pentru refuzul organiz\u0103rii alegerilor par\u0163iale\u201d,<\/em> a spus purt\u0103torul de cuv\u00e2nt al PNL, Ionu\u021b Stroe.<\/span><\/p>\n<p data-index=\"3\">Pre\u015fedintele PSD nu are o explica\u0163ie pentru aceast\u0103 situa\u0163ie, de\u015fi a f\u0103cut parte din guvernul Ponta.<\/p>\n<p data-index=\"4\"><em>\u201eEste o situa\u0163ie stranie, recunosc, dar dac\u0103 legisla\u0163ia permite asta, uite apar \u015fi situa\u0163ii de genul \u0103sta. Poate ar trebui s\u0103 ne g\u00e2ndim la anul s\u0103 vedem ce legi ar trebui modificate\u201d<\/em>, a spus Liviu Dragnea.<\/p>\n<p data-index=\"5\">Dup\u0103 ce a ignorat recomand\u0103rile Autorit\u0103\u021bii Electorale Permanente (AEP) pentru alegerile par\u0163iale, fostul guvern nu a luat \u00een calcul nici sfaturile pre\u015fedintelui Iohannis.<\/p>\n<p data-index=\"6\"><em>\u201eDup\u0103 p\u0103rerea mea, abordarea Guvernului este gre\u015fit\u0103. Ar fi trebuit s\u0103 organizeze alegeri par\u0163iale \u00een toate localit\u0103\u0163ile \u015fi jude\u0163ele unde persoanele care au fost pe func\u0163ie au p\u0103r\u0103sit din varii motive aceste func\u0163ii\u201d<\/em>, a precizat pre\u0219edintele Klaus Iohannis.<\/p>\n<p data-index=\"7\">Mai mult, Victor Ponta afirma \u00een 2012, c\u00e2nd \u00eenc\u0103 nu era premier, c\u0103 refuzul guvernului Boc de a organiza par\u0163iale este o fapt\u0103 penal\u0103. Dup\u0103 ce a ajuns el la Palatul Victoria \u015fi-a schimbat discursul.<\/p>\n<p data-index=\"8\"><em>\u201eVom ac\u0163iona at\u00e2t \u00een instan\u0163a civil\u0103 pentru ca instan\u0163a s\u0103 oblige Guvernul s\u0103 organizeze alegeri, s\u0103 respecte legea\u201d,<\/em> spunea Victor Ponta.<\/p>\n<p data-index=\"9\">C\u00e2nd a ajuns premier \u00eens\u0103, \u00eentrebat dac\u0103 va organiza alegeri par\u021biale Victor Ponta declara c\u0103 face acest lucru \u201edac\u0103 instan\u0163a ne va obliga, vom respecta deciziile instan\u0163elor\u201d.<\/p>\n<p data-index=\"10\">Potrivit legii, Guvernul trebuie s\u0103 organizeze alegeri par\u0163iale \u00een termen de 90 de zile de la vacantarea unui post ales prin vot uninominal. \u00centr-un r\u0103spuns pentru Digi24, Ministerul Justi\u0163iei a precizat c\u0103 nu are nicio competen\u0163\u0103 \u00een organizarea alegerilor \u015fi c\u0103 Internele trebuie s\u0103 ofere un r\u0103spuns. Ministerul de Interne nu a f\u0103cut niciun comentariu la solicitarea Digi24 privind blocarea alegerilor par\u0163iale. \u00a0<\/p>\n<\/div>\n<p> Source URL: https:\/\/www.digi24.ro\/stiri\/actualitate\/politica\/cu-alegerile-la-tribunal-pnl-crede-ca-s-ar-putea-ajunge-la-un-nou-dosar-penal-pentru-blocarea-alegerilor-de-catre-guvernul-ponta-530161<\/p>\n","protected":false},"excerpt":{"rendered":"<p>Liberalii sus\u0163in c\u0103 se poate ajunge la un nou dosar penal pentru blocarea alegerilor, cum s-a \u00eent\u00e2mplat \u00een cazul votului din Diaspora. Potrivit acestora, dou\u0103 milioane de rom\u00e2ni din \u0163ar\u0103 au fost \u00eempiedica\u0163i s\u0103 \u00ee\u015fi exercite dreptul la vot. \u201eAm c\u00e2\u015ftigat \u00een prim\u0103 instan\u0163\u0103 toate procesele intentate guvernului Ponta pentru refuzul organiz\u0103rii alegerilor par\u0163iale\u201d, a [&hellip;]<\/p>\n","protected":false},"author":1,"featured_media":163174,"comment_status":"open","ping_status":"","sticky":false,"template":"","format":"standard","meta":{"footnotes":""},"categories":[2],"tags":[11],"class_list":["post-163173","post","type-post","status-publish","format-standard","has-post-thumbnail","hentry","category-politics","tag-digi24"],"_links":{"self":[{"href":"https:\/\/analyse.optim.biz\/index.php?rest_route=\/wp\/v2\/posts\/163173","targetHints":{"allow":["GET"]}}],"collection":[{"href":"https:\/\/analyse.optim.biz\/index.php?rest_route=\/wp\/v2\/posts"}],"about":[{"href":"https:\/\/analyse.optim.biz\/index.php?rest_route=\/wp\/v2\/types\/post"}],"author":[{"embeddable":true,"href":"https:\/\/analyse.optim.biz\/index.php?rest_route=\/wp\/v2\/users\/1"}],"replies":[{"embeddable":true,"href":"https:\/\/analyse.optim.biz\/index.php?rest_route=%2Fwp%2Fv2%2Fcomments&post=163173"}],"version-history":[{"count":0,"href":"https:\/\/analyse.optim.biz\/index.php?rest_route=\/wp\/v2\/posts\/163173\/revisions"}],"wp:featuredmedia":[{"embeddable":true,"href":"https:\/\/analyse.optim.biz\/index.php?rest_route=\/wp\/v2\/media\/163174"}],"wp:attachment":[{"href":"https:\/\/analyse.optim.biz\/index.php?rest_route=%2Fwp%2Fv2%2Fmedia&parent=163173"}],"wp:term":[{"taxonomy":"category","embeddable":true,"href":"https:\/\/analyse.optim.biz\/index.php?rest_route=%2Fwp%2Fv2%2Fcategories&post=163173"},{"taxonomy":"post_tag","embeddable":true,"href":"https:\/\/analyse.optim.biz\/index.php?rest_route=%2Fwp%2Fv2%2Ftags&post=163173"}],"curies":[{"name":"wp","href":"https:\/\/api.w.org\/{rel}","templated":true}]}}