{"id":163162,"date":"2016-06-19T19:10:55","date_gmt":"2016-06-19T16:10:55","guid":{"rendered":"https:\/\/analyse.optim.biz\/?p=163162"},"modified":"2016-06-19T19:10:55","modified_gmt":"2016-06-19T16:10:55","slug":"parlamentul-voteaza-guvernul-nu-are-bani","status":"publish","type":"post","link":"https:\/\/analyse.optim.biz\/?p=163162","title":{"rendered":"Parlamentul voteaz\u0103, Guvernul nu are bani"},"content":{"rendered":"<div class=\"entry data-app-meta data-app-meta-article\" data-embed-base-url-canonical=\"https:\/\/www.digi24.ro\/embed\/stiri\/actualitate\/politica\/parlamentul-voteaza-guvernul-nu-are-bani-530511\">\n<p data-index=\"1\">Proiectul de lege privind reducerea CAS cu cinci puncte procentuale a fost votat s\u0103pt\u0103m\u00e2na aceasta \u00een Senat \u015fi a\u015fteapt\u0103 votul din Camera Deputa\u0163ilor. Chiar dac\u0103 ministerul de Finan\u0163e s-a opus m\u0103surii, social-democra\u0163ii sper\u0103 s\u0103 fie adoptat \u00een Parlament c\u00e2t mai repede pentru a ajunge la promulgare, la pre\u015fedintele Klaus Iohannis.<\/p>\n<p data-index=\"2\">Mihai Fifor, pre\u015fedintele Consiliului Na\u0163ional al PSD: \u201eGuvernul de obicei asta spune, nu sunt bani.<\/p>\n<p data-index=\"3\">Asta a spus \u015fi atunci c\u00e2nd a trebuit majorat salariul minim pe economie, mereu Guvernul nu a avut resurs\u0103 bugetar\u0103. Spaima asta ve\u015fnic\u0103, nu putem, nu facem, nu sunt bani. E o chestiune cred de o gospod\u0103rire mai atent\u0103 \u015fi de un pic de bun\u0103voin\u0163\u0103 \u00een ultim\u0103 instan\u0163\u0103\u201d.<\/p>\n<p data-index=\"4\">Dac\u0103 social-democra\u0163ii spun c\u0103 vor taxe mai mici pe munc\u0103 pentru a sprijini mediul de afaceri, ministrul de Finan\u0163e vorbe\u015fte de impactul bugetar.<\/p>\n<p data-index=\"5\">Anca Dragu, ministrul de Finan\u0163e: \u201eAm f\u0103cut un calcul de impact, ar costa bugetul 7,7 miliarde de lei. Nu avem loc pentru o reducere a veniturilor at\u00e2t de mare\u201d.<\/p>\n<p data-index=\"6\">Mesajul fusese transmis PSD \u015fi \u00een luna februarie la depunerea proiectului legislativ, dar nu i-a convins pe social-democra\u0163i.<\/p>\n<p data-index=\"7\">Anca Dragu, \u00een 22 februarie: \u201eNoi avem acum un deficit bugetar prognozat de 2,95% din PIB, adic\u0103 foarte aproape de limita de 3%, conform angajamentelor pe care Rom\u00e2nia le are \u00een fa\u0163a Uniunii Europene\u201d.<\/p>\n<p data-index=\"8\">Nici impozitul specific pe turism propus de PSD nu este pe placul Finan\u0163elor. Liviu Dragnea a cerut explica\u0163ii de la ministrul de Finan\u0163e, dup\u0103 care proiectul a fost votat \u00een Senat.<\/p>\n<p data-index=\"9\">Liviu Dragnea: \u201eSigur, sigur c\u0103 trebuie s\u0103 r\u0103spund\u0103, c\u0103 doar nu a venit aici s\u0103 fac\u0103 poze. A venit s\u0103 r\u0103spuns\u0103 la ni\u015fte \u00eentreb\u0103ri\u201d.<\/p>\n<p data-index=\"10\">Anca Dragu, \u00een 22 februarie: \u201eCredem c\u0103 acest impozit specific ar putea conduce la o reducere a impozitelor pl\u0103tite de c\u0103tre marii operatori \u015fi o cre\u015ftere a impozitelor ce vor fi pl\u0103tite de c\u0103tre micii operatori\u201d.<\/p>\n<p data-index=\"11\">Social-democra\u0163ii sus\u0163in c\u0103 proiectele depuse de ei nu au un caracter electoral \u015fi c\u0103 nu se va ajunge la un conflict cu premierul Ciolo\u015f sau cu pre\u015fedintele Iohannis pentru adoptarea lor.<\/p>\n<p data-index=\"12\">Mihai Fifor, pre\u015fedintele Consiliului Na\u0163ional Executiv al PSD: \u201e\u00cemi doresc din toat\u0103 inima s\u0103 le promulge pentru c\u0103 sunt legi care sunt a\u015fteptate de mediul de afaceri. Campania vine, trece, tocmai s-a \u00eencheiat un tur de alegeri, vom avea \u00een toamn\u0103 altul, asta nu \u00eenseamn\u0103 c\u0103 tot ce se face \u00een Parlament se face cu iz electoral\u201d. \u00a0<\/p>\n<\/div>\n<p> Source URL: https:\/\/www.digi24.ro\/stiri\/actualitate\/politica\/parlamentul-voteaza-guvernul-nu-are-bani-530511<\/p>\n","protected":false},"excerpt":{"rendered":"<p>Proiectul de lege privind reducerea CAS cu cinci puncte procentuale a fost votat s\u0103pt\u0103m\u00e2na aceasta \u00een Senat \u015fi a\u015fteapt\u0103 votul din Camera Deputa\u0163ilor. Chiar dac\u0103 ministerul de Finan\u0163e s-a opus m\u0103surii, social-democra\u0163ii sper\u0103 s\u0103 fie adoptat \u00een Parlament c\u00e2t mai repede pentru a ajunge la promulgare, la pre\u015fedintele Klaus Iohannis. Mihai Fifor, pre\u015fedintele Consiliului Na\u0163ional [&hellip;]<\/p>\n","protected":false},"author":1,"featured_media":163163,"comment_status":"open","ping_status":"","sticky":false,"template":"","format":"standard","meta":{"footnotes":""},"categories":[2],"tags":[11],"class_list":["post-163162","post","type-post","status-publish","format-standard","has-post-thumbnail","hentry","category-politics","tag-digi24"],"_links":{"self":[{"href":"https:\/\/analyse.optim.biz\/index.php?rest_route=\/wp\/v2\/posts\/163162","targetHints":{"allow":["GET"]}}],"collection":[{"href":"https:\/\/analyse.optim.biz\/index.php?rest_route=\/wp\/v2\/posts"}],"about":[{"href":"https:\/\/analyse.optim.biz\/index.php?rest_route=\/wp\/v2\/types\/post"}],"author":[{"embeddable":true,"href":"https:\/\/analyse.optim.biz\/index.php?rest_route=\/wp\/v2\/users\/1"}],"replies":[{"embeddable":true,"href":"https:\/\/analyse.optim.biz\/index.php?rest_route=%2Fwp%2Fv2%2Fcomments&post=163162"}],"version-history":[{"count":0,"href":"https:\/\/analyse.optim.biz\/index.php?rest_route=\/wp\/v2\/posts\/163162\/revisions"}],"wp:featuredmedia":[{"embeddable":true,"href":"https:\/\/analyse.optim.biz\/index.php?rest_route=\/wp\/v2\/media\/163163"}],"wp:attachment":[{"href":"https:\/\/analyse.optim.biz\/index.php?rest_route=%2Fwp%2Fv2%2Fmedia&parent=163162"}],"wp:term":[{"taxonomy":"category","embeddable":true,"href":"https:\/\/analyse.optim.biz\/index.php?rest_route=%2Fwp%2Fv2%2Fcategories&post=163162"},{"taxonomy":"post_tag","embeddable":true,"href":"https:\/\/analyse.optim.biz\/index.php?rest_route=%2Fwp%2Fv2%2Ftags&post=163162"}],"curies":[{"name":"wp","href":"https:\/\/api.w.org\/{rel}","templated":true}]}}