{"id":163146,"date":"2016-06-13T09:51:48","date_gmt":"2016-06-13T06:51:48","guid":{"rendered":"https:\/\/analyse.optim.biz\/?p=163146"},"modified":"2016-06-13T09:51:48","modified_gmt":"2016-06-13T06:51:48","slug":"valeriu-zgonea-si-ar-putea-pierde-azi-functia-de-presedinte-al-camerei-deputatilor","status":"publish","type":"post","link":"https:\/\/analyse.optim.biz\/?p=163146","title":{"rendered":"Valeriu Zgonea \u0219i-ar putea pierde azi func\u0163ia de pre\u015fedinte al Camerei Deputa\u0163ilor"},"content":{"rendered":"<div class=\"entry data-app-meta data-app-meta-article\" data-embed-base-url-canonical=\"https:\/\/www.digi24.ro\/embed\/stiri\/actualitate\/politica\/valeriu-zgonea-si-ar-putea-pierde-azi-functia-de-presedinte-al-camerei-deputatilor-528317\">\n<p data-index=\"1\">PSD \u00eencearc\u0103 prin dou\u0103 metode s\u0103 vacanteze postul de pre\u015fedinte al Camerei Deputa\u0163ilor: printr-o modificare a Regulamentului forului, prin care grupul care l-a sus\u0163inut pe \u015feful Camerei poate solicita revocarea din func\u0163ie &#8211; fa\u0163\u0103 de prevederea actual\u0103, potrivit c\u0103reia doar grupul din care face pre\u015fedintele parte poate face acest demers, \u00een condi\u0163iile \u00een care Zgonea este acum parlamentar independent \u015fi nu face parte din niciun grup -, precum \u015fi printr-o interpretare a Statutului, care prevede c\u0103 orice func\u0163ie devine vacant\u0103 \u00een momentul pierderii sprijinului politic, inclusiv cea de pre\u015fedinte al forului, \u015fi nu doar cea de \u015fef de comisie de specialitate sau a restului func\u0163iilor de conducere din Biroul Permanent al Camera Deputa\u0163ilor.<\/p>\n<p data-index=\"2\">\u00cen privin\u0163a celei de-a doua c\u0103i folosite de social-democra\u0163i, Comisia pentru statut a decis c\u0103 orice func\u0163ie va fi pierdut\u0103 automat prin pierderea sprijinului politic, ceea ce s-ar aplica \u015fi pre\u015fedintelui Camerei Deputa\u0163ilor, \u00een condi\u0163iile \u00een care p\u00e2n\u0103 acum aceste prevederi nu erau aplicate primei func\u0163ii din for. S\u0103pt\u0103m\u00e2na trecut\u0103, conducerea Parlamentului a discutat acest punct de vedere, hot\u0103r\u00e2nd s\u0103 \u00eel transmis\u0103 c\u0103tre Biroul Permanent al Camerei Deputa\u0163ilor.<\/p>\n<p data-index=\"3\">Valeriu Zgonea contest\u0103 aceast\u0103 interpretare \u015fi d\u0103 de \u00een\u0163eles c\u0103 orice tentativ\u0103 de schimbare a sa din func\u0163ie necesit\u0103 un vot \u00een plenul Camerei Deputa\u0163ilor.<\/p>\n<p data-index=\"4\">\u201eEu sper ca procedurile legale \u015fi constitu\u0163ionale s\u0103 fie respectate. Valeriu Zgonea nu e incompatibil, ca s\u0103 lu\u0103m act. Nu exist\u0103 o decizie a instan\u0163ei. Din acest punct de vedere, trebuie s\u0103 respect\u0103m totu\u015fi Constitu\u0163ia \u015fi Regulamentul. B\u0103nuiesc c\u0103 sunt suficient de multe min\u0163i luminate \u00een Parlament ca s\u0103 \u00een\u0163eleag\u0103 acest lucru\u201d, a spus Valeriu Zgonea.<\/p>\n<\/div>\n<p> Source URL: https:\/\/www.digi24.ro\/stiri\/actualitate\/politica\/valeriu-zgonea-si-ar-putea-pierde-azi-functia-de-presedinte-al-camerei-deputatilor-528317<\/p>\n","protected":false},"excerpt":{"rendered":"<p>PSD \u00eencearc\u0103 prin dou\u0103 metode s\u0103 vacanteze postul de pre\u015fedinte al Camerei Deputa\u0163ilor: printr-o modificare a Regulamentului forului, prin care grupul care l-a sus\u0163inut pe \u015feful Camerei poate solicita revocarea din func\u0163ie &#8211; fa\u0163\u0103 de prevederea actual\u0103, potrivit c\u0103reia doar grupul din care face pre\u015fedintele parte poate face acest demers, \u00een condi\u0163iile \u00een care Zgonea [&hellip;]<\/p>\n","protected":false},"author":1,"featured_media":163147,"comment_status":"open","ping_status":"","sticky":false,"template":"","format":"standard","meta":{"footnotes":""},"categories":[2],"tags":[11],"class_list":["post-163146","post","type-post","status-publish","format-standard","has-post-thumbnail","hentry","category-politics","tag-digi24"],"_links":{"self":[{"href":"https:\/\/analyse.optim.biz\/index.php?rest_route=\/wp\/v2\/posts\/163146","targetHints":{"allow":["GET"]}}],"collection":[{"href":"https:\/\/analyse.optim.biz\/index.php?rest_route=\/wp\/v2\/posts"}],"about":[{"href":"https:\/\/analyse.optim.biz\/index.php?rest_route=\/wp\/v2\/types\/post"}],"author":[{"embeddable":true,"href":"https:\/\/analyse.optim.biz\/index.php?rest_route=\/wp\/v2\/users\/1"}],"replies":[{"embeddable":true,"href":"https:\/\/analyse.optim.biz\/index.php?rest_route=%2Fwp%2Fv2%2Fcomments&post=163146"}],"version-history":[{"count":0,"href":"https:\/\/analyse.optim.biz\/index.php?rest_route=\/wp\/v2\/posts\/163146\/revisions"}],"wp:featuredmedia":[{"embeddable":true,"href":"https:\/\/analyse.optim.biz\/index.php?rest_route=\/wp\/v2\/media\/163147"}],"wp:attachment":[{"href":"https:\/\/analyse.optim.biz\/index.php?rest_route=%2Fwp%2Fv2%2Fmedia&parent=163146"}],"wp:term":[{"taxonomy":"category","embeddable":true,"href":"https:\/\/analyse.optim.biz\/index.php?rest_route=%2Fwp%2Fv2%2Fcategories&post=163146"},{"taxonomy":"post_tag","embeddable":true,"href":"https:\/\/analyse.optim.biz\/index.php?rest_route=%2Fwp%2Fv2%2Ftags&post=163146"}],"curies":[{"name":"wp","href":"https:\/\/api.w.org\/{rel}","templated":true}]}}