{"id":163124,"date":"2016-06-13T11:49:01","date_gmt":"2016-06-13T08:49:01","guid":{"rendered":"https:\/\/analyse.optim.biz\/?p=163124"},"modified":"2016-06-13T11:49:01","modified_gmt":"2016-06-13T08:49:01","slug":"liviu-dragnea-urare-de-ziua-lui-klaus-iohannis-ii-doresc-domnului-presedinte-ceea-ce-imi-doreste-si-el-mie","status":"publish","type":"post","link":"https:\/\/analyse.optim.biz\/?p=163124","title":{"rendered":"Liviu Dragnea, urare de ziua lui Klaus Iohannis: \u201e\u00cei doresc domnului pre\u0219edinte ceea ce \u00eemi dore\u0219te \u0219i el mie\u201d"},"content":{"rendered":"<div class=\"entry data-app-meta data-app-meta-article\" data-embed-base-url-canonical=\"https:\/\/www.digi24.ro\/embed\/stiri\/actualitate\/politica\/liviu-dragnea-urare-de-ziua-lui-klaus-iohannis-ii-doresc-domnului-presedinte-ceea-ce-imi-doreste-si-el-mie-528366\">\n<p data-index=\"1\"><em>\u201eCum am spus \u0219i asear\u0103, domnului pre\u0219edinte Iohannis \u00eei doresc ceea ce \u00eemi dore\u0219te \u0219i el mie. Nu \u0219tiu (n.red ce \u00eemi dore\u0219te el). Este o urare foarte corect\u0103 \u0219i cinstit\u0103.\u00a0De ce s\u0103 \u00eel sun din moment ce \u00eei spun public cu toate camerele?\u201d,<\/em> a spus liderul PSD.\u00a0<\/p>\n<p data-index=\"2\">De asemenea, Liviu Dragnea a precizat c\u0103 el nu \u00eel sun\u0103 pe pre\u0219edintele Klaus Iohannis s\u0103 \u201e\u00ee\u0219i dea demisia c\u0103 are probleme cu casa\u201d. \u00centrebat dac\u0103 va veni \u0219i \u0219eful statului la DNA, Liviu Dragnea a r\u0103spuns \u201eacum nu\u201d.\u00a0<\/p>\n<p data-index=\"3\">Pre\u0219edintele Klaus Iohannis \u00eempline\u0219te, luni, 57 de ani.\u00a0Klaus Werner Iohannis s-a n\u0103scut pe 13 iunie 1959, \u00een Sibiu, \u00eentr-o familie de sa\u0219i transilv\u0103neni, potrivit <a href=\"http:\/\/www.agerpres.ro\/flux-documentare\/2016\/06\/13\/documentar-presedintele-romaniei-klaus-iohannis-implineste-57-de-ani-08-26-54\" target=\"_blank\" data-skip-linkfix=\"1\" rel=\"noopener\">Agerpres<\/a>.<\/p>\n<p data-index=\"4\">\u0218eful statului a de\u021binut patru mandate consecutive de primar al ora\u0219ului Sibiu, din partea FDGR, fiind ales la scrutinurile din 2000, 2004, 2008 \u0219i 2012. A fost primar al Sibiului p\u00e2n\u0103 \u00een decembrie 2014, c\u00e2nd a devenit pre\u0219edinte al Rom\u00e2niei.<\/p>\n<h5><span>Citi\u021bi \u0219i: <\/span><\/h5>\n<h5><a href=\"https:\/\/www.digi24.ro\/Stiri\/Digi24\/Actualitate\/Politica\/Liviu+Dragnea+E+frumos+aici+la+coada+la+DNA+cum+se+statea+inaint\" target=\"_blank\" data-skip-linkfix=\"1\" rel=\"noopener\">Liviu Dragnea: \u201eE frumos aici la coad\u0103 la DNA, cum se st\u0103tea \u00eenainte la p\u00e2ine\u201d<\/a><\/h5>\n<\/div>\n<p> Source URL: https:\/\/www.digi24.ro\/stiri\/actualitate\/politica\/liviu-dragnea-urare-de-ziua-lui-klaus-iohannis-ii-doresc-domnului-presedinte-ceea-ce-imi-doreste-si-el-mie-528366<\/p>\n","protected":false},"excerpt":{"rendered":"<p>\u201eCum am spus \u0219i asear\u0103, domnului pre\u0219edinte Iohannis \u00eei doresc ceea ce \u00eemi dore\u0219te \u0219i el mie. Nu \u0219tiu (n.red ce \u00eemi dore\u0219te el). Este o urare foarte corect\u0103 \u0219i cinstit\u0103.\u00a0De ce s\u0103 \u00eel sun din moment ce \u00eei spun public cu toate camerele?\u201d, a spus liderul PSD.\u00a0 De asemenea, Liviu Dragnea a precizat c\u0103 [&hellip;]<\/p>\n","protected":false},"author":1,"featured_media":163125,"comment_status":"open","ping_status":"","sticky":false,"template":"","format":"standard","meta":{"footnotes":""},"categories":[2],"tags":[11],"class_list":["post-163124","post","type-post","status-publish","format-standard","has-post-thumbnail","hentry","category-politics","tag-digi24"],"_links":{"self":[{"href":"https:\/\/analyse.optim.biz\/index.php?rest_route=\/wp\/v2\/posts\/163124","targetHints":{"allow":["GET"]}}],"collection":[{"href":"https:\/\/analyse.optim.biz\/index.php?rest_route=\/wp\/v2\/posts"}],"about":[{"href":"https:\/\/analyse.optim.biz\/index.php?rest_route=\/wp\/v2\/types\/post"}],"author":[{"embeddable":true,"href":"https:\/\/analyse.optim.biz\/index.php?rest_route=\/wp\/v2\/users\/1"}],"replies":[{"embeddable":true,"href":"https:\/\/analyse.optim.biz\/index.php?rest_route=%2Fwp%2Fv2%2Fcomments&post=163124"}],"version-history":[{"count":0,"href":"https:\/\/analyse.optim.biz\/index.php?rest_route=\/wp\/v2\/posts\/163124\/revisions"}],"wp:featuredmedia":[{"embeddable":true,"href":"https:\/\/analyse.optim.biz\/index.php?rest_route=\/wp\/v2\/media\/163125"}],"wp:attachment":[{"href":"https:\/\/analyse.optim.biz\/index.php?rest_route=%2Fwp%2Fv2%2Fmedia&parent=163124"}],"wp:term":[{"taxonomy":"category","embeddable":true,"href":"https:\/\/analyse.optim.biz\/index.php?rest_route=%2Fwp%2Fv2%2Fcategories&post=163124"},{"taxonomy":"post_tag","embeddable":true,"href":"https:\/\/analyse.optim.biz\/index.php?rest_route=%2Fwp%2Fv2%2Ftags&post=163124"}],"curies":[{"name":"wp","href":"https:\/\/api.w.org\/{rel}","templated":true}]}}