{"id":163085,"date":"2016-06-21T17:14:54","date_gmt":"2016-06-21T14:14:54","guid":{"rendered":"https:\/\/analyse.optim.biz\/?p=163085"},"modified":"2016-06-21T17:14:54","modified_gmt":"2016-06-21T14:14:54","slug":"premiera-parlamentara-senatul-nu-este-de-acord-ca-guvernul-sa-adopte-ordonante-in-perioada-vacantei","status":"publish","type":"post","link":"https:\/\/analyse.optim.biz\/?p=163085","title":{"rendered":"Premier\u0103 parlamentar\u0103. Senatul nu este de acord ca Guvernul s\u0103 adopte ordonan\u0163e \u00een perioada vacan\u0163ei\u00a0"},"content":{"rendered":"<div class=\"entry data-app-meta data-app-meta-article\" data-embed-base-url-canonical=\"https:\/\/www.digi24.ro\/embed\/stiri\/actualitate\/politica\/premiera-parlamentara-senatul-nu-este-de-acord-ca-guvernul-sa-adopte-ordonante-in-perioada-vacantei-531217\">\n<p data-index=\"1\"><img decoding=\"async\" src=\"https:\/\/analyse.optim.biz\/wp-content\/uploads\/2024\/09\/yjjinzmxm2mwntkwodcyownhogy4ntdhzdk2yw-thumb_.jpg\" data-skip-htmlfix=\"1\" title=\"yjjinzmxm2mwntkwodcyownhogy4ntdhzdk2yw-thumb_\"><\/p>\n<p data-index=\"2\">\u015eerban Nicolae a anun\u0163at c\u0103 to\u0163i senatorii PSD au votat \u00eempotriva proectului. Explica\u0163ia a venit de la Georgic\u0103 Severin care spune c\u0103 &#8220;acest guvern trebuie s\u0103 administreze&#8221; treburile \u0163\u0103rii p\u00e2n\u0103 dup\u0103 alegerile parlamentare, &#8220;nu s\u0103 reformeze&#8221;.<\/p>\n<p data-index=\"3\">PSD are 57 de voturi \u00een plenul Senatului, c\u0103rora li se adaug\u0103 16 de la UNPR \u015fi \u00eenc\u0103 14 de la ALDE. PNL are 55 de senatori.<\/p>\n<p data-index=\"4\">Abilitarea Guvernului de a emite ordonan\u0163e pe perioada vacan\u0163ei parlamentare este reglementat\u0103 de articolul 115 din Constitu\u0163ia Rom\u00e2niei:<\/p>\n<p data-index=\"5\">ARTICOLUL 115<br \/>(1) Parlamentul poate adopta o lege special\u0103 de abilitare a Guvernului pentru a emite ordonan\u0163e \u00een domenii care nu fac obiectul legilor organice.<\/p>\n<p data-index=\"6\">(2) Legea de abilitare va stabili, \u00een mod obligatoriu, domeniul \u015fi data p\u00e2n\u0103 la care se pot emite ordonan\u0163e.<\/p>\n<p data-index=\"7\">(3) Dac\u0103 legea de abilitare o cere, ordonan\u0163ele se supun aprob\u0103rii Parlamentului, potrivit procedurii legislative, p\u00e2n\u0103 la \u00eemplinirea termenului de abilitare. Nerespectarea termenului atrage \u00eencetarea efectelor ordonan\u0163ei.<\/p>\n<\/div>\n<p> Source URL: https:\/\/www.digi24.ro\/stiri\/actualitate\/politica\/premiera-parlamentara-senatul-nu-este-de-acord-ca-guvernul-sa-adopte-ordonante-in-perioada-vacantei-531217<\/p>\n","protected":false},"excerpt":{"rendered":"<p>\u015eerban Nicolae a anun\u0163at c\u0103 to\u0163i senatorii PSD au votat \u00eempotriva proectului. Explica\u0163ia a venit de la Georgic\u0103 Severin care spune c\u0103 &#8220;acest guvern trebuie s\u0103 administreze&#8221; treburile \u0163\u0103rii p\u00e2n\u0103 dup\u0103 alegerile parlamentare, &#8220;nu s\u0103 reformeze&#8221;. PSD are 57 de voturi \u00een plenul Senatului, c\u0103rora li se adaug\u0103 16 de la UNPR \u015fi \u00eenc\u0103 14 [&hellip;]<\/p>\n","protected":false},"author":1,"featured_media":163086,"comment_status":"open","ping_status":"","sticky":false,"template":"","format":"standard","meta":{"footnotes":""},"categories":[2],"tags":[11],"class_list":["post-163085","post","type-post","status-publish","format-standard","has-post-thumbnail","hentry","category-politics","tag-digi24"],"_links":{"self":[{"href":"https:\/\/analyse.optim.biz\/index.php?rest_route=\/wp\/v2\/posts\/163085","targetHints":{"allow":["GET"]}}],"collection":[{"href":"https:\/\/analyse.optim.biz\/index.php?rest_route=\/wp\/v2\/posts"}],"about":[{"href":"https:\/\/analyse.optim.biz\/index.php?rest_route=\/wp\/v2\/types\/post"}],"author":[{"embeddable":true,"href":"https:\/\/analyse.optim.biz\/index.php?rest_route=\/wp\/v2\/users\/1"}],"replies":[{"embeddable":true,"href":"https:\/\/analyse.optim.biz\/index.php?rest_route=%2Fwp%2Fv2%2Fcomments&post=163085"}],"version-history":[{"count":0,"href":"https:\/\/analyse.optim.biz\/index.php?rest_route=\/wp\/v2\/posts\/163085\/revisions"}],"wp:featuredmedia":[{"embeddable":true,"href":"https:\/\/analyse.optim.biz\/index.php?rest_route=\/wp\/v2\/media\/163086"}],"wp:attachment":[{"href":"https:\/\/analyse.optim.biz\/index.php?rest_route=%2Fwp%2Fv2%2Fmedia&parent=163085"}],"wp:term":[{"taxonomy":"category","embeddable":true,"href":"https:\/\/analyse.optim.biz\/index.php?rest_route=%2Fwp%2Fv2%2Fcategories&post=163085"},{"taxonomy":"post_tag","embeddable":true,"href":"https:\/\/analyse.optim.biz\/index.php?rest_route=%2Fwp%2Fv2%2Ftags&post=163085"}],"curies":[{"name":"wp","href":"https:\/\/api.w.org\/{rel}","templated":true}]}}