{"id":163015,"date":"2016-06-22T09:58:43","date_gmt":"2016-06-22T06:58:43","guid":{"rendered":"https:\/\/analyse.optim.biz\/?p=163015"},"modified":"2016-06-22T09:58:43","modified_gmt":"2016-06-22T06:58:43","slug":"legea-privind-superimunitatea-avocatilor-a-ajuns-la-votul-final-in-parlament","status":"publish","type":"post","link":"https:\/\/analyse.optim.biz\/?p=163015","title":{"rendered":"Legea privind superimunitatea avoca\u021bilor a ajuns la votul final \u00een Parlament\u00a0"},"content":{"rendered":"<div class=\"entry data-app-meta data-app-meta-article\" data-embed-base-url-canonical=\"https:\/\/www.digi24.ro\/embed\/stiri\/actualitate\/politica\/legea-privind-superimunitatea-avocatilor-a-ajuns-la-votul-final-in-parlament-531360\">\n<p data-index=\"1\">Legea privind superimunitatea avoca\u021bilor are toate \u0219ansele s\u0103 treac\u0103 \u00een Camera Deputa\u021bilor, care este for decizional \u0219i s\u0103 devin\u0103 un proiect legislativ. Este vorba despre o prevedere care interzice procurorilor s\u0103 ia orice coresponden\u021b\u0103 pe care avocatul o are cu clientul s\u0103u, asta \u00eenseamn\u0103 c\u0103 nu pot fi ascultate nici telefoane, nu pot fi preluate documente din telefonul sau biroul avocatului. Se instituie astfel o superimunitate pentru o categorie de profesii liberale, conform ministrului Justi\u021biei, Raluca Prun\u0103, care a avizat negativ acest proiect de lege. <\/p>\n<p data-index=\"2\">Proiectul s-a \u00eentors \u00een comisii, \u00eens\u0103 cu doar dou\u0103 ab\u021bineri a trecut exact \u00een forma criticat\u0103 de ministerul Justi\u021biei, astfel c\u0103 ea va deveni foarte cur\u00e2nd lege.<\/p>\n<\/div>\n<p> Source URL: https:\/\/www.digi24.ro\/stiri\/actualitate\/politica\/legea-privind-superimunitatea-avocatilor-a-ajuns-la-votul-final-in-parlament-531360<\/p>\n","protected":false},"excerpt":{"rendered":"<p>Legea privind superimunitatea avoca\u021bilor are toate \u0219ansele s\u0103 treac\u0103 \u00een Camera Deputa\u021bilor, care este for decizional \u0219i s\u0103 devin\u0103 un proiect legislativ. Este vorba despre o prevedere care interzice procurorilor s\u0103 ia orice coresponden\u021b\u0103 pe care avocatul o are cu clientul s\u0103u, asta \u00eenseamn\u0103 c\u0103 nu pot fi ascultate nici telefoane, nu pot fi preluate [&hellip;]<\/p>\n","protected":false},"author":1,"featured_media":163016,"comment_status":"open","ping_status":"","sticky":false,"template":"","format":"standard","meta":{"footnotes":""},"categories":[2],"tags":[11],"class_list":["post-163015","post","type-post","status-publish","format-standard","has-post-thumbnail","hentry","category-politics","tag-digi24"],"_links":{"self":[{"href":"https:\/\/analyse.optim.biz\/index.php?rest_route=\/wp\/v2\/posts\/163015","targetHints":{"allow":["GET"]}}],"collection":[{"href":"https:\/\/analyse.optim.biz\/index.php?rest_route=\/wp\/v2\/posts"}],"about":[{"href":"https:\/\/analyse.optim.biz\/index.php?rest_route=\/wp\/v2\/types\/post"}],"author":[{"embeddable":true,"href":"https:\/\/analyse.optim.biz\/index.php?rest_route=\/wp\/v2\/users\/1"}],"replies":[{"embeddable":true,"href":"https:\/\/analyse.optim.biz\/index.php?rest_route=%2Fwp%2Fv2%2Fcomments&post=163015"}],"version-history":[{"count":0,"href":"https:\/\/analyse.optim.biz\/index.php?rest_route=\/wp\/v2\/posts\/163015\/revisions"}],"wp:featuredmedia":[{"embeddable":true,"href":"https:\/\/analyse.optim.biz\/index.php?rest_route=\/wp\/v2\/media\/163016"}],"wp:attachment":[{"href":"https:\/\/analyse.optim.biz\/index.php?rest_route=%2Fwp%2Fv2%2Fmedia&parent=163015"}],"wp:term":[{"taxonomy":"category","embeddable":true,"href":"https:\/\/analyse.optim.biz\/index.php?rest_route=%2Fwp%2Fv2%2Fcategories&post=163015"},{"taxonomy":"post_tag","embeddable":true,"href":"https:\/\/analyse.optim.biz\/index.php?rest_route=%2Fwp%2Fv2%2Ftags&post=163015"}],"curies":[{"name":"wp","href":"https:\/\/api.w.org\/{rel}","templated":true}]}}