{"id":162992,"date":"2016-06-22T12:49:25","date_gmt":"2016-06-22T09:49:25","guid":{"rendered":"https:\/\/analyse.optim.biz\/?p=162992"},"modified":"2016-06-22T12:49:25","modified_gmt":"2016-06-22T09:49:25","slug":"lege-cu-dedicatie-pentru-parlamentari-seful-ani-batalia-de-acum-incolo-se-va-duce-in-instanta","status":"publish","type":"post","link":"https:\/\/analyse.optim.biz\/?p=162992","title":{"rendered":"Lege cu dedica\u021bie pentru parlamentari. \u0218eful ANI: \u201eB\u0103t\u0103lia de acum \u00eencolo se va duce \u00een instan\u021b\u0103\u201d"},"content":{"rendered":"<div class=\"entry data-app-meta data-app-meta-article\" data-embed-base-url-canonical=\"https:\/\/www.digi24.ro\/embed\/stiri\/actualitate\/politica\/lege-cu-dedicatie-pentru-parlamentari-seful-ani-batalia-de-acum-incolo-se-va-duce-in-instanta-531448\">\n<p data-index=\"1\">El a precizat, \u00eentr-o interven\u021bie la Digi24, c\u0103 ANI a dat \u00eenc\u0103 din luna mai un punct de vedere negativ cu privire la acest proiect.<\/p>\n<p data-index=\"2\">\u201e<span>Prin aceast\u0103 modificare se \u00eencearc\u0103 s\u0103 se creeze o premis\u0103 conform c\u0103reia interdic\u021bia de angajare a rudelor \u00een cadrul cabinetelor parlamentare opereaz\u0103 numai din 2013. Este o premis\u0103 fals\u0103, pentru c\u0103 exista o dispozi\u021bie expres\u0103 care s\u0103 interzic\u0103 parlamentarilor acest lucru \u2013 art. 70 din legea 161\/2003.<\/span><\/p>\n<p data-index=\"3\">Nici anterior adopt\u0103rii legii deputa\u021bilor \u0219i senatorilor parlamentarii nu puteau dispune, f\u0103r\u0103 nicio constr\u00e2ngere legal\u0103, angajarea propriilor rude\u201d, a spus Bogdan Stan.<\/p>\n<p data-index=\"4\">El a ad\u0103ugat c\u0103 sunt 30 de cazuri de parlamentari care \u0219i-au angajat membri ai familiei la cabinete de circumscrip\u021bie, aflate \u00een diferite stadii de judecat\u0103.<\/p>\n<p data-index=\"5\">ANI se a\u0219teapt\u0103 ca votul de ast\u0103zi s\u0103 fie invocat \u00een instan\u021b\u0103 \u0219i s\u0103 se \u00eencerce ob\u021binerea unei excluderi a articolului din legea care reglementeaz\u0103 incompatibilit\u0103\u021bile \u0219i conflictele de interese.<\/p>\n<p data-index=\"6\">\u201e<span>B\u0103t\u0103lia de acum \u00eencolo se va duce \u00een instan\u021bele de judecat\u0103. Din punctul nostru de vedere, conflictul de interese din legea 161\/2003 este destul de clar \u0219i vom continua s\u0103 o aplic\u0103m (legea, n.r.) a\u0219a cum am f\u0103cut \u0219i p\u00e2n\u0103 acum\u201d, a spus Bogdan Stan.<\/span><\/p>\n<p data-index=\"7\">Declara\u021biile sale vin \u00een condi\u021biile \u00een care senatorii \u015fi <a href=\"https:\/\/www.digi24.ro\/Stiri\/Digi24\/Actualitate\/Politica\/Parlamentarii+isi+pregatesc+propria+amnistie\" target=\"_blank\" data-skip-linkfix=\"1\" rel=\"noopener\">deputa\u0163ii au votat ast\u0103zi o lege de interpretare<\/a> a statutului deputa\u0163ilor \u015fi senatorilor care prevede ca parlamentarii condamna\u0163i, amenda\u0163i sau cerceta\u0163i pentru conflict de interese, s\u0103v\u00e2r\u015fite p\u00e2n\u0103 \u00een vara anului 2013, s\u0103 fie ierta\u0163i. Astfel, senatorii \u015fi deputa\u0163ii care \u015fi-au angajat rudele \u00een propriile cabinete parlamentare vor sc\u0103pa de eventualele consecin\u0163e ale legii.<\/p>\n<\/div>\n<p> Source URL: https:\/\/www.digi24.ro\/stiri\/actualitate\/politica\/lege-cu-dedicatie-pentru-parlamentari-seful-ani-batalia-de-acum-incolo-se-va-duce-in-instanta-531448<\/p>\n","protected":false},"excerpt":{"rendered":"<p>El a precizat, \u00eentr-o interven\u021bie la Digi24, c\u0103 ANI a dat \u00eenc\u0103 din luna mai un punct de vedere negativ cu privire la acest proiect. \u201ePrin aceast\u0103 modificare se \u00eencearc\u0103 s\u0103 se creeze o premis\u0103 conform c\u0103reia interdic\u021bia de angajare a rudelor \u00een cadrul cabinetelor parlamentare opereaz\u0103 numai din 2013. Este o premis\u0103 fals\u0103, pentru [&hellip;]<\/p>\n","protected":false},"author":1,"featured_media":162993,"comment_status":"open","ping_status":"","sticky":false,"template":"","format":"standard","meta":{"footnotes":""},"categories":[2],"tags":[11],"class_list":["post-162992","post","type-post","status-publish","format-standard","has-post-thumbnail","hentry","category-politics","tag-digi24"],"_links":{"self":[{"href":"https:\/\/analyse.optim.biz\/index.php?rest_route=\/wp\/v2\/posts\/162992","targetHints":{"allow":["GET"]}}],"collection":[{"href":"https:\/\/analyse.optim.biz\/index.php?rest_route=\/wp\/v2\/posts"}],"about":[{"href":"https:\/\/analyse.optim.biz\/index.php?rest_route=\/wp\/v2\/types\/post"}],"author":[{"embeddable":true,"href":"https:\/\/analyse.optim.biz\/index.php?rest_route=\/wp\/v2\/users\/1"}],"replies":[{"embeddable":true,"href":"https:\/\/analyse.optim.biz\/index.php?rest_route=%2Fwp%2Fv2%2Fcomments&post=162992"}],"version-history":[{"count":0,"href":"https:\/\/analyse.optim.biz\/index.php?rest_route=\/wp\/v2\/posts\/162992\/revisions"}],"wp:featuredmedia":[{"embeddable":true,"href":"https:\/\/analyse.optim.biz\/index.php?rest_route=\/wp\/v2\/media\/162993"}],"wp:attachment":[{"href":"https:\/\/analyse.optim.biz\/index.php?rest_route=%2Fwp%2Fv2%2Fmedia&parent=162992"}],"wp:term":[{"taxonomy":"category","embeddable":true,"href":"https:\/\/analyse.optim.biz\/index.php?rest_route=%2Fwp%2Fv2%2Fcategories&post=162992"},{"taxonomy":"post_tag","embeddable":true,"href":"https:\/\/analyse.optim.biz\/index.php?rest_route=%2Fwp%2Fv2%2Ftags&post=162992"}],"curies":[{"name":"wp","href":"https:\/\/api.w.org\/{rel}","templated":true}]}}