{"id":162989,"date":"2016-06-22T13:58:45","date_gmt":"2016-06-22T10:58:45","guid":{"rendered":"https:\/\/analyse.optim.biz\/?p=162989"},"modified":"2016-06-22T13:58:45","modified_gmt":"2016-06-22T10:58:45","slug":"lege-pentru-primarii-condamnati-klaus-iohannis-sesizeaza-ccr","status":"publish","type":"post","link":"https:\/\/analyse.optim.biz\/?p=162989","title":{"rendered":"Lege pentru primarii condamna\u021bi. Klaus Iohannis sesizeaz\u0103 CCR"},"content":{"rendered":"<div class=\"entry data-app-meta data-app-meta-article\" data-embed-base-url-canonical=\"https:\/\/www.digi24.ro\/embed\/stiri\/actualitate\/politica\/lege-pentru-primarii-condamnati-klaus-iohannis-sesizeaza-ccr-531491\">\n<p data-index=\"1\"><img decoding=\"async\" src=\"https:\/\/analyse.optim.biz\/wp-content\/uploads\/2024\/09\/zgi5zwi5yzg3mtdkmtq3mtbmothkmju4odvk-thumb_.jpg\" data-skip-htmlfix=\"1\" title=\"zgi5zwi5yzg3mtdkmtq3mtbmothkmju4odvk-thumb_\"><\/p>\n<p data-index=\"2\">Pre\u0219edintele Klaus Iohannis arat\u0103 c\u0103 nu poate fi f\u0103cut\u0103 o diferen\u021b\u0103 \u00eentre o condamnare cu executare \u0219i una cu suspendare.<\/p>\n<p data-index=\"3\"><em>\u00cen curs de actualizare.<\/em><\/p>\n<\/div>\n<p> Source URL: https:\/\/www.digi24.ro\/stiri\/actualitate\/politica\/lege-pentru-primarii-condamnati-klaus-iohannis-sesizeaza-ccr-531491<\/p>\n","protected":false},"excerpt":{"rendered":"<p>Pre\u0219edintele Klaus Iohannis arat\u0103 c\u0103 nu poate fi f\u0103cut\u0103 o diferen\u021b\u0103 \u00eentre o condamnare cu executare \u0219i una cu suspendare. \u00cen curs de actualizare. Source URL: https:\/\/www.digi24.ro\/stiri\/actualitate\/politica\/lege-pentru-primarii-condamnati-klaus-iohannis-sesizeaza-ccr-531491<\/p>\n","protected":false},"author":1,"featured_media":162990,"comment_status":"open","ping_status":"","sticky":false,"template":"","format":"standard","meta":{"footnotes":""},"categories":[2],"tags":[11],"class_list":["post-162989","post","type-post","status-publish","format-standard","has-post-thumbnail","hentry","category-politics","tag-digi24"],"_links":{"self":[{"href":"https:\/\/analyse.optim.biz\/index.php?rest_route=\/wp\/v2\/posts\/162989","targetHints":{"allow":["GET"]}}],"collection":[{"href":"https:\/\/analyse.optim.biz\/index.php?rest_route=\/wp\/v2\/posts"}],"about":[{"href":"https:\/\/analyse.optim.biz\/index.php?rest_route=\/wp\/v2\/types\/post"}],"author":[{"embeddable":true,"href":"https:\/\/analyse.optim.biz\/index.php?rest_route=\/wp\/v2\/users\/1"}],"replies":[{"embeddable":true,"href":"https:\/\/analyse.optim.biz\/index.php?rest_route=%2Fwp%2Fv2%2Fcomments&post=162989"}],"version-history":[{"count":0,"href":"https:\/\/analyse.optim.biz\/index.php?rest_route=\/wp\/v2\/posts\/162989\/revisions"}],"wp:featuredmedia":[{"embeddable":true,"href":"https:\/\/analyse.optim.biz\/index.php?rest_route=\/wp\/v2\/media\/162990"}],"wp:attachment":[{"href":"https:\/\/analyse.optim.biz\/index.php?rest_route=%2Fwp%2Fv2%2Fmedia&parent=162989"}],"wp:term":[{"taxonomy":"category","embeddable":true,"href":"https:\/\/analyse.optim.biz\/index.php?rest_route=%2Fwp%2Fv2%2Fcategories&post=162989"},{"taxonomy":"post_tag","embeddable":true,"href":"https:\/\/analyse.optim.biz\/index.php?rest_route=%2Fwp%2Fv2%2Ftags&post=162989"}],"curies":[{"name":"wp","href":"https:\/\/api.w.org\/{rel}","templated":true}]}}