{"id":162978,"date":"2016-06-22T14:40:05","date_gmt":"2016-06-22T11:40:05","guid":{"rendered":"https:\/\/analyse.optim.biz\/?p=162978"},"modified":"2016-06-22T14:40:05","modified_gmt":"2016-06-22T11:40:05","slug":"alina-gorghiu-despre-votul-pnl-pe-dezincriminarea-angajarii-rudelor-inainte-de-2013-atat-i-a-dus-capul-voi-cere-explicatii","status":"publish","type":"post","link":"https:\/\/analyse.optim.biz\/?p=162978","title":{"rendered":"Alina Gorghiu, despre votul PNL pe dezincriminarea angaj\u0103rii rudelor \u00eenainte de 2013: At\u00e2t i-a dus capul, voi cere explica\u0163ii"},"content":{"rendered":"<div class=\"entry data-app-meta data-app-meta-article\" data-embed-base-url-canonical=\"https:\/\/www.digi24.ro\/embed\/stiri\/actualitate\/politica\/alina-gorghiu-despre-votul-pnl-pe-dezincriminarea-angajarii-rudelor-inainte-de-2013-atat-i-a-dus-capul-voi-cere-explicatii-531502\">\n<p data-index=\"1\">\u201e\u00cen\u0163eleg c\u0103 s-a votat unanim. Crede\u0163i-m\u0103 c\u0103 sunt nepl\u0103cut surprins\u0103. At\u00e2ta i-a dus capul, mai mult de at\u00e2t nu pot s\u0103 comentez, \u015fi o s\u0103 \u00eei \u00eentreb \u015fi eu pe cei doi lideri de grup de la noi, c\u0103 pe cei de la PSD nu am preten\u0163ii, eram obi\u015fnuit\u0103 s\u0103 voteze a\u015fa. M\u0103 surprinde c\u0103 sunt \u015fi colegi de la noi care au votat cot la cot cu PSD\u201d, a comentat copre\u015fedintele PNL.<\/p>\n<p data-index=\"2\">Alina Gorghiu a mai afirmat c\u0103 nu \u015ftie cum este formulat\u0103 prevederea legal\u0103. \u201eO s\u0103 m\u0103 uit \u015fi eu s\u0103 v\u0103d dac\u0103 \u00eentr-adev\u0103r sunt afectate dosarele \u00een curs, pentru c\u0103 cei cu decizii definitive nu sunt afecta\u0163i. Dar cei care au dosare \u00een curs, b\u0103nuiesc c\u0103 vor beneficia de prevederile ini\u0163iativei legislative\u201d, a mai ar\u0103tat Alina Gorghiu.<\/p>\n<p data-index=\"3\">\u00centrebat\u0103 dac\u0103 vor exista sanc\u0163iuni \u00een partid, pentru acest vot din plenul reunit, Alina Gorghiu a declarat c\u0103 nu \u00eei poate \u00een\u0163elege pe colegii care au votat dezincriminarea faptelor de conflict de interese anterioare.<\/p>\n<p data-index=\"4\">\u201eO s\u0103 cer o explica\u0163ie. Nu m\u0103 pune\u0163i s\u0103 spun acum de sanc\u0163iuni, pentru c\u0103 vreau s\u0103 v\u0103d ce spun liderii de grup\u201d, a mai spus Gorghiu.<\/p>\n<p data-index=\"5\">Proiectul de lege prin care ale\u015fii care \u015fi-au angajat rude la cabinetul parlamentar \u00eenainte de anul 2013 s\u0103 nu poat\u0103 fi sanc\u0163iona\u0163i a fost aprobat \u00een unanimitate de plenul comun al celor dou\u0103 Camere ale Parlamentului, f\u0103r\u0103 dezbateri.<\/p>\n<p data-index=\"6\">Proiectul de lege a fost aprobat cu 306 voturi \u201epentru\u201d \u015fi o singur\u0103 ab\u0163inere.<\/p>\n<p data-index=\"7\">CITI\u021aI \u0218I:\u00a0<\/p>\n<p data-index=\"8\"><a href=\"https:\/\/www.digi24.ro\/Stiri\/Digi24\/Actualitate\/Politica\/Parlamentarii+isi+pregatesc+propria+amnistie\" target=\"_blank\" data-skip-linkfix=\"1\" rel=\"noopener\"><span>Lege cu dedica\u021bie. Parlamentarii care \u0219i-au angajat rudele scap\u0103 de sanc\u021biuni<\/span><\/a><\/p>\n<\/div>\n<p> Source URL: https:\/\/www.digi24.ro\/stiri\/actualitate\/politica\/alina-gorghiu-despre-votul-pnl-pe-dezincriminarea-angajarii-rudelor-inainte-de-2013-atat-i-a-dus-capul-voi-cere-explicatii-531502<\/p>\n","protected":false},"excerpt":{"rendered":"<p>\u201e\u00cen\u0163eleg c\u0103 s-a votat unanim. Crede\u0163i-m\u0103 c\u0103 sunt nepl\u0103cut surprins\u0103. At\u00e2ta i-a dus capul, mai mult de at\u00e2t nu pot s\u0103 comentez, \u015fi o s\u0103 \u00eei \u00eentreb \u015fi eu pe cei doi lideri de grup de la noi, c\u0103 pe cei de la PSD nu am preten\u0163ii, eram obi\u015fnuit\u0103 s\u0103 voteze a\u015fa. M\u0103 surprinde c\u0103 [&hellip;]<\/p>\n","protected":false},"author":1,"featured_media":162979,"comment_status":"open","ping_status":"","sticky":false,"template":"","format":"standard","meta":{"footnotes":""},"categories":[2],"tags":[11],"class_list":["post-162978","post","type-post","status-publish","format-standard","has-post-thumbnail","hentry","category-politics","tag-digi24"],"_links":{"self":[{"href":"https:\/\/analyse.optim.biz\/index.php?rest_route=\/wp\/v2\/posts\/162978","targetHints":{"allow":["GET"]}}],"collection":[{"href":"https:\/\/analyse.optim.biz\/index.php?rest_route=\/wp\/v2\/posts"}],"about":[{"href":"https:\/\/analyse.optim.biz\/index.php?rest_route=\/wp\/v2\/types\/post"}],"author":[{"embeddable":true,"href":"https:\/\/analyse.optim.biz\/index.php?rest_route=\/wp\/v2\/users\/1"}],"replies":[{"embeddable":true,"href":"https:\/\/analyse.optim.biz\/index.php?rest_route=%2Fwp%2Fv2%2Fcomments&post=162978"}],"version-history":[{"count":0,"href":"https:\/\/analyse.optim.biz\/index.php?rest_route=\/wp\/v2\/posts\/162978\/revisions"}],"wp:featuredmedia":[{"embeddable":true,"href":"https:\/\/analyse.optim.biz\/index.php?rest_route=\/wp\/v2\/media\/162979"}],"wp:attachment":[{"href":"https:\/\/analyse.optim.biz\/index.php?rest_route=%2Fwp%2Fv2%2Fmedia&parent=162978"}],"wp:term":[{"taxonomy":"category","embeddable":true,"href":"https:\/\/analyse.optim.biz\/index.php?rest_route=%2Fwp%2Fv2%2Fcategories&post=162978"},{"taxonomy":"post_tag","embeddable":true,"href":"https:\/\/analyse.optim.biz\/index.php?rest_route=%2Fwp%2Fv2%2Ftags&post=162978"}],"curies":[{"name":"wp","href":"https:\/\/api.w.org\/{rel}","templated":true}]}}