{"id":162967,"date":"2016-06-22T15:24:16","date_gmt":"2016-06-22T12:24:16","guid":{"rendered":"https:\/\/analyse.optim.biz\/?p=162967"},"modified":"2016-06-22T15:24:16","modified_gmt":"2016-06-22T12:24:16","slug":"liviu-dragnea-despre-votul-privind-conflictul-de-interese-imi-asum-faptul-ca-nu-am-fost-atent","status":"publish","type":"post","link":"https:\/\/analyse.optim.biz\/?p=162967","title":{"rendered":"Liviu Dragnea, despre votul privind conflictul de interese: \u00cemi asum faptul c\u0103 nu am fost atent"},"content":{"rendered":"<div class=\"entry data-app-meta data-app-meta-article\" data-embed-base-url-canonical=\"https:\/\/www.digi24.ro\/embed\/stiri\/actualitate\/politica\/liviu-dragnea-despre-votul-privind-conflictul-de-interese-imi-asum-faptul-ca-nu-am-fost-atent-531515\">\n<p data-index=\"1\">Pe de alt\u0103 parte, Liviu Dragnea a subliniat c\u0103 nu a participat la vot \u0219i \u0219i-a asumat faptul c\u0103 nu a dat suficient\u0103 aten\u021bie acestui demers.<\/p>\n<p data-index=\"2\">\u201e<span>Eu n-am votat, n-am fost \u00een plen c\u00e2nd s-a votat \u0219i m-am uitat cu aten\u021bie \u00een articolul de lege doar ca interpretare. N-am \u00een\u021beles c\u0103 a fost Legea statutului parlamentarilor \u00een 2006, modificat\u0103 \u00een 2013. P\u00e2n\u0103 \u00een 2013 nu exista o prevedere prin care s\u0103 se interzic\u0103 angajarea rudelor sau ceva de genul \u0103sta. Aceste interdic\u021bii au ap\u0103rut din 2013, ceea ce s-a votat ast\u0103zi am \u00een\u021beles c\u0103 clarific\u0103 exact acela\u0219i lucru, c\u0103 nu poate fi aplicat\u0103 o lege retroactiv. Am v\u0103zut \u0219i comentarii c\u0103 de azi \u00eenainte parlamentarii \u00ee\u0219i pot angaja rudele. Nu, categoric nu! Legea din 2013 este \u00een vigoare \u0219i articolul care prevede c\u0103 nu se pot angaja rudele, doar faptul c\u0103 acea prevedere este valabil\u0103 din 2013 \u00eencoace, nu \u00eenainte. Asta scrie \u0219i \u00een articol. Dar am \u00een\u021beles c\u0103 se va depune o contesta\u021bie la CCR \u0219i eu zic c\u0103 cel mai bine este s\u0103 a\u0219tept\u0103m decizia Cur\u021bii, dup\u0103 care o s\u0103 discut\u0103m\u201d, a declarat Liviu Dragnea.<\/span><\/p>\n<p data-index=\"3\">\u201e<span>Nu \u0219tiu ce spune ANI, dar dac\u0103 articolul de ast\u0103zi este inutil \u0219i nu are niciun efect, cu at\u00e2t mai bine! E un articol de lege \u00een care colegii meu au crezut c\u0103 e mai bine s\u0103 clarifice acest lucru. Eu zic c\u0103 p\u00e2n\u0103 la urm\u0103 CCR va adopta o decizie pe care o vom respecta cu to\u021bii. Din punctul meu de vedere, \u00eemi asum faptul c\u0103 n-am fost atent. Mi se pare un demers nefericit, nu v\u0103d ce efecte poate s\u0103 aib\u0103. Doar un subiect de discu\u021bie\u201d, a conchis pre\u0219edintele PSD.<\/span><\/p>\n<\/div>\n<p> Source URL: https:\/\/www.digi24.ro\/stiri\/actualitate\/politica\/liviu-dragnea-despre-votul-privind-conflictul-de-interese-imi-asum-faptul-ca-nu-am-fost-atent-531515<\/p>\n","protected":false},"excerpt":{"rendered":"<p>Pe de alt\u0103 parte, Liviu Dragnea a subliniat c\u0103 nu a participat la vot \u0219i \u0219i-a asumat faptul c\u0103 nu a dat suficient\u0103 aten\u021bie acestui demers. \u201eEu n-am votat, n-am fost \u00een plen c\u00e2nd s-a votat \u0219i m-am uitat cu aten\u021bie \u00een articolul de lege doar ca interpretare. N-am \u00een\u021beles c\u0103 a fost Legea statutului [&hellip;]<\/p>\n","protected":false},"author":1,"featured_media":162968,"comment_status":"open","ping_status":"","sticky":false,"template":"","format":"standard","meta":{"footnotes":""},"categories":[2],"tags":[11],"class_list":["post-162967","post","type-post","status-publish","format-standard","has-post-thumbnail","hentry","category-politics","tag-digi24"],"_links":{"self":[{"href":"https:\/\/analyse.optim.biz\/index.php?rest_route=\/wp\/v2\/posts\/162967","targetHints":{"allow":["GET"]}}],"collection":[{"href":"https:\/\/analyse.optim.biz\/index.php?rest_route=\/wp\/v2\/posts"}],"about":[{"href":"https:\/\/analyse.optim.biz\/index.php?rest_route=\/wp\/v2\/types\/post"}],"author":[{"embeddable":true,"href":"https:\/\/analyse.optim.biz\/index.php?rest_route=\/wp\/v2\/users\/1"}],"replies":[{"embeddable":true,"href":"https:\/\/analyse.optim.biz\/index.php?rest_route=%2Fwp%2Fv2%2Fcomments&post=162967"}],"version-history":[{"count":0,"href":"https:\/\/analyse.optim.biz\/index.php?rest_route=\/wp\/v2\/posts\/162967\/revisions"}],"wp:featuredmedia":[{"embeddable":true,"href":"https:\/\/analyse.optim.biz\/index.php?rest_route=\/wp\/v2\/media\/162968"}],"wp:attachment":[{"href":"https:\/\/analyse.optim.biz\/index.php?rest_route=%2Fwp%2Fv2%2Fmedia&parent=162967"}],"wp:term":[{"taxonomy":"category","embeddable":true,"href":"https:\/\/analyse.optim.biz\/index.php?rest_route=%2Fwp%2Fv2%2Fcategories&post=162967"},{"taxonomy":"post_tag","embeddable":true,"href":"https:\/\/analyse.optim.biz\/index.php?rest_route=%2Fwp%2Fv2%2Ftags&post=162967"}],"curies":[{"name":"wp","href":"https:\/\/api.w.org\/{rel}","templated":true}]}}