{"id":162956,"date":"2016-06-22T16:02:16","date_gmt":"2016-06-22T13:02:16","guid":{"rendered":"https:\/\/analyse.optim.biz\/?p=162956"},"modified":"2016-06-22T16:02:16","modified_gmt":"2016-06-22T13:02:16","slug":"liviu-dragnea-discutiile-despre-o-fuziune-a-progresistilor-cu-pnl-nu-fac-bine-relatiei-dintre-psd-si-unpr","status":"publish","type":"post","link":"https:\/\/analyse.optim.biz\/?p=162956","title":{"rendered":"Liviu Dragnea: Discu\u021biile despre o fuziune a progresi\u0219tilor cu PNL \u201enu fac bine rela\u0163iei dintre PSD \u015fi UNPR\u201d\u00a0"},"content":{"rendered":"<div class=\"entry data-app-meta data-app-meta-article\" data-embed-base-url-canonical=\"https:\/\/www.digi24.ro\/embed\/stiri\/actualitate\/politica\/liviu-dragnea-discutiile-despre-o-fuziune-a-progresistilor-cu-pnl-nu-fac-bine-relatiei-dintre-psd-si-unpr-531525\">\n<p data-index=\"1\">Pre\u0219edintele Liviu Dragnea a comentat aceast\u0103 propunere: \u201eAm avut mai multe \u00eent\u00e2lniri \u015fi discu\u0163ii cu pre\u015fedintele Valeriu Steriu (pre\u015fedintele UNPR &#8211; n.r.) care a zis c\u0103, din punctul dumnealui de vedere, nu s-a schimbat nimic \u00een rela\u0163ia UNPR cu PSD. Pe de alt\u0103 parte, nici nu putem s\u0103 nu \u0163inem cont de ce se discut\u0103 public, pe surse sau chiar de c\u0103tre unii lideri, despre \u00eent\u00e2lniri \u00eentre UNPR \u015fi PNL, despre contacte \u015fi oferte venite din partea PNL, \u015fi trebuie s\u0103 recunosc c\u0103 aceste lucruri nu fac bine rela\u0163iei dintre PSD \u015fi UNPR \u015fi cred c\u0103 vor ap\u0103rea \u015fi efecte\u201d. <\/p>\n<p data-index=\"2\">\u201e<span>Ce mi s-a spus mie, de c\u0103tre domnul Steriu, c\u0103 cei de la PNL au decis ei s\u0103 fac\u0103 o fuziune cu UNPR, UNPR \u00eenc\u0103 nu a r\u0103spuns. Faptul c\u0103 \u00eenc\u0103 nu au r\u0103spuns nu e corect. C\u00e2nd voi avea o declara\u0163ie foarte clar\u0103, din partea domnului Steriu, oficial\u0103, public\u0103, \u00een care s\u0103 spun\u0103 c\u0103 nu au fost niciun fel de discu\u0163ii \u015fi c\u0103 nu se pune problema s\u0103 se fac\u0103 o alian\u0163\u0103 cu PNL, ne putem a\u015feza la mas\u0103 \u015fi s\u0103 discut\u0103m omene\u015fte, dar cu un partener care nu ne d\u0103 senza\u0163ia de instabilitate. Eu cred c\u0103 domnul Steriu este un om de cuv\u00e2nt\u201d, a spus Liviu Dragnea. <\/span><\/p>\n<p data-index=\"3\">El a dat exemple de jude\u021be \u00een care UNPR nu se gr\u0103be\u0219te s\u0103 fac\u0103 alian\u021b\u0103 cu PSD sau unde este \u00een discu\u021bie cu liberalii.<\/p>\n<p data-index=\"4\">\u201e<span>UNPR nu a venit cu un r\u0103spuns foarte clar c\u0103 vor s\u0103 fac\u0103 o majoritate cu PSD. Au tot am\u00e2nat \u015fi \u00eenseamn\u0103 c\u0103 PSD nu va face cu UNPR majoritate la Timi\u015f. La Maramure\u015f, la fel, am \u00een\u0163eles c\u0103 p\u00e2n\u0103 acum o zi, dou\u0103, trei, nu mai \u015ftiu exact, colegii de la UNPR s-au \u00eent\u00e2lnit cu liderul PNL, am \u00een\u0163eles c\u0103 au fost \u00eempreun\u0103 \u015fi la domnul Chereche\u015f, l-au vizitat\u201d, a spus Liviu Dragnea. <\/span><\/p>\n<p data-index=\"5\">Pre\u0219edintele PSD spune c\u0103 este \u00een continuare dispus s\u0103 continue discu\u021biile cu UNPR. \u00centrebat dac\u0103 \u201es-a rupt lan\u021bul de iubire\u201d \u00een ceea ce prive\u0219te PSD \u0219i UNPR, Liviu Dragnea a r\u0103spuns: \u201eLan\u0163ul de iubire nu se rupe, pentru c\u0103 e foarte puternic\u201d.<\/p>\n<p data-index=\"6\">Liviu Dragnea a explicat \u0219i de unde vin aceste tensiuni: UNPR nu a fost de acord ca \u00een teritoriu s\u0103 se fac\u0103 majorit\u0103\u021bi PSD-UPPR-ALDE.<\/p>\n<p data-index=\"7\">\u201e<span>Au dorit ambele func\u0163ii de vicepre\u015fedin\u0163i, ceea ce mi se pare incorect, pentru c\u0103 noi, \u00een Parlament, suntem \u00eempreun\u0103, cele trei partide, \u015fi acea atitudine nu poate fi acceptat\u0103\u201d, a spus Liviu Dragnea.<\/span><\/p>\n<\/div>\n<p> Source URL: https:\/\/www.digi24.ro\/stiri\/actualitate\/politica\/liviu-dragnea-discutiile-despre-o-fuziune-a-progresistilor-cu-pnl-nu-fac-bine-relatiei-dintre-psd-si-unpr-531525<\/p>\n","protected":false},"excerpt":{"rendered":"<p>Pre\u0219edintele Liviu Dragnea a comentat aceast\u0103 propunere: \u201eAm avut mai multe \u00eent\u00e2lniri \u015fi discu\u0163ii cu pre\u015fedintele Valeriu Steriu (pre\u015fedintele UNPR &#8211; n.r.) care a zis c\u0103, din punctul dumnealui de vedere, nu s-a schimbat nimic \u00een rela\u0163ia UNPR cu PSD. Pe de alt\u0103 parte, nici nu putem s\u0103 nu \u0163inem cont de ce se discut\u0103 [&hellip;]<\/p>\n","protected":false},"author":1,"featured_media":162957,"comment_status":"open","ping_status":"","sticky":false,"template":"","format":"standard","meta":{"footnotes":""},"categories":[2],"tags":[11],"class_list":["post-162956","post","type-post","status-publish","format-standard","has-post-thumbnail","hentry","category-politics","tag-digi24"],"_links":{"self":[{"href":"https:\/\/analyse.optim.biz\/index.php?rest_route=\/wp\/v2\/posts\/162956","targetHints":{"allow":["GET"]}}],"collection":[{"href":"https:\/\/analyse.optim.biz\/index.php?rest_route=\/wp\/v2\/posts"}],"about":[{"href":"https:\/\/analyse.optim.biz\/index.php?rest_route=\/wp\/v2\/types\/post"}],"author":[{"embeddable":true,"href":"https:\/\/analyse.optim.biz\/index.php?rest_route=\/wp\/v2\/users\/1"}],"replies":[{"embeddable":true,"href":"https:\/\/analyse.optim.biz\/index.php?rest_route=%2Fwp%2Fv2%2Fcomments&post=162956"}],"version-history":[{"count":0,"href":"https:\/\/analyse.optim.biz\/index.php?rest_route=\/wp\/v2\/posts\/162956\/revisions"}],"wp:featuredmedia":[{"embeddable":true,"href":"https:\/\/analyse.optim.biz\/index.php?rest_route=\/wp\/v2\/media\/162957"}],"wp:attachment":[{"href":"https:\/\/analyse.optim.biz\/index.php?rest_route=%2Fwp%2Fv2%2Fmedia&parent=162956"}],"wp:term":[{"taxonomy":"category","embeddable":true,"href":"https:\/\/analyse.optim.biz\/index.php?rest_route=%2Fwp%2Fv2%2Fcategories&post=162956"},{"taxonomy":"post_tag","embeddable":true,"href":"https:\/\/analyse.optim.biz\/index.php?rest_route=%2Fwp%2Fv2%2Ftags&post=162956"}],"curies":[{"name":"wp","href":"https:\/\/api.w.org\/{rel}","templated":true}]}}