{"id":162942,"date":"2016-06-22T18:37:49","date_gmt":"2016-06-22T15:37:49","guid":{"rendered":"https:\/\/analyse.optim.biz\/?p=162942"},"modified":"2016-06-22T18:37:49","modified_gmt":"2016-06-22T15:37:49","slug":"pnl-si-psd-se-cearta-pe-statutul-casei-regale","status":"publish","type":"post","link":"https:\/\/analyse.optim.biz\/?p=162942","title":{"rendered":"PNL \u015fi PSD se ceart\u0103 pe statutul Casei Regale"},"content":{"rendered":"<div class=\"entry data-app-meta data-app-meta-article\" data-embed-base-url-canonical=\"https:\/\/www.digi24.ro\/embed\/stiri\/actualitate\/politica\/pnl-si-psd-se-cearta-pe-statutul-casei-regale-531586\">\n<p data-index=\"1\">Copre\u015fedintele PNL Alina Gorghiu spune c\u0103 subiectul statutului Casei Regale a fost abordat pentru prima oar\u0103 de liberali, \u00eentr-o \u00eent\u00e2lnire cu premierul Dacian Ciolo\u015f.<\/p>\n<p data-index=\"2\">\u201e<span>E un proiect, \u015fi m\u0103 bucur c\u0103 a spus-o \u015fi prim-ministrul, discutat cu exper\u0163ii Casei Regale \u015fi exper\u0163ii Guvernului. Acest lucru a fost stricat de faptul c\u0103 Dragnea s-a dus la Casa Regal\u0103 cu presa dup\u0103 el \u015fi s-a erijat \u00een ini\u0163iator al acestei ini\u0163iave. Cu o zi \u00eenainte am fost \u015fi eu, \u015fi Blaga la aceast\u0103 discu\u0163ie cu principesa\u201d, spune Alina Gorghiu.<\/span><\/p>\n<p data-index=\"3\">Copre\u015fedin\u0163ii PNL nu s-au fotografiat, \u00eens\u0103, al\u0103turi de Custodele Coroanei Regale, a\u015fa cum a f\u0103cut-o liderul PSD.<\/p>\n<p data-index=\"4\">\u201e<span>Casa Regal\u0103 este un simbol al Rom\u00e2niei de care trebuie s\u0103 avem grij\u0103. Trebuie creat un cadru legal pentru c\u0103 este p\u0103cat \u015fi este incorect, acum nu exist\u0103 un cadru legal care s\u0103 reglementeze func\u0163ionarea acestei institu\u0163ii p\u00e2n\u0103 la urm\u0103\u201d, spunea Liviu Dragnea dup\u0103 \u00eent\u00e2lnirea cu Principesa Margareta.<\/span><\/p>\n<p data-index=\"5\">Liderul PSD a avansat posibilitatea ca statutul Casei Regale s\u0103 fie reglementat chiar \u015fi printr-o ordonan\u0163\u0103 de urgen\u0163\u0103 dat\u0103 de Guvern.<\/p>\n<p data-index=\"6\">\u201eDa, noi lucr\u0103m deja cu Casa Regal\u0103 de mai multe s\u0103pt\u0103m\u00e2ni, \u00een urma unor idei \u015fi propuneri care au venit din partea d\u00e2n\u015filor. A existat aceast\u0103 solicitare \u015fi din partea Casei Regale, de a stabili un cadru juridic legal care s\u0103 delimiteze foarte clar rolul \u015fi contribu\u0163ia pe care Casa Regal\u0103 poate s\u0103 o \u00eendeplineasc\u0103. Propunerea va fi supus\u0103 dezbaterii parlamentare\u201d, a explicat premierul Dacian Ciolo\u015f cu o zi \u00eenainte ca pre\u015fedintele PSD s\u0103 lanseze ideea unui statut al Casei Regale.<\/p>\n<p data-index=\"7\">Proiectul ar urma s\u0103 recunoasc\u0103 pozi\u0163ia Casei Regale \u00een statul rom\u00e2n \u015fi ar da voie membrilor acesteia s\u0103 reprezinte Rom\u00e2nia \u00een \u00eent\u00e2lniri externe.<\/p>\n<\/div>\n<p> Source URL: https:\/\/www.digi24.ro\/stiri\/actualitate\/politica\/pnl-si-psd-se-cearta-pe-statutul-casei-regale-531586<\/p>\n","protected":false},"excerpt":{"rendered":"<p>Copre\u015fedintele PNL Alina Gorghiu spune c\u0103 subiectul statutului Casei Regale a fost abordat pentru prima oar\u0103 de liberali, \u00eentr-o \u00eent\u00e2lnire cu premierul Dacian Ciolo\u015f. \u201eE un proiect, \u015fi m\u0103 bucur c\u0103 a spus-o \u015fi prim-ministrul, discutat cu exper\u0163ii Casei Regale \u015fi exper\u0163ii Guvernului. Acest lucru a fost stricat de faptul c\u0103 Dragnea s-a dus la [&hellip;]<\/p>\n","protected":false},"author":1,"featured_media":162943,"comment_status":"open","ping_status":"","sticky":false,"template":"","format":"standard","meta":{"footnotes":""},"categories":[2],"tags":[11],"class_list":["post-162942","post","type-post","status-publish","format-standard","has-post-thumbnail","hentry","category-politics","tag-digi24"],"_links":{"self":[{"href":"https:\/\/analyse.optim.biz\/index.php?rest_route=\/wp\/v2\/posts\/162942","targetHints":{"allow":["GET"]}}],"collection":[{"href":"https:\/\/analyse.optim.biz\/index.php?rest_route=\/wp\/v2\/posts"}],"about":[{"href":"https:\/\/analyse.optim.biz\/index.php?rest_route=\/wp\/v2\/types\/post"}],"author":[{"embeddable":true,"href":"https:\/\/analyse.optim.biz\/index.php?rest_route=\/wp\/v2\/users\/1"}],"replies":[{"embeddable":true,"href":"https:\/\/analyse.optim.biz\/index.php?rest_route=%2Fwp%2Fv2%2Fcomments&post=162942"}],"version-history":[{"count":0,"href":"https:\/\/analyse.optim.biz\/index.php?rest_route=\/wp\/v2\/posts\/162942\/revisions"}],"wp:featuredmedia":[{"embeddable":true,"href":"https:\/\/analyse.optim.biz\/index.php?rest_route=\/wp\/v2\/media\/162943"}],"wp:attachment":[{"href":"https:\/\/analyse.optim.biz\/index.php?rest_route=%2Fwp%2Fv2%2Fmedia&parent=162942"}],"wp:term":[{"taxonomy":"category","embeddable":true,"href":"https:\/\/analyse.optim.biz\/index.php?rest_route=%2Fwp%2Fv2%2Fcategories&post=162942"},{"taxonomy":"post_tag","embeddable":true,"href":"https:\/\/analyse.optim.biz\/index.php?rest_route=%2Fwp%2Fv2%2Ftags&post=162942"}],"curies":[{"name":"wp","href":"https:\/\/api.w.org\/{rel}","templated":true}]}}