{"id":162817,"date":"2016-06-25T17:38:12","date_gmt":"2016-06-25T14:38:12","guid":{"rendered":"https:\/\/analyse.optim.biz\/?p=162817"},"modified":"2016-06-25T17:38:12","modified_gmt":"2016-06-25T14:38:12","slug":"justitia-sperietoare-pentru-politicieni-calin-popescu-tariceanu-spune-ca-nu-mai-vrea-sa-fie-premier","status":"publish","type":"post","link":"https:\/\/analyse.optim.biz\/?p=162817","title":{"rendered":"Justi\u0163ia, sperietoare pentru politicieni. C\u0103lin Popescu T\u0103riceanu spune c\u0103 nu mai vrea s\u0103 fie premier"},"content":{"rendered":"<div class=\"entry data-app-meta data-app-meta-article\" data-embed-base-url-canonical=\"https:\/\/www.digi24.ro\/embed\/stiri\/actualitate\/politica\/justitia-sperietoare-pentru-politicieni-calin-popescu-tariceanu-spune-ca-nu-mai-vrea-sa-fie-premier-532519\">\n<p data-index=\"1\">C\u0103lin Popescu T\u0103riceanu, copre\u0219edinte ALDE: La toamn\u0103 c\u00e2nd o s\u0103 fie discu\u021biile dup\u0103 alegeri pentru formarea guvernului, unii o s\u0103 \u00eei \u00eemping\u0103 s\u0103 se duc\u0103 mini\u0219tri \u0219i eu o s\u0103 le spun s\u0103 nu se duc\u0103 pentru c\u0103 uite ce o s\u0103 p\u0103\u021beasc\u0103.<\/p>\n<p data-index=\"2\">Claudiu P\u00e2ndaru, jurnalist Digi24: Deci nu vre\u021bi s\u0103 fi\u021bi premier pentru c\u0103 v\u0103 e team\u0103?<\/p>\n<p data-index=\"3\">C\u0103lin Popescu T\u0103riceanu, copre\u0219edinte ALDE: Am glumit. Dar suntem \u00een fa\u021ba unei situa\u021bii de nemaipomenit nu doar \u00een Europa, \u00een multe \u021b\u0103ri din lume nu am pomenit a\u0219a ceva. Toti mini\u0219tri sunt pe r\u00e2nd lua\u021bi, ancheta\u021bi, trimi\u0219i \u00een judecat\u0103. Dup\u0103 ce am fost prim ministru \u0219i am aceast\u0103 func\u021bie de pre\u0219edinte al Senatului nu am ambi\u021bii personale, am o ambi\u021bie politic\u0103 \u0219i anume ca ALDE, singurul partid liberal \u00een Rom\u00e2nia, s\u0103 fie reprezentat \u00een Parlament merg\u00e2nd pe for\u021be proprii, candid\u00e2nd separat pentru a putea reu\u0219i o reprezentare c\u00e2t mai corect\u0103 a op\u021biunilor liberale.<\/p>\n<\/div>\n<p> Source URL: https:\/\/www.digi24.ro\/stiri\/actualitate\/politica\/justitia-sperietoare-pentru-politicieni-calin-popescu-tariceanu-spune-ca-nu-mai-vrea-sa-fie-premier-532519<\/p>\n","protected":false},"excerpt":{"rendered":"<p>C\u0103lin Popescu T\u0103riceanu, copre\u0219edinte ALDE: La toamn\u0103 c\u00e2nd o s\u0103 fie discu\u021biile dup\u0103 alegeri pentru formarea guvernului, unii o s\u0103 \u00eei \u00eemping\u0103 s\u0103 se duc\u0103 mini\u0219tri \u0219i eu o s\u0103 le spun s\u0103 nu se duc\u0103 pentru c\u0103 uite ce o s\u0103 p\u0103\u021beasc\u0103. Claudiu P\u00e2ndaru, jurnalist Digi24: Deci nu vre\u021bi s\u0103 fi\u021bi premier pentru c\u0103 [&hellip;]<\/p>\n","protected":false},"author":1,"featured_media":162818,"comment_status":"open","ping_status":"","sticky":false,"template":"","format":"standard","meta":{"footnotes":""},"categories":[2],"tags":[11],"class_list":["post-162817","post","type-post","status-publish","format-standard","has-post-thumbnail","hentry","category-politics","tag-digi24"],"_links":{"self":[{"href":"https:\/\/analyse.optim.biz\/index.php?rest_route=\/wp\/v2\/posts\/162817","targetHints":{"allow":["GET"]}}],"collection":[{"href":"https:\/\/analyse.optim.biz\/index.php?rest_route=\/wp\/v2\/posts"}],"about":[{"href":"https:\/\/analyse.optim.biz\/index.php?rest_route=\/wp\/v2\/types\/post"}],"author":[{"embeddable":true,"href":"https:\/\/analyse.optim.biz\/index.php?rest_route=\/wp\/v2\/users\/1"}],"replies":[{"embeddable":true,"href":"https:\/\/analyse.optim.biz\/index.php?rest_route=%2Fwp%2Fv2%2Fcomments&post=162817"}],"version-history":[{"count":0,"href":"https:\/\/analyse.optim.biz\/index.php?rest_route=\/wp\/v2\/posts\/162817\/revisions"}],"wp:featuredmedia":[{"embeddable":true,"href":"https:\/\/analyse.optim.biz\/index.php?rest_route=\/wp\/v2\/media\/162818"}],"wp:attachment":[{"href":"https:\/\/analyse.optim.biz\/index.php?rest_route=%2Fwp%2Fv2%2Fmedia&parent=162817"}],"wp:term":[{"taxonomy":"category","embeddable":true,"href":"https:\/\/analyse.optim.biz\/index.php?rest_route=%2Fwp%2Fv2%2Fcategories&post=162817"},{"taxonomy":"post_tag","embeddable":true,"href":"https:\/\/analyse.optim.biz\/index.php?rest_route=%2Fwp%2Fv2%2Ftags&post=162817"}],"curies":[{"name":"wp","href":"https:\/\/api.w.org\/{rel}","templated":true}]}}