{"id":162806,"date":"2016-06-25T21:21:50","date_gmt":"2016-06-25T18:21:50","guid":{"rendered":"https:\/\/analyse.optim.biz\/?p=162806"},"modified":"2016-06-25T21:21:50","modified_gmt":"2016-06-25T18:21:50","slug":"psd-renunta-la-unpr-pentru-parlamentare","status":"publish","type":"post","link":"https:\/\/analyse.optim.biz\/?p=162806","title":{"rendered":"PSD renun\u021b\u0103 la UNPR pentru parlamentare"},"content":{"rendered":"<div class=\"entry data-app-meta data-app-meta-article\" data-embed-base-url-canonical=\"https:\/\/www.digi24.ro\/embed\/stiri\/actualitate\/politica\/psd-renunta-la-unpr-pentru-parlamentare-532560\">\n<p data-index=\"1\">Colaborarea dintre PSD \u0219i UNPR \u00ee\u0219i d\u0103 ultima suflare. De\u0219i, dup\u0103 alegerile locale, liderii s-au \u00eembr\u0103\u021bi\u0219at \u015fi au vorbit de un parteneriat onest, \u00eemp\u0103r\u021birea puterii \u0219i g\u00e2ndul la alegerile parlamentare i-a dezbinat.<\/p>\n<p data-index=\"2\">Liviu Dragnea, pre\u0219edintele PSD: \u201eEste clar c\u0103 s-a stabilit fuziunea \u00eentre UNPR \u0219i PNL. (&#8230;) P\u00e2n\u0103 la urm\u0103 PSD o s\u0103 se chinuie singur, \u00een continuare, \u015fi la aceste alegeri parlamentare. Nu o s\u0103 mai d\u0103m locuri pe liste pentru c\u0103 nu mai avem cui\u201d. <\/p>\n<p data-index=\"3\">Deocamdat\u0103, pre\u015fedintele UNPR infirm\u0103 \u00eencheierea unei negocieri cu PNL. Valeriu Steriu a acuzat \u00een schimb PSD de tratament neloial pe parcursul campaniei electorale pentru locale.<\/p>\n<p data-index=\"4\">Valeriu Steriu &#8211; pre\u0219edintele UNPR: \u201eNoi am avut de-a lungul ultimelor luni foarte multe \u0219ican\u0103ri mai ales \u00een campania electoral\u0103, unde am fost efectiv un partid h\u0103r\u021buit putem spune.+ 03.27 nu ne-am propus niciodat\u0103 s\u0103 fim o rud\u0103 s\u0103rac\u0103 a acestui partid\u201d. <\/p>\n<p data-index=\"5\">Sunt cel pu\u0163in dou\u0103 jude\u0163e unde, acuz\u0103 PSD, UNPR ar fi f\u0103cut blat cu liberalii. La Timi\u015f, de pild\u0103, liderii locali ai UNPR ar fi fost lacomi \u015fi nu au vrut s\u0103 cedeze func\u0163ii celor de la ALDE. PSD, are \u015fi o alt\u0103 nemul\u0163umire.<\/p>\n<p data-index=\"6\">Liviu Dragnea, pre\u015fedintele PSD: \u201eCe este interesant e c\u0103 o propunere de fuziune eu am facut-o domnului Steriu. Acum o lun\u0103 \u015fi jum\u0103tate, pe care a declinat-o. Asta \u00eenseamn\u0103 c\u0103, probabil, de c\u00e2nd a fost ales pre\u015fedinte a avut \u00een minte aceast\u0103 alian\u0163\u0103 cu PNL\u201d. <\/p>\n<p data-index=\"7\">Liderul UNPR are alt\u0103 versiune \u015fi \u00eei acuz\u0103 pe social-democra\u0163i c\u0103 au fost primii care au tr\u0103dat.<\/p>\n<p data-index=\"8\">Valeriu Steriu, pre\u0219edintele UNPR: \u201eFaptul c\u0103 exact \u00een aceste luni de existen\u021b\u0103 a unui astfel de protocol \u00een care scrie, inclusiv acest aspect, c\u0103 nu se transfer\u0103 parlamentari de la un partid la altul avem 12 parlamentari care au plecat arat\u0103 totu\u021bi cine a fost corect \u0219i cine nu\u201d. <\/p>\n<p data-index=\"9\">Bogdan Lefter, analist politic: \u201ePSD-ul \u015ftie deja de la alegerile locale c\u0103 are un electorat stabil indiferent la fluctua\u0163ii. \u00ce\u0219i d\u0103 seama, cred, c\u0103 nu mai are nevoie de un adjuvant, de un mic partener de coali\u0163ie. Pe de alt\u0103 parte,din culise se \u015ftie c\u0103 parte din parlamentari \u015fi consilieri UNPR cam sunt \u00een orbita PSD sau sunt \u00een negocieri pentru afiliere\u201d. <\/p>\n<p data-index=\"10\">Cert este c\u0103 liderii UNPR au avut \u00een ultimele zile mai multe \u00eent\u00e2lniri. Miercuri dup\u0103-amiaz\u0103 liderul UNPR Timi\u015f a fost surprins de jurnali\u015ftii Digi24 ie\u015find din biroul liderului de grup al deputa\u0163ilor liberali. Acolo se afla \u015fi Alina Gorghiu.<\/p>\n<p data-index=\"11\">Reporter: A\u0163i ajuns la o concluzie \u00een privin\u0163a majorit\u0103\u0163ii \u00een Consiliul Jude\u0163ean Timi\u015f? <\/p>\n<p data-index=\"12\">Ion R\u0103ducanu, liderul UNPR Timi\u015f: Nu am f\u0103cut nici o majoritate, domnule! Eu nu am venit pentru asta, am venit s\u0103 am o discu\u0163ie!<\/p>\n<p data-index=\"13\">Alina Gorghiu, copre\u0219edintele PNL: \u201eM\u0103i, am senza\u021b\u00eda c\u0103 altceva \u00een afar\u0103 de discu\u021biile cu UNPR nu mai exist\u0103 pe fa\u021ba p\u0103m\u00e2ntului!\u201d. <\/p>\n<p data-index=\"14\">Iar s\u0103pt\u0103m\u00e2na trecut\u0103, \u00eensu\u015fi Valeriu Steriu, pre\u015fedintele UNPR, a fost surprins plec\u00e2nd \u00een grab\u0103 de la sediul central al PNL .\u00a0<\/p>\n<\/div>\n<p> Source URL: https:\/\/www.digi24.ro\/stiri\/actualitate\/politica\/psd-renunta-la-unpr-pentru-parlamentare-532560<\/p>\n","protected":false},"excerpt":{"rendered":"<p>Colaborarea dintre PSD \u0219i UNPR \u00ee\u0219i d\u0103 ultima suflare. De\u0219i, dup\u0103 alegerile locale, liderii s-au \u00eembr\u0103\u021bi\u0219at \u015fi au vorbit de un parteneriat onest, \u00eemp\u0103r\u021birea puterii \u0219i g\u00e2ndul la alegerile parlamentare i-a dezbinat. Liviu Dragnea, pre\u0219edintele PSD: \u201eEste clar c\u0103 s-a stabilit fuziunea \u00eentre UNPR \u0219i PNL. (&#8230;) P\u00e2n\u0103 la urm\u0103 PSD o s\u0103 se chinuie [&hellip;]<\/p>\n","protected":false},"author":1,"featured_media":162807,"comment_status":"open","ping_status":"","sticky":false,"template":"","format":"standard","meta":{"footnotes":""},"categories":[2],"tags":[11],"class_list":["post-162806","post","type-post","status-publish","format-standard","has-post-thumbnail","hentry","category-politics","tag-digi24"],"_links":{"self":[{"href":"https:\/\/analyse.optim.biz\/index.php?rest_route=\/wp\/v2\/posts\/162806","targetHints":{"allow":["GET"]}}],"collection":[{"href":"https:\/\/analyse.optim.biz\/index.php?rest_route=\/wp\/v2\/posts"}],"about":[{"href":"https:\/\/analyse.optim.biz\/index.php?rest_route=\/wp\/v2\/types\/post"}],"author":[{"embeddable":true,"href":"https:\/\/analyse.optim.biz\/index.php?rest_route=\/wp\/v2\/users\/1"}],"replies":[{"embeddable":true,"href":"https:\/\/analyse.optim.biz\/index.php?rest_route=%2Fwp%2Fv2%2Fcomments&post=162806"}],"version-history":[{"count":0,"href":"https:\/\/analyse.optim.biz\/index.php?rest_route=\/wp\/v2\/posts\/162806\/revisions"}],"wp:featuredmedia":[{"embeddable":true,"href":"https:\/\/analyse.optim.biz\/index.php?rest_route=\/wp\/v2\/media\/162807"}],"wp:attachment":[{"href":"https:\/\/analyse.optim.biz\/index.php?rest_route=%2Fwp%2Fv2%2Fmedia&parent=162806"}],"wp:term":[{"taxonomy":"category","embeddable":true,"href":"https:\/\/analyse.optim.biz\/index.php?rest_route=%2Fwp%2Fv2%2Fcategories&post=162806"},{"taxonomy":"post_tag","embeddable":true,"href":"https:\/\/analyse.optim.biz\/index.php?rest_route=%2Fwp%2Fv2%2Ftags&post=162806"}],"curies":[{"name":"wp","href":"https:\/\/api.w.org\/{rel}","templated":true}]}}