{"id":162795,"date":"2016-06-26T12:49:37","date_gmt":"2016-06-26T09:49:37","guid":{"rendered":"https:\/\/analyse.optim.biz\/?p=162795"},"modified":"2016-06-26T12:49:37","modified_gmt":"2016-06-26T09:49:37","slug":"c-p-tariceanu-despre-abuzul-in-serviciu-daca-si-in-alte-tari-exista-nu-ar-fi-excesiv-sa-existe-si-la-noi","status":"publish","type":"post","link":"https:\/\/analyse.optim.biz\/?p=162795","title":{"rendered":"C.P. T\u0103riceanu, despre abuzul \u00een serviciu: \u201eDac\u0103 \u015fi \u00een alte \u0163\u0103ri exist\u0103, nu ar fi excesiv s\u0103 existe \u015fi la noi\u201d"},"content":{"rendered":"<div class=\"entry data-app-meta data-app-meta-article\" data-embed-base-url-canonical=\"https:\/\/www.digi24.ro\/embed\/stiri\/actualitate\/politica\/c-p-tariceanu-despre-abuzul-in-serviciu-daca-si-in-alte-tari-exista-nu-ar-fi-excesiv-sa-existe-si-la-noi-532627\">\n<p data-index=\"1\">C\u0103lin Popescu T\u0103riceanu, copre\u0219edinte ALDE: \u201eSunt rezervat \u00een a spune c\u0103 ar fi util\u0103 o dezincriminare complet, dar nu am o p\u0103rere bine argumentat\u0103. Ar trebui s\u0103 discut cu juri\u015fti, speciali\u015fti , dar la prima vedere sunt tentat s\u0103 v\u0103 spun c\u0103 dac\u0103 \u015fi \u00een alte legisla\u0163ii exist\u0103 abuz \u00een serviciu, atunci nu ar fi o m\u0103sur\u0103 excesiv\u0103 s\u0103 existe \u015fi la noi. A\u015ftept\u0103m decizia Cur\u0163ii. Dac\u0103 prin decizie este solicitat\u0103 o astfel de precizare cred c\u0103 ar fi oportun \u015fi dac\u0103 nu e solicitat\u0103 expres cred c\u0103 ar fi oportun ca aceast\u0103 posibilitate de interpretare extrem de larg\u0103 s\u0103 fie restr\u00e2ns\u0103 ca s\u0103 nu existe \u00een viitor posibilitatea folosirii abuzive a acestei acuza\u0163ii. Sunt o serie de decizii ale CCR care cer Parlamentului s\u0103 fac\u0103 modific\u0103ri la Codul Penal , iar Parlamentul este singura institu\u0163ie abilitat\u0103 \u015fi suveran\u0103 \u00een a elabora legisla\u0163ia. E dreptul lui. Nu e un exces pe care l-ar face Parlamentul.\u201d<\/p>\n<p data-index=\"2\">Interviul integral \u00eel pute\u0163i urm\u0103ri <a href=\"https:\/\/www.digi24.ro\/Emisiuni\/Digi24\/In+fata+ta\/Arhiva+inregistrari\/In+fata+ta+26+iunie+13+05+2016\" target=\"_blank\" data-skip-linkfix=\"1\" rel=\"noopener\"><strong>AICI<\/strong><\/a>.<\/p>\n<\/div>\n<p> Source URL: https:\/\/www.digi24.ro\/stiri\/actualitate\/politica\/c-p-tariceanu-despre-abuzul-in-serviciu-daca-si-in-alte-tari-exista-nu-ar-fi-excesiv-sa-existe-si-la-noi-532627<\/p>\n","protected":false},"excerpt":{"rendered":"<p>C\u0103lin Popescu T\u0103riceanu, copre\u0219edinte ALDE: \u201eSunt rezervat \u00een a spune c\u0103 ar fi util\u0103 o dezincriminare complet, dar nu am o p\u0103rere bine argumentat\u0103. Ar trebui s\u0103 discut cu juri\u015fti, speciali\u015fti , dar la prima vedere sunt tentat s\u0103 v\u0103 spun c\u0103 dac\u0103 \u015fi \u00een alte legisla\u0163ii exist\u0103 abuz \u00een serviciu, atunci nu ar fi [&hellip;]<\/p>\n","protected":false},"author":1,"featured_media":162796,"comment_status":"open","ping_status":"","sticky":false,"template":"","format":"standard","meta":{"footnotes":""},"categories":[2],"tags":[11],"class_list":["post-162795","post","type-post","status-publish","format-standard","has-post-thumbnail","hentry","category-politics","tag-digi24"],"_links":{"self":[{"href":"https:\/\/analyse.optim.biz\/index.php?rest_route=\/wp\/v2\/posts\/162795","targetHints":{"allow":["GET"]}}],"collection":[{"href":"https:\/\/analyse.optim.biz\/index.php?rest_route=\/wp\/v2\/posts"}],"about":[{"href":"https:\/\/analyse.optim.biz\/index.php?rest_route=\/wp\/v2\/types\/post"}],"author":[{"embeddable":true,"href":"https:\/\/analyse.optim.biz\/index.php?rest_route=\/wp\/v2\/users\/1"}],"replies":[{"embeddable":true,"href":"https:\/\/analyse.optim.biz\/index.php?rest_route=%2Fwp%2Fv2%2Fcomments&post=162795"}],"version-history":[{"count":0,"href":"https:\/\/analyse.optim.biz\/index.php?rest_route=\/wp\/v2\/posts\/162795\/revisions"}],"wp:featuredmedia":[{"embeddable":true,"href":"https:\/\/analyse.optim.biz\/index.php?rest_route=\/wp\/v2\/media\/162796"}],"wp:attachment":[{"href":"https:\/\/analyse.optim.biz\/index.php?rest_route=%2Fwp%2Fv2%2Fmedia&parent=162795"}],"wp:term":[{"taxonomy":"category","embeddable":true,"href":"https:\/\/analyse.optim.biz\/index.php?rest_route=%2Fwp%2Fv2%2Fcategories&post=162795"},{"taxonomy":"post_tag","embeddable":true,"href":"https:\/\/analyse.optim.biz\/index.php?rest_route=%2Fwp%2Fv2%2Ftags&post=162795"}],"curies":[{"name":"wp","href":"https:\/\/api.w.org\/{rel}","templated":true}]}}