{"id":162647,"date":"2016-06-30T15:20:11","date_gmt":"2016-06-30T12:20:11","guid":{"rendered":"https:\/\/analyse.optim.biz\/?p=162647"},"modified":"2016-06-30T15:20:11","modified_gmt":"2016-06-30T12:20:11","slug":"liviu-dragnea-vrea-lamuriri-de-la-klaus-iohannis-privind-o-presupusa-implicare-in-negocierile-dintre-pnl-si-unpr-reactia-sefului-statului","status":"publish","type":"post","link":"https:\/\/analyse.optim.biz\/?p=162647","title":{"rendered":"Liviu Dragnea vrea l\u0103muriri de la Klaus Iohannis privind o presupus\u0103 implicare \u00een negocierile dintre PNL \u015fi UNPR. Reac\u021bia \u0219efului statului"},"content":{"rendered":"<div class=\"entry data-app-meta data-app-meta-article\" data-embed-base-url-canonical=\"https:\/\/www.digi24.ro\/embed\/stiri\/actualitate\/politica\/liviu-dragnea-vrea-lamuriri-de-la-klaus-iohannis-privind-o-presupusa-implicare-in-negocierile-dintre-pnl-si-unpr-reactia-sefului-statului-534105\">\n<p data-index=\"1\"><strong>ACTUALIZARE 15.20. <\/strong>Administra\u021bia Preziden\u021bial\u0103 a transmis c\u0103 \u0219eful statului nu se implic\u0103 \u00een negocierile dintre partide \u0219i c\u0103 acest demers este sub nivelul s\u0103u.\u00a0<\/p>\n<hr>\n<p data-index=\"2\"><strong>Liviu Dragnea, pre\u015fedintele PSD:<\/strong> \u201e Un senator care a venit la noi, a spus c\u0103 nu vrea s\u0103 mearg\u0103 c\u0103tre PNL, ne-a spus ca domnul Oprea le-a spus c\u0103 inclusiv cu domnul iohannis au discutat subiectul \u0103sta. Mie mi se pare o afirma\u0163ie, care dac\u0103 se dovede\u015fte real\u0103 e ceva foarte grav. Eu cred c\u0103 domnul Oprea si domnul Steriu si domnul Iohannis ar trebui s\u0103 l\u0103mureasc\u0103 dac\u0103 au avut, \u00een trei sau c\u00e2te doi, discutii pe aceast\u0103 tem\u0103 pentru c\u0103 ar fi o implicare neconstitutional\u0103 a pre\u015fedintelui in viata partidelor\u201d.\u00a0<\/p>\n<p data-index=\"3\"><strong>Valeriu Steriu, pre\u0219edintele UNPR:<\/strong> \u201eInforma\u021biile despre prezen\u021ba mea la Cotroceni sunt ca \u00een bancurile cu Radio Erevan. Adev\u0103rul este c\u0103 am fost la Cotroceni, dar nu s\u0103 negociez. Adev\u0103rul e c\u0103 nu am fost singur la Cotroceni, dar nu cu Gabriel Oprea, ci cu Liviu Dragnea \u0219i Vasile Blaga \u0219i Alina Gorghiu, c\u00e2nd to\u021bi pre\u0219edin\u021bii partidelor politice parlamentare am participat la consultarea cu partidele politice pe tema Brexit\u201d.\u00a0<\/p>\n<\/div>\n<p> Source URL: https:\/\/www.digi24.ro\/stiri\/actualitate\/politica\/liviu-dragnea-vrea-lamuriri-de-la-klaus-iohannis-privind-o-presupusa-implicare-in-negocierile-dintre-pnl-si-unpr-reactia-sefului-statului-534105<\/p>\n","protected":false},"excerpt":{"rendered":"<p>ACTUALIZARE 15.20. Administra\u021bia Preziden\u021bial\u0103 a transmis c\u0103 \u0219eful statului nu se implic\u0103 \u00een negocierile dintre partide \u0219i c\u0103 acest demers este sub nivelul s\u0103u.\u00a0 Liviu Dragnea, pre\u015fedintele PSD: \u201e Un senator care a venit la noi, a spus c\u0103 nu vrea s\u0103 mearg\u0103 c\u0103tre PNL, ne-a spus ca domnul Oprea le-a spus c\u0103 inclusiv cu [&hellip;]<\/p>\n","protected":false},"author":1,"featured_media":162648,"comment_status":"open","ping_status":"","sticky":false,"template":"","format":"standard","meta":{"footnotes":""},"categories":[2],"tags":[11],"class_list":["post-162647","post","type-post","status-publish","format-standard","has-post-thumbnail","hentry","category-politics","tag-digi24"],"_links":{"self":[{"href":"https:\/\/analyse.optim.biz\/index.php?rest_route=\/wp\/v2\/posts\/162647","targetHints":{"allow":["GET"]}}],"collection":[{"href":"https:\/\/analyse.optim.biz\/index.php?rest_route=\/wp\/v2\/posts"}],"about":[{"href":"https:\/\/analyse.optim.biz\/index.php?rest_route=\/wp\/v2\/types\/post"}],"author":[{"embeddable":true,"href":"https:\/\/analyse.optim.biz\/index.php?rest_route=\/wp\/v2\/users\/1"}],"replies":[{"embeddable":true,"href":"https:\/\/analyse.optim.biz\/index.php?rest_route=%2Fwp%2Fv2%2Fcomments&post=162647"}],"version-history":[{"count":0,"href":"https:\/\/analyse.optim.biz\/index.php?rest_route=\/wp\/v2\/posts\/162647\/revisions"}],"wp:featuredmedia":[{"embeddable":true,"href":"https:\/\/analyse.optim.biz\/index.php?rest_route=\/wp\/v2\/media\/162648"}],"wp:attachment":[{"href":"https:\/\/analyse.optim.biz\/index.php?rest_route=%2Fwp%2Fv2%2Fmedia&parent=162647"}],"wp:term":[{"taxonomy":"category","embeddable":true,"href":"https:\/\/analyse.optim.biz\/index.php?rest_route=%2Fwp%2Fv2%2Fcategories&post=162647"},{"taxonomy":"post_tag","embeddable":true,"href":"https:\/\/analyse.optim.biz\/index.php?rest_route=%2Fwp%2Fv2%2Ftags&post=162647"}],"curies":[{"name":"wp","href":"https:\/\/api.w.org\/{rel}","templated":true}]}}