{"id":162636,"date":"2016-06-30T15:29:09","date_gmt":"2016-06-30T12:29:09","guid":{"rendered":"https:\/\/analyse.optim.biz\/?p=162636"},"modified":"2016-06-30T15:29:09","modified_gmt":"2016-06-30T12:29:09","slug":"dragnea-despre-plagiatul-lui-ponta-nu-cred-ca-asta-era-principala-preocupare-a-unui-guvern-tehnocrat","status":"publish","type":"post","link":"https:\/\/analyse.optim.biz\/?p=162636","title":{"rendered":"Dragnea, despre plagiatul lui Ponta: \u201eNu cred c\u0103 asta era principala preocupare a unui guvern tehnocrat\u201d"},"content":{"rendered":"<div class=\"entry data-app-meta data-app-meta-article\" data-embed-base-url-canonical=\"https:\/\/www.digi24.ro\/embed\/stiri\/actualitate\/politica\/dragnea-despre-plagiatul-lui-ponta-nu-cred-ca-asta-era-principala-preocupare-a-unui-guvern-tehnocrat-534119\">\n<p data-index=\"1\">\u201e<span>Sunt destul de circumspect \u00een cazul \u0103sta. \u0218tiu c\u0103 e o obsesie de patru ani de zile pentru anumi\u021bi cet\u0103\u021beni \u0219i institu\u021bii din \u021bara asta \u00een leg\u0103tur\u0103 cu teza lui Victor Ponta. Atunci o comisie a spus c\u0103 nu e plagiat. \u0218tiu c\u0103 a fost un \u0219i proces c\u00e2\u0219tigat de Victor. Am \u00een\u021beles c\u0103 asta e principala preocupare de ceva timp a acestui guvern\u201d, a mai spus Liviu Dragnea.<\/span><\/p>\n<p data-index=\"2\">\u201e<span>Ca pre\u015fedinte al partidului, cred c\u0103 hot\u0103r\u00e2rea comisiei este discutabil\u0103 pentru c\u0103 aceea\u015fi comisie, dar \u00een alt\u0103 componen\u0163\u0103, a lut o alt decizie, dar nu cred c\u0103 asta era principala preocupare a unui guvern tehnocrat (&#8230;) M\u0103 \u00eentreb c\u00e2nd a avut comisia dreptate: atunci sau acum?\u201d, a declarat Liviu Dragnea, \u00eenainte de \u015fedin\u0163a Comitetului Executiv Na\u0163ional al PSD, care se desf\u0103\u015foar\u0103 la T\u00e2rgovi\u015fte.<\/span><\/p>\n<\/div>\n<p> Source URL: https:\/\/www.digi24.ro\/stiri\/actualitate\/politica\/dragnea-despre-plagiatul-lui-ponta-nu-cred-ca-asta-era-principala-preocupare-a-unui-guvern-tehnocrat-534119<\/p>\n","protected":false},"excerpt":{"rendered":"<p>\u201eSunt destul de circumspect \u00een cazul \u0103sta. \u0218tiu c\u0103 e o obsesie de patru ani de zile pentru anumi\u021bi cet\u0103\u021beni \u0219i institu\u021bii din \u021bara asta \u00een leg\u0103tur\u0103 cu teza lui Victor Ponta. Atunci o comisie a spus c\u0103 nu e plagiat. \u0218tiu c\u0103 a fost un \u0219i proces c\u00e2\u0219tigat de Victor. Am \u00een\u021beles c\u0103 asta [&hellip;]<\/p>\n","protected":false},"author":1,"featured_media":162637,"comment_status":"open","ping_status":"","sticky":false,"template":"","format":"standard","meta":{"footnotes":""},"categories":[2],"tags":[11],"class_list":["post-162636","post","type-post","status-publish","format-standard","has-post-thumbnail","hentry","category-politics","tag-digi24"],"_links":{"self":[{"href":"https:\/\/analyse.optim.biz\/index.php?rest_route=\/wp\/v2\/posts\/162636","targetHints":{"allow":["GET"]}}],"collection":[{"href":"https:\/\/analyse.optim.biz\/index.php?rest_route=\/wp\/v2\/posts"}],"about":[{"href":"https:\/\/analyse.optim.biz\/index.php?rest_route=\/wp\/v2\/types\/post"}],"author":[{"embeddable":true,"href":"https:\/\/analyse.optim.biz\/index.php?rest_route=\/wp\/v2\/users\/1"}],"replies":[{"embeddable":true,"href":"https:\/\/analyse.optim.biz\/index.php?rest_route=%2Fwp%2Fv2%2Fcomments&post=162636"}],"version-history":[{"count":0,"href":"https:\/\/analyse.optim.biz\/index.php?rest_route=\/wp\/v2\/posts\/162636\/revisions"}],"wp:featuredmedia":[{"embeddable":true,"href":"https:\/\/analyse.optim.biz\/index.php?rest_route=\/wp\/v2\/media\/162637"}],"wp:attachment":[{"href":"https:\/\/analyse.optim.biz\/index.php?rest_route=%2Fwp%2Fv2%2Fmedia&parent=162636"}],"wp:term":[{"taxonomy":"category","embeddable":true,"href":"https:\/\/analyse.optim.biz\/index.php?rest_route=%2Fwp%2Fv2%2Fcategories&post=162636"},{"taxonomy":"post_tag","embeddable":true,"href":"https:\/\/analyse.optim.biz\/index.php?rest_route=%2Fwp%2Fv2%2Ftags&post=162636"}],"curies":[{"name":"wp","href":"https:\/\/api.w.org\/{rel}","templated":true}]}}