{"id":162633,"date":"2016-06-30T18:28:18","date_gmt":"2016-06-30T15:28:18","guid":{"rendered":"https:\/\/analyse.optim.biz\/?p=162633"},"modified":"2016-06-30T18:28:18","modified_gmt":"2016-06-30T15:28:18","slug":"l-dragnea-daca-nu-e-niciun-motiv-intemeiat-pentru-a-i-cere-demisia-lui-ungureanu-de-la-sie-nu-sustinem","status":"publish","type":"post","link":"https:\/\/analyse.optim.biz\/?p=162633","title":{"rendered":"L. Dragnea: Dac\u0103 nu e niciun motiv \u00eentemeiat pentru a-i cere demisia lui Ungureanu de la SIE, nu sus\u0163inem"},"content":{"rendered":"<div class=\"entry data-app-meta data-app-meta-article\" data-embed-base-url-canonical=\"https:\/\/www.digi24.ro\/embed\/stiri\/actualitate\/politica\/l-dragnea-daca-nu-e-niciun-motiv-intemeiat-pentru-a-i-cere-demisia-lui-ungureanu-de-la-sie-nu-sustinem-534257\">\n<p data-index=\"1\">\u00a0<img decoding=\"async\" src=\"https:\/\/analyse.optim.biz\/wp-content\/uploads\/2024\/09\/nmqymzm1ytqzy2i3zgi0yta5zjq5nmvhnzgzmmi0ywy-thumb_.jpg\" data-skip-htmlfix=\"1\" title=\"nmqymzm1ytqzy2i3zgi0yta5zjq5nmvhnzgzmmi0ywy-thumb_\"><\/p>\n<p data-index=\"2\">\u201dDac\u0103 exist\u0103 motive \u00eentemeiate pentru care cineva \u00eei cere demisia, dar motive legate de activitatea institu\u0163iei, a Serviciului, pentru care s\u0103 i se cear\u0103 demisia, vom sus\u0163ine. Dac\u0103 nu e niciun motiv \u00eentemeiat \u015fi cineva pur \u015fi simplu vrea s\u0103-l schimbe pe Mihai R\u0103zvan Ungureanu, noi nu suntem de acord pentru c\u0103 cele dou\u0103 servicii de informa\u0163ii &#8211; SRI \u015fi SIE &#8211; sunt dou\u0103 servicii foarte bine integrate \u00een structurile interna\u0163ionale \u015fi globale. Ori o ac\u0163iune de genul \u0103sta f\u0103r\u0103 s\u0103 fie motivat\u0103 de cauze privind disfunc\u0163ionalitatea posibil\u0103 a Serviciului nu ne poate determina pe noi s\u0103 sus\u0163inem a\u015fa ceva\u201d, a declarat Dragnea, citat de <a href=\"https:\/\/www.digi24.ro\/Stiri\/Digi24\/Actualitate\/Politica\/L+Dragnea+Daca+nu+e+niciun+motiv+intemeiat+pentru+a-i+cere+demis\" target=\"_blank\" data-skip-linkfix=\"1\" rel=\"noopener\">News.ro<\/a>.<\/p>\n<p data-index=\"3\">El a r\u0103spuns astfel unei \u00eentreb\u0103ri dac\u0103 ar sus\u0163ine un astfel de demers \u00een contextul \u00een care \u00een spa\u0163iul public au ap\u0103rut informa\u0163ii potrivit c\u0103rora pre\u015fedintele Klaus Iohannis i-ar fi solicitat lui Ungureanu demisia.<\/p>\n<p data-index=\"4\">Liderul PSD a precizat c\u0103 \u00een momentul \u00een care Mihai R\u0103zvan Ungureanu a fost votat \u00een plenul Parlamentului, social-democra\u0163ii au votat \u00eempotriv\u0103, men\u0163ion\u00e2nd c\u0103 \u201daia a fost opinia noastr\u0103\u201d.<\/p>\n<p data-index=\"5\">\u201dLa votul din plen noi am fost \u00eempotriv\u0103. Aia a fost opinia noastr\u0103, dar o dat\u0103 ce a fost numit acolo nu vreau ca Serviciul de Informa\u0163ii s\u0103 intre iar \u00eentr-o perioada de instabilitate. Mai ales \u00een conjunctura interna\u0163ional\u0103 \u00een care ne afl\u0103m acum. Dac\u0103 sunt chestiuni persoanel s\u0103 se rezolve altfel\u201d, a mai spus Dragnea.<\/p>\n<\/div>\n<p> Source URL: https:\/\/www.digi24.ro\/stiri\/actualitate\/politica\/l-dragnea-daca-nu-e-niciun-motiv-intemeiat-pentru-a-i-cere-demisia-lui-ungureanu-de-la-sie-nu-sustinem-534257<\/p>\n","protected":false},"excerpt":{"rendered":"<p>\u00a0 \u201dDac\u0103 exist\u0103 motive \u00eentemeiate pentru care cineva \u00eei cere demisia, dar motive legate de activitatea institu\u0163iei, a Serviciului, pentru care s\u0103 i se cear\u0103 demisia, vom sus\u0163ine. Dac\u0103 nu e niciun motiv \u00eentemeiat \u015fi cineva pur \u015fi simplu vrea s\u0103-l schimbe pe Mihai R\u0103zvan Ungureanu, noi nu suntem de acord pentru c\u0103 cele dou\u0103 [&hellip;]<\/p>\n","protected":false},"author":1,"featured_media":162634,"comment_status":"open","ping_status":"","sticky":false,"template":"","format":"standard","meta":{"footnotes":""},"categories":[2],"tags":[11],"class_list":["post-162633","post","type-post","status-publish","format-standard","has-post-thumbnail","hentry","category-politics","tag-digi24"],"_links":{"self":[{"href":"https:\/\/analyse.optim.biz\/index.php?rest_route=\/wp\/v2\/posts\/162633","targetHints":{"allow":["GET"]}}],"collection":[{"href":"https:\/\/analyse.optim.biz\/index.php?rest_route=\/wp\/v2\/posts"}],"about":[{"href":"https:\/\/analyse.optim.biz\/index.php?rest_route=\/wp\/v2\/types\/post"}],"author":[{"embeddable":true,"href":"https:\/\/analyse.optim.biz\/index.php?rest_route=\/wp\/v2\/users\/1"}],"replies":[{"embeddable":true,"href":"https:\/\/analyse.optim.biz\/index.php?rest_route=%2Fwp%2Fv2%2Fcomments&post=162633"}],"version-history":[{"count":0,"href":"https:\/\/analyse.optim.biz\/index.php?rest_route=\/wp\/v2\/posts\/162633\/revisions"}],"wp:featuredmedia":[{"embeddable":true,"href":"https:\/\/analyse.optim.biz\/index.php?rest_route=\/wp\/v2\/media\/162634"}],"wp:attachment":[{"href":"https:\/\/analyse.optim.biz\/index.php?rest_route=%2Fwp%2Fv2%2Fmedia&parent=162633"}],"wp:term":[{"taxonomy":"category","embeddable":true,"href":"https:\/\/analyse.optim.biz\/index.php?rest_route=%2Fwp%2Fv2%2Fcategories&post=162633"},{"taxonomy":"post_tag","embeddable":true,"href":"https:\/\/analyse.optim.biz\/index.php?rest_route=%2Fwp%2Fv2%2Ftags&post=162633"}],"curies":[{"name":"wp","href":"https:\/\/api.w.org\/{rel}","templated":true}]}}