{"id":1626196,"date":"2026-01-31T09:34:42","date_gmt":"2026-01-31T06:34:42","guid":{"rendered":"https:\/\/analyse.optim.biz\/?p=1626196"},"modified":"2026-01-31T09:34:42","modified_gmt":"2026-01-31T06:34:42","slug":"gerul-se-intoarce-in-mare-parte-din-tara-ziarul-liber-in-teleorman","status":"publish","type":"post","link":"https:\/\/analyse.optim.biz\/?p=1626196","title":{"rendered":"Gerul se \u00eentoarce \u00een mare parte din \u021bar\u0103 &#8211; Ziarul Liber in Teleorman"},"content":{"rendered":"<div class=\"entry-content single56__content single56__post_content single56__body_area\">\n<p>IGSU anun\u021b\u0103 c\u0103, dup\u0103 o perioad\u0103 cu temperaturi peste zero grade, vremea se va r\u0103ci accentuat \u00een zilele urm\u0103toare. \u00cencep\u00e2nd de ast\u0103zi \u0219i p\u00e2n\u0103 pe 4 februarie, vremea va deveni extrem de rece, mai ales \u00een regiunile extracarpatice. Gerul se va resim\u021bi puternic \u00een special diminea\u021ba \u0219i noaptea, ini\u021bial \u00een Moldova, apoi \u0219i \u00een Dobrogea, estul Transilvaniei \u0219i Muntenia, iar pe alocuri \u00een Oltenia \u0219i sudul Banatului. Temperaturile minime vor cobor\u00ee, \u00een general, \u00eentre -20 \u0219i -10 grade. \u00cen nordul Moldovei, frigul va persista inclusiv pe timpul zilei, cu maxime cuprinse \u00eentre -16 \u0219i -8 grade (sursa ANM).<\/p>\n<p>\u2757 \u00cen locuin\u021be, este esen\u021bial s\u0103 verifica\u021bi sursele de \u00eenc\u0103lzire \u0219i s\u0103 le folosi\u021bi \u00een condi\u021bii de siguran\u021b\u0103. Evita\u021bi improviza\u021biile la sobe \u0219i nu adormi\u021bi cu focul aprins.<\/p>\n<p>\u2757 Animalele sunt la fel de vulnerabile la frig. Un ad\u0103post corespunz\u0103tor \u0219i mai mult\u0103 aten\u021bie le pot feri de efectele gerului.<\/p>\n<p>\u2757Dac\u0103 sesiza\u021bi persoane f\u0103r\u0103 ad\u0103post, \u00een pericol, sesiza\u021bi autorit\u0103\u021bile.<\/p>\n<p>\u2757 Pentru \u0219oferi, temperaturile sc\u0103zute pot \u00eensemna carosabil alunecos. Se recomand\u0103 deplasarea cu aten\u021bie, reducerea vitezei, p\u0103strarea distan\u021bei fa\u021b\u0103 de alte autovehicule \u0219i echiparea corespunz\u0103toare a ma\u0219inii pentru condi\u021bii de iarn\u0103.<\/p>\n<\/div>\n<p> Source URL: https:\/\/liberinteleorman.ro\/gerul-se-intoarce-in-mare-parte-din-tara\/<\/p>\n","protected":false},"excerpt":{"rendered":"<p>IGSU anun\u021b\u0103 c\u0103, dup\u0103 o perioad\u0103 cu temperaturi peste zero grade, vremea se va r\u0103ci accentuat \u00een zilele urm\u0103toare. \u00cencep\u00e2nd de ast\u0103zi \u0219i p\u00e2n\u0103 pe 4 februarie, vremea va deveni extrem de rece, mai ales \u00een regiunile extracarpatice. Gerul se va resim\u021bi puternic \u00een special diminea\u021ba \u0219i noaptea, ini\u021bial \u00een Moldova, apoi \u0219i \u00een Dobrogea, [&hellip;]<\/p>\n","protected":false},"author":1,"featured_media":1626200,"comment_status":"open","ping_status":"","sticky":false,"template":"","format":"standard","meta":{"footnotes":""},"categories":[89],"tags":[181],"class_list":["post-1626196","post","type-post","status-publish","format-standard","has-post-thumbnail","hentry","category-romania","tag-liberinteleorman-ro"],"_links":{"self":[{"href":"https:\/\/analyse.optim.biz\/index.php?rest_route=\/wp\/v2\/posts\/1626196","targetHints":{"allow":["GET"]}}],"collection":[{"href":"https:\/\/analyse.optim.biz\/index.php?rest_route=\/wp\/v2\/posts"}],"about":[{"href":"https:\/\/analyse.optim.biz\/index.php?rest_route=\/wp\/v2\/types\/post"}],"author":[{"embeddable":true,"href":"https:\/\/analyse.optim.biz\/index.php?rest_route=\/wp\/v2\/users\/1"}],"replies":[{"embeddable":true,"href":"https:\/\/analyse.optim.biz\/index.php?rest_route=%2Fwp%2Fv2%2Fcomments&post=1626196"}],"version-history":[{"count":0,"href":"https:\/\/analyse.optim.biz\/index.php?rest_route=\/wp\/v2\/posts\/1626196\/revisions"}],"wp:featuredmedia":[{"embeddable":true,"href":"https:\/\/analyse.optim.biz\/index.php?rest_route=\/wp\/v2\/media\/1626200"}],"wp:attachment":[{"href":"https:\/\/analyse.optim.biz\/index.php?rest_route=%2Fwp%2Fv2%2Fmedia&parent=1626196"}],"wp:term":[{"taxonomy":"category","embeddable":true,"href":"https:\/\/analyse.optim.biz\/index.php?rest_route=%2Fwp%2Fv2%2Fcategories&post=1626196"},{"taxonomy":"post_tag","embeddable":true,"href":"https:\/\/analyse.optim.biz\/index.php?rest_route=%2Fwp%2Fv2%2Ftags&post=1626196"}],"curies":[{"name":"wp","href":"https:\/\/api.w.org\/{rel}","templated":true}]}}