{"id":162536,"date":"2016-07-03T16:07:37","date_gmt":"2016-07-03T13:07:37","guid":{"rendered":"https:\/\/analyse.optim.biz\/?p=162536"},"modified":"2016-07-03T16:07:37","modified_gmt":"2016-07-03T13:07:37","slug":"victor-ponta-s-a-suparat-pe-liviu-dragnea","status":"publish","type":"post","link":"https:\/\/analyse.optim.biz\/?p=162536","title":{"rendered":"Victor Ponta s-a sup\u0103rat pe Liviu Dragnea"},"content":{"rendered":"<div class=\"entry data-app-meta data-app-meta-article\" data-embed-base-url-canonical=\"https:\/\/www.digi24.ro\/embed\/stiri\/actualitate\/politica\/victor-ponta-s-a-suparat-pe-liviu-dragnea-534968\">\n<p data-index=\"1\">Victor Ponta este sup\u0103rat: cel care i-a luat locul la conducerea PSD l-ar fi numit \u201edu\u015fmanul partidului\u201d. \u201eSunt foarte dezam\u0103git \u0219i sup\u0103rat dac\u0103 aceast\u0103 \u0219tire e adev\u0103rat\u0103. Dac\u0103 \u00eentr-adev\u0103r Liviu Dragnea ar g\u00e2ndi a\u015fa, atunci la Cotroceni trebuie deschis\u0103 \u0219ampania!\u201d, comenteaz\u0103 el pe Facebook.<\/p>\n<p data-index=\"2\">Social-democra\u0163ii care au participat la ultima \u015fedin\u0163\u0103 de conducere \u00eencearc\u0103 s\u0103 \u00eel lini\u015fteasc\u0103 pe Victor Ponta.<\/p>\n<p data-index=\"3\">Mihai Tudose, vicepre\u0219edinte PSD: \u201eDomnul Liviu Dragnea, \u00een aceast\u0103 \u015fedin\u0163\u0103 ar fi spus ca fostul premier Victor Ponta este du\u015fman al PSD\u201d. <\/p>\n<p data-index=\"4\">Reporter: \u201eA existat o asemenea discu\u0163ie?\u201d <\/p>\n<p data-index=\"5\">Mihai Tudose: \u201eNu,eu nu am auzit a\u015fa ceva\u201d. <\/p>\n<p data-index=\"6\">Cu c\u00e2teva zile \u00een urm\u0103, Victor Ponta arunca alte s\u0103ge\u0163i spre \u015feful lui de la partid: \u201eE foarte u\u015for s\u0103 scapi de alia\u0163i \u015fi e foarte greu s\u0103 \u00ee\u0163i c\u00e2\u015ftigi al\u0163ii, mai ales dac\u0103 impresia de arogan\u021b\u0103 \u0219i comportament de v\u0103taf jude\u021bean&#8221; este transmis\u0103 c\u0103tre parteneri.<\/p>\n<p data-index=\"7\">Liviu Dragnea, pre\u0219edinte PSD: \u201eChiar sunt foarte mandru de aceasta caracterizare. Am apreciat foarte mult \u0219i sunt convins c\u0103 to\u021bi membrii de partid au apreciat aceasta pozitie\u201d. <\/p>\n<p data-index=\"8\">Rela\u0163ia dintre fostul \u015fi actualul pre\u015fedinte al social-democra\u0163ilor a devenit foarte \u00eencordat\u0103 dup\u0103 ce Liviu Dragnea nu l-a sus\u0163inut pe Victor Ponta ca s\u0103 ajung\u0103 liderul Camerei Deputa\u0163ilor.<\/p>\n<p data-index=\"9\">Liviu Dragnea l-a consolat apoi pe Victor Ponta: are nevoie de el s\u0103 adune voturi pentru PSD \u00een campania electoral\u0103 pentru alegerile parlamentare.<\/p>\n<\/div>\n<p> Source URL: https:\/\/www.digi24.ro\/stiri\/actualitate\/politica\/victor-ponta-s-a-suparat-pe-liviu-dragnea-534968<\/p>\n","protected":false},"excerpt":{"rendered":"<p>Victor Ponta este sup\u0103rat: cel care i-a luat locul la conducerea PSD l-ar fi numit \u201edu\u015fmanul partidului\u201d. \u201eSunt foarte dezam\u0103git \u0219i sup\u0103rat dac\u0103 aceast\u0103 \u0219tire e adev\u0103rat\u0103. Dac\u0103 \u00eentr-adev\u0103r Liviu Dragnea ar g\u00e2ndi a\u015fa, atunci la Cotroceni trebuie deschis\u0103 \u0219ampania!\u201d, comenteaz\u0103 el pe Facebook. Social-democra\u0163ii care au participat la ultima \u015fedin\u0163\u0103 de conducere \u00eencearc\u0103 s\u0103 [&hellip;]<\/p>\n","protected":false},"author":1,"featured_media":162537,"comment_status":"open","ping_status":"","sticky":false,"template":"","format":"standard","meta":{"footnotes":""},"categories":[2],"tags":[11],"class_list":["post-162536","post","type-post","status-publish","format-standard","has-post-thumbnail","hentry","category-politics","tag-digi24"],"_links":{"self":[{"href":"https:\/\/analyse.optim.biz\/index.php?rest_route=\/wp\/v2\/posts\/162536","targetHints":{"allow":["GET"]}}],"collection":[{"href":"https:\/\/analyse.optim.biz\/index.php?rest_route=\/wp\/v2\/posts"}],"about":[{"href":"https:\/\/analyse.optim.biz\/index.php?rest_route=\/wp\/v2\/types\/post"}],"author":[{"embeddable":true,"href":"https:\/\/analyse.optim.biz\/index.php?rest_route=\/wp\/v2\/users\/1"}],"replies":[{"embeddable":true,"href":"https:\/\/analyse.optim.biz\/index.php?rest_route=%2Fwp%2Fv2%2Fcomments&post=162536"}],"version-history":[{"count":0,"href":"https:\/\/analyse.optim.biz\/index.php?rest_route=\/wp\/v2\/posts\/162536\/revisions"}],"wp:featuredmedia":[{"embeddable":true,"href":"https:\/\/analyse.optim.biz\/index.php?rest_route=\/wp\/v2\/media\/162537"}],"wp:attachment":[{"href":"https:\/\/analyse.optim.biz\/index.php?rest_route=%2Fwp%2Fv2%2Fmedia&parent=162536"}],"wp:term":[{"taxonomy":"category","embeddable":true,"href":"https:\/\/analyse.optim.biz\/index.php?rest_route=%2Fwp%2Fv2%2Fcategories&post=162536"},{"taxonomy":"post_tag","embeddable":true,"href":"https:\/\/analyse.optim.biz\/index.php?rest_route=%2Fwp%2Fv2%2Ftags&post=162536"}],"curies":[{"name":"wp","href":"https:\/\/api.w.org\/{rel}","templated":true}]}}