{"id":162369,"date":"2016-07-07T16:38:03","date_gmt":"2016-07-07T13:38:03","guid":{"rendered":"https:\/\/analyse.optim.biz\/?p=162369"},"modified":"2016-07-07T16:38:03","modified_gmt":"2016-07-07T13:38:03","slug":"noul-viceprimar-al-capitalei-nu-vin-din-lumea-mondena","status":"publish","type":"post","link":"https:\/\/analyse.optim.biz\/?p=162369","title":{"rendered":"Noul viceprimar al Capitalei: Nu vin din lumea monden\u0103"},"content":{"rendered":"<div class=\"entry data-app-meta data-app-meta-article\" data-embed-base-url-canonical=\"https:\/\/www.digi24.ro\/embed\/stiri\/actualitate\/politica\/noul-viceprimar-al-capitalei-nu-vin-din-lumea-mondena-536300\">\n<p data-index=\"1\">\u00a0<img decoding=\"async\" src=\"https:\/\/analyse.optim.biz\/wp-content\/uploads\/2024\/09\/ptgwmczoyxnoptc4njvmndexmmy0otvmnzu3mwezmzbjmta0ode1zwm4-thumb_.jpg\" data-skip-htmlfix=\"1\" title=\"ptgwmczoyxnoptc4njvmndexmmy0otvmnzu3mwezmzbjmta0ode1zwm4-thumb_\"><\/p>\n<p data-index=\"2\"><em>Foto: Facebook\/ Tudor Tim Ionescu<\/em><\/p>\n<p data-index=\"3\"><em>\u201eNu vin deloc din zona monden\u0103, \u00eemi pare r\u0103u s\u0103 v\u0103 dezam\u0103gesc aici. Nu am discutat niciodat\u0103 \u015fi aici poate c\u0103 o s\u0103 l\u0103murim \u015fi acest aspect, la mine lucrurile au fost simple de la \u00eenceput: via\u0163a mea personal\u0103 nu o discut \u015fi aici se \u00eenchide orice. \u00cemi pare r\u0103u s\u0103 v\u0103 dezam\u0103gesc. \u00cenc\u0103 o dat\u0103, munca mea este cea pe care o vede\u0163i. Aici, \u015fi nu numai aici, o ve\u0163i vedea \u015fi pe teren. Ceea ce voi munci eu, ve\u0163i vedea \u00een interesul cet\u0103\u0163enilor, 24 din 24. Fiecare este liber s\u0103 m\u0103 perceap\u0103 cum \u00ee\u015fi dore\u015fte. De 5 ani de zile sunt antreprenor din zona dealerilor, nu a\u015f vrea s\u0103 intru \u00een mai multe detalii pentru c\u0103 nu vreau s\u0103 fac reclam\u0103. \u00cens\u0103 acest lucru mi-a permis s\u0103 iau leg\u0103tura cu foarte multe persoane\u201d<\/em>, a mai spus viceprimarul.<\/p>\n<p data-index=\"4\">Referitor la domenile de care se va ocupa \u00een calitatea sa de viceprimar al Capitalei, el a explicat c\u0103 \u00eenc\u0103 e prea devreme ca s\u0103 \u015ftie acest lucru, dar a subliniat c\u0103 are o preg\u0103tire temeinic\u0103.<\/p>\n<p data-index=\"5\"><em>\u201eEste prematur sa discut\u0103m acum despre ce voi face \u00een mod exact. M\u0103 \u00eentreba\u0163i care este preg\u0103tirea mea? Eu am trei facult\u0103\u0163i pe care le-am terminat. Dou\u0103 dintre ele, una pe comer\u0163 interna\u0163ional, alta pe \u015ftiin\u0163e politice, ambele \u00een Bruxelles. Dou\u0103 mastere, ambele \u00een Bruxelles, unul pe politic\u0103 comparat\u0103 \u015fi unul pe studii europene. De aceea, ca s\u0103 r\u0103spund un pic la \u00eentrebarea dumneavoastr\u0103, op\u0163iunile mele se dirijeaz\u0103 mai mult \u00een zona Uniunii Europene \u015fi a rela\u0163iilor interna\u0163ionale. Nu trebuie s\u0103 v\u0103 spun c\u0103 UE trece printr-un moment foarte, foarte dificil \u00een acest moment, un mare semn de \u00eentrebare legat de motivul existen\u0163ei sale dup\u0103 referendumul din Marea Britanie \u015fi din acest motiv \u015fi eu, \u015fi colegii mei, dar mai ales eu, \u00eemi voi dedica eforturile pentru a cl\u0103di nu numai Capitala, una din cele 28 \u2013 \u00eenc\u0103 \u2013 de state memebre ale UE, dar \u015fi pentru a cl\u0103di UE un pic \u015fi \u00een Bucure\u015fti\u201d<\/em>, a spus Ionescu.<\/p>\n<p data-index=\"6\">\u00centrebat cu ce solu\u0163ii va veni pentru problemele RADET sau cele ale RATB, viceprimarul a recunoscut c\u0103 nu are solu\u0163ii concrete.<\/p>\n<p data-index=\"7\"><em>\u201eSunt problemele stringente pe care le-am discutat \u015fi nu \u015ftiu dac\u0103 a\u0163i asistat la \u015fedin\u0163\u0103, tocmai \u00een vederea rezolv\u0103rii problemelor RADTE \u015fi RATB am \u00eenceput s\u0103 lu\u0103m m\u0103suri pe care le-a expus doamna primar. Un proiect personal pentru RADET nu am, dar proiectele pe care le-am discutat, a\u0163i v\u0103zut foarte clar cum am votat\u201d<\/em>, a spus Ionescu.<\/p>\n<p data-index=\"8\">Tudor Ionescu a mai spus c\u0103 are un c\u00e2ine \u015fi c\u0103 una dintre activit\u0103\u0163ile sale \u00een cadrul prim\u0103riei va fi s\u0103 se ocupe de c\u00e2inii comunitari, ar\u0103t\u00e2nd c\u0103 Bucure\u015ftiul este deficitar \u00een ceea ce prive\u015fte capitolul \u201eora\u015f pet-friendly\u201d.<\/p>\n<p data-index=\"9\">Noul viceprimar al Capitalei este, conform listei de candida\u0163i pentru CGMB depuse de ALDE, de profesie economist, \u00een prezent ocupa\u0163ia sa fiind aceea de manager. El a fost membru PNL \u015fi a f\u0103cut un stagiu la Parlamentul European, la cabinetul lui Cristian Bu\u015foi.<\/p>\n<p data-index=\"10\">Presa a relatat c\u0103 Tudor Ionescu ar fi dorit s\u0103 candideze \u015fi la alegerile locale din 2012, dar scandalul \u00een care a fost implicat \u00een perioada \u00een care era iubitul Oanei Z\u0103voranu i-a afectat cariera politic\u0103.\u00a0\u00cen 2011, Tudor Ionescu, cunoscut \u00een lumea monden\u0103 sub numele de Tudy, a ajuns pe prima pagina a ziarelor dup\u0103 apari\u0163ia unei \u00eenregistr\u0103ri video compromi\u0163\u0103toare. \u00cen 2015 el a reap\u0103rut \u00een spa\u0163iul public, la emisiunea Ham Talent, unde a participat al\u0103turi de c\u00e2inele s\u0103u, Skip.<\/p>\n<p data-index=\"11\">Citi\u021bi \u0219i:\u00a0<\/p>\n<p data-index=\"12\"><a href=\"https:\/\/www.digi24.ro\/Stiri\/Digi24\/Actualitate\/Politica\/Aurelian+Badulescu+si+Tudor+Ionescu+noii+viceprimari+Bucuresti\" target=\"_blank\" data-skip-linkfix=\"1\" rel=\"noopener\"><span>Aurelian B\u0103dulescu \u0219i Tudor Ionescu, noii viceprimari ai Capitalei<\/span><\/a><\/p>\n<\/div>\n<p> Source URL: https:\/\/www.digi24.ro\/stiri\/actualitate\/politica\/noul-viceprimar-al-capitalei-nu-vin-din-lumea-mondena-536300<\/p>\n","protected":false},"excerpt":{"rendered":"<p>\u00a0 Foto: Facebook\/ Tudor Tim Ionescu \u201eNu vin deloc din zona monden\u0103, \u00eemi pare r\u0103u s\u0103 v\u0103 dezam\u0103gesc aici. Nu am discutat niciodat\u0103 \u015fi aici poate c\u0103 o s\u0103 l\u0103murim \u015fi acest aspect, la mine lucrurile au fost simple de la \u00eenceput: via\u0163a mea personal\u0103 nu o discut \u015fi aici se \u00eenchide orice. \u00cemi pare [&hellip;]<\/p>\n","protected":false},"author":1,"featured_media":162370,"comment_status":"open","ping_status":"","sticky":false,"template":"","format":"standard","meta":{"footnotes":""},"categories":[2],"tags":[11],"class_list":["post-162369","post","type-post","status-publish","format-standard","has-post-thumbnail","hentry","category-politics","tag-digi24"],"_links":{"self":[{"href":"https:\/\/analyse.optim.biz\/index.php?rest_route=\/wp\/v2\/posts\/162369","targetHints":{"allow":["GET"]}}],"collection":[{"href":"https:\/\/analyse.optim.biz\/index.php?rest_route=\/wp\/v2\/posts"}],"about":[{"href":"https:\/\/analyse.optim.biz\/index.php?rest_route=\/wp\/v2\/types\/post"}],"author":[{"embeddable":true,"href":"https:\/\/analyse.optim.biz\/index.php?rest_route=\/wp\/v2\/users\/1"}],"replies":[{"embeddable":true,"href":"https:\/\/analyse.optim.biz\/index.php?rest_route=%2Fwp%2Fv2%2Fcomments&post=162369"}],"version-history":[{"count":0,"href":"https:\/\/analyse.optim.biz\/index.php?rest_route=\/wp\/v2\/posts\/162369\/revisions"}],"wp:featuredmedia":[{"embeddable":true,"href":"https:\/\/analyse.optim.biz\/index.php?rest_route=\/wp\/v2\/media\/162370"}],"wp:attachment":[{"href":"https:\/\/analyse.optim.biz\/index.php?rest_route=%2Fwp%2Fv2%2Fmedia&parent=162369"}],"wp:term":[{"taxonomy":"category","embeddable":true,"href":"https:\/\/analyse.optim.biz\/index.php?rest_route=%2Fwp%2Fv2%2Fcategories&post=162369"},{"taxonomy":"post_tag","embeddable":true,"href":"https:\/\/analyse.optim.biz\/index.php?rest_route=%2Fwp%2Fv2%2Ftags&post=162369"}],"curies":[{"name":"wp","href":"https:\/\/api.w.org\/{rel}","templated":true}]}}