{"id":162366,"date":"2016-07-07T17:00:14","date_gmt":"2016-07-07T14:00:14","guid":{"rendered":"https:\/\/analyse.optim.biz\/?p=162366"},"modified":"2016-07-07T17:00:14","modified_gmt":"2016-07-07T14:00:14","slug":"reactia-lui-calin-popescu-tariceanu-dupa-ce-a-fost-trimis-in-judecata","status":"publish","type":"post","link":"https:\/\/analyse.optim.biz\/?p=162366","title":{"rendered":"Reac\u021bia lui C\u0103lin Popescu T\u0103riceanu dup\u0103 ce a fost trimis \u00een judecat\u0103"},"content":{"rendered":"<div class=\"entry data-app-meta data-app-meta-article\" data-embed-base-url-canonical=\"https:\/\/www.digi24.ro\/embed\/stiri\/actualitate\/politica\/reactia-lui-calin-popescu-tariceanu-dupa-ce-a-fost-trimis-in-judecata-536309\">\n<p data-index=\"1\"><img decoding=\"async\" src=\"https:\/\/analyse.optim.biz\/wp-content\/uploads\/2024\/09\/c2g9mju1yje4mwrhzdeyyzq3nwfmyzdlzdy0yjg3mwnjmme-thumb_.jpg\" data-skip-htmlfix=\"1\" title=\"c2g9mju1yje4mwrhzdeyyzq3nwfmyzdlzdy0yjg3mwnjmme-thumb_\"><\/p>\n<p data-index=\"2\">\u201eLa solicitarea mai multor ziari\u015fti acredita\u0163i la Senat, declar c\u0103 am luat cuno\u015ftin\u0163\u0103 din mediul &#8220;on line&#8221; de faptul c\u0103 DNA a trimis spre judecare \u00cenaltei Cur\u0163i de Casa\u0163ie \u015fi Justi\u0163ie dosarul pe care mi l-au instrumentat. Nu doresc s\u0103 fac niciun fel de comentarii pe fondul acuza\u0163iilor construite de anchetatori, procedura \u00ee\u015fi va urma cursul legal\u201d, precizeaz\u0103 T\u0103riceanu \u00eentr-un comunicat de pres\u0103.<\/p>\n<p data-index=\"3\">C\u0103lin Popescu T\u0103riceanu mai spune: <span>\u201e<\/span>Vreau s\u0103-i asigur pe to\u0163i cei care sunt interesa\u0163i de via\u0163a politic\u0103 sau de evolu\u0163ia mea viitoare c\u0103 aceast\u0103 \u00eemprejurare nu-mi schimb\u0103 cu nimic pozi\u0163ia, proiectele de viitor \u015fi atitudinea mea constant critic\u0103 exprimat\u0103 public.<span>\u201d<\/span><\/p>\n<p data-index=\"4\"><a href=\"https:\/\/www.digi24.ro\/Stiri\/Digi24\/Actualitate\/Stiri\/Calin+Popescu+Tariceanu+trimis+in+judecata\" target=\"_blank\" data-skip-linkfix=\"1\" rel=\"noopener\">Pre\u015fedintele Senatului, C\u0103lin Popescu T\u0103riceanu, a fost trimis \u00een judecat\u0103, joi, de procurorii DNA pentru infrac\u0163iunile de m\u0103rturie mincinoas\u0103 \u015fi favorizarea f\u0103ptuitorului<\/a>, \u00een leg\u0103tur\u0103 cu declara\u0163iile date ca martor \u00een dosarul retroced\u0103rii unei suprafe\u0163e din P\u0103durea Snagov \u015fi a fermei B\u0103neasa, \u00een care sunt trimi\u015fi \u00een judecat\u0103 Prin\u0163ul Paul, Remus Truic\u0103, Tal Silberstein \u015fi Dan Andronic.<\/p>\n<p data-index=\"5\">Al\u0103turi de pre\u015fedintele Senatului a fost trimis \u00een judecat\u0103 \u015fi Dorin Marian, fost \u015fef al Administra\u0163iei Preziden\u0163iale \u00een anul 2000, acesta fiind acuzat de m\u0103rturie mincinoas\u0103.<\/p>\n<p data-index=\"6\">Potrivit DNA, \u00een 15 aprilie 2016, \u00een cadrul anchetei privind retrocedarea unei suprafe\u0163e din P\u0103durea Snagov \u015fi a Fermei B\u0103neasa, C\u0103lin Popescu T\u0103riceanu, \u00een declara\u0163ia luat\u0103 sub jur\u0103m\u00e2nt, <span>\u201e<\/span>a f\u0103cut afirma\u0163ii necorespunz\u0103toare adev\u0103rului cu privire la aspecte esen\u0163iale ale cauzei asupra c\u0103rora a fost \u00eentrebat \u015fi nu a spus tot ce \u015ftie \u00een leg\u0103tur\u0103 cu \u00eemprejur\u0103ri esen\u0163iale, urm\u0103rind prin aceast\u0103 \u00eengreunarea tragerii la r\u0103spundere penal\u0103 a mai multor inculpa\u0163i din <span>dosar\u201d.<\/span><\/p>\n<p data-index=\"7\">sursa: News.ro<\/p>\n<\/div>\n<p> Source URL: https:\/\/www.digi24.ro\/stiri\/actualitate\/politica\/reactia-lui-calin-popescu-tariceanu-dupa-ce-a-fost-trimis-in-judecata-536309<\/p>\n","protected":false},"excerpt":{"rendered":"<p>\u201eLa solicitarea mai multor ziari\u015fti acredita\u0163i la Senat, declar c\u0103 am luat cuno\u015ftin\u0163\u0103 din mediul &#8220;on line&#8221; de faptul c\u0103 DNA a trimis spre judecare \u00cenaltei Cur\u0163i de Casa\u0163ie \u015fi Justi\u0163ie dosarul pe care mi l-au instrumentat. Nu doresc s\u0103 fac niciun fel de comentarii pe fondul acuza\u0163iilor construite de anchetatori, procedura \u00ee\u015fi va urma [&hellip;]<\/p>\n","protected":false},"author":1,"featured_media":162367,"comment_status":"open","ping_status":"","sticky":false,"template":"","format":"standard","meta":{"footnotes":""},"categories":[2],"tags":[11],"class_list":["post-162366","post","type-post","status-publish","format-standard","has-post-thumbnail","hentry","category-politics","tag-digi24"],"_links":{"self":[{"href":"https:\/\/analyse.optim.biz\/index.php?rest_route=\/wp\/v2\/posts\/162366","targetHints":{"allow":["GET"]}}],"collection":[{"href":"https:\/\/analyse.optim.biz\/index.php?rest_route=\/wp\/v2\/posts"}],"about":[{"href":"https:\/\/analyse.optim.biz\/index.php?rest_route=\/wp\/v2\/types\/post"}],"author":[{"embeddable":true,"href":"https:\/\/analyse.optim.biz\/index.php?rest_route=\/wp\/v2\/users\/1"}],"replies":[{"embeddable":true,"href":"https:\/\/analyse.optim.biz\/index.php?rest_route=%2Fwp%2Fv2%2Fcomments&post=162366"}],"version-history":[{"count":0,"href":"https:\/\/analyse.optim.biz\/index.php?rest_route=\/wp\/v2\/posts\/162366\/revisions"}],"wp:featuredmedia":[{"embeddable":true,"href":"https:\/\/analyse.optim.biz\/index.php?rest_route=\/wp\/v2\/media\/162367"}],"wp:attachment":[{"href":"https:\/\/analyse.optim.biz\/index.php?rest_route=%2Fwp%2Fv2%2Fmedia&parent=162366"}],"wp:term":[{"taxonomy":"category","embeddable":true,"href":"https:\/\/analyse.optim.biz\/index.php?rest_route=%2Fwp%2Fv2%2Fcategories&post=162366"},{"taxonomy":"post_tag","embeddable":true,"href":"https:\/\/analyse.optim.biz\/index.php?rest_route=%2Fwp%2Fv2%2Ftags&post=162366"}],"curies":[{"name":"wp","href":"https:\/\/api.w.org\/{rel}","templated":true}]}}