{"id":162363,"date":"2016-07-07T18:01:36","date_gmt":"2016-07-07T15:01:36","guid":{"rendered":"https:\/\/analyse.optim.biz\/?p=162363"},"modified":"2016-07-07T18:01:36","modified_gmt":"2016-07-07T15:01:36","slug":"c-p-tariceanu-presedintele-a-inceput-discutiile-pentru-guvernul-psd-pnl","status":"publish","type":"post","link":"https:\/\/analyse.optim.biz\/?p=162363","title":{"rendered":"C. P. T\u0103riceanu: Pre\u015fedintele a \u00eenceput discu\u0163iile pentru guvernul PSD-PNL"},"content":{"rendered":"<div class=\"entry data-app-meta data-app-meta-article\" data-embed-base-url-canonical=\"https:\/\/www.digi24.ro\/embed\/stiri\/actualitate\/politica\/c-p-tariceanu-presedintele-a-inceput-discutiile-pentru-guvernul-psd-pnl-536328\">\n<p data-index=\"1\"><img decoding=\"async\" src=\"https:\/\/analyse.optim.biz\/wp-content\/uploads\/2024\/09\/mtrhngixnmi4yme1njjmmdq4owvhn2uwnja-thumb_.jpg\" data-skip-htmlfix=\"1\" title=\"mtrhngixnmi4yme1njjmmdq4owvhn2uwnja-thumb_\"><\/p>\n<p data-index=\"2\">\u201ePerspectiva \u00eenfr\u00e2ngerii PNL la alegerile parlamentare din toamn\u0103, care se contureaz\u0103 din ce \u00een ce mai clar \u00een urma e\u0219ecului \u00eenregistrat de acest partid la alegerile locale, a pus o serie de for\u021be oculte \u00een stare de alert\u0103 maxim\u0103. Cu eviden\u021ba faptului c\u0103 PNL are cea mai slab\u0103 conducere din istoria sa, pre\u0219edintele Rom\u00e2niei, \u201eguvernul s\u0103u\u201d \u0219i laboratoarele oculte, \u00een care se ticluiesc aranjamente de men\u021binere la putere cu orice pre\u021b, au renun\u021bat la aparen\u021be \u0219i au preluat nemijlocit ini\u021biativa pe baza unui plan de for\u021b\u0103.<\/p>\n<p data-index=\"3\">Acest plan vizeaz\u0103 impunerea unui viitor Cabinet din care PNL nu trebuie s\u0103 lipseasc\u0103, indiferent de rezultatul alegerilor, a\u0219a \u00eenc\u00e2t paradigma \u201eguvernul meu\u201d s\u0103 func\u021bioneze \u00een continuare. Nu vrea Dragnea guvern de uniune na\u021bional\u0103 ? Nu-i nimic. Pentru ce avem Justi\u021bie independent\u0103? Nu vrea T\u0103riceanu guvern de uniune na\u021bional\u0103? Nu-i nimic. Pentru ce avem DNA? \u0218i, \u00een general, ni se opune cineva? Nu-i nimic. \u201eNu exist\u0103 om nevinovat, ci persoane de care nu ne-am ocupat suficient\u201d.<\/p>\n<p data-index=\"4\">Aceast\u0103 lozinc\u0103 stalinist\u0103 \u00ee\u0219i reg\u0103se\u0219te str\u0103lucirea de alt\u0103dat\u0103 \u00een planul amintit, sub directa \u00eengrijire a \u201eguvernului meu\u201d. Doamna ministru a Justi\u021biei vrea s\u0103 inventarieze arhiva SIPA, dup\u0103 care \u0219i-a propus s-o distrug\u0103. Dac\u0103 tot o distruge, inventarierea pare inutil\u0103, dar totu\u0219i nu este. Arhiva SIPA con\u021bine informa\u021bii cu poten\u021bial compromi\u021b\u0103tor la adresa unor magistra\u021bi, iar ace\u0219tia ar putea colabora cu mai mult entuziasm \u00een diverse procese politice a\u0219teptate \u00eenainte de alegeri.<\/p>\n<p data-index=\"5\">Tot \u201eguvernul meu\u201d a scos acum c\u00e2teva zile din lada de gunoi a istoriei practica fostei Securit\u0103\u021bi, care avea \u00een fiecare \u00eentreprindere socialist\u0103 c\u00e2te un CI-ist, ofi\u021ber de contrainforma\u021bii. Acum, n-o s\u0103 mai avem ofi\u021beri de securitate, ci mini-DNA \u00een fiecare minister pentru \u00eencurajarea dela\u021biunii oficiale \u00een favoarea descuraj\u0103rii oric\u0103rei activit\u0103\u021bi ministeriale.<\/p>\n<p data-index=\"6\">Trebuie subliniat c\u0103 \u00eent\u0103rirea institu\u021biilor de for\u021b\u0103 \u00een preg\u0103tirea alegerilor este marele succes al \u201eguvernului meu\u201d, dar nu \u0219i singura preocupare cu care se m\u00e2ndre\u0219te. \u00cen ciuda faptului c\u0103 are un mandat limitat \u00een timp \u0219i este tolerat doar din considerente de stabilitate, actualul \u201eguvern al meu\u201d construie\u0219te m\u0103re\u021be planuri inutile pe termen mediu \u0219i lung, \u00een schimb neglijeaz\u0103 o parte din atribu\u021biile sale, fapt care trage economia \u00eenapoi.<\/p>\n<p data-index=\"7\">Inaugurarea oficial\u0103 a planului de for\u021b\u0103 a \u00eenceput luni, 4 iulie, c\u00e2nd liderii partidelor parlamentare au fost invita\u021bi la Cotroceni pentru consult\u0103ri pe teme de politic\u0103 extern\u0103, care s-au dovedit a fi \u00een realitate pretextul \u00een spatele c\u0103ruia pre\u0219edintele Iohannis a propus ca, dup\u0103 alegeri, Rom\u00e2nia s\u0103 fie condus\u0103 de un guvern de uniune na\u021bional\u0103 constituit din PSD \u0219i PNL, pe baza unui nou proiect de \u021bar\u0103 adoptat la Cotroceni sub \u00eenaltul s\u0103u patronaj.<\/p>\n<p data-index=\"8\">Disperarea produs\u0103 de perspectiva pierderii alegerilor este at\u00e2t de mare, \u00eenc\u00e2t domnul pre\u0219edinte a ajuns la paradoxul neg\u0103rii propriilor teze, a \u00eentregii sale activit\u0103\u021bi de la preluarea mandatului. Spusele domnului Iohannis: \u201eEste nevoie de un nou proiect de \u0163ar\u0103, un proiect pentru Rom\u00e2nia&#8230;\u201d, nasc o \u00eentrebare legitim\u0103 \u0219i logic\u0103. Dar cu programul \u201eRom\u00e2nia lucrului bine f\u0103cut\u201d, cu care v-a\u021bi prezentat la alegerile preziden\u021biale, ce s-a \u00eent\u00e2mplat? A fost finalizat? Dac\u0103 r\u0103spunsul este \u201eDA\u201d, \u00eel asigur\u0103m pe domnul pre\u0219edinte c\u0103 acest r\u0103spuns este departe de adev\u0103r. Sau poate c\u0103 domnul pre\u0219edinte a decis s\u0103 recunoasc\u0103 sincer c\u0103 programul \u201eRom\u00e2nia lucrului bine f\u0103cut\u201d \u0219i ce a urmat a fost doar o butaforie electoral\u0103 care i-a p\u0103c\u0103lit pe mul\u021bi.<\/p>\n<p data-index=\"9\">Alian\u021ba dintre PSD \u0219i PNL nu mai provoac\u0103 de luni \u00eencoace at\u00e2ta repulsie, nu mai e deloc nociv\u0103, ci chiar s\u0103n\u0103toas\u0103 pentru viitorul prosper al Rom\u00e2niei. Asta ne sugereaz\u0103 mai nou domnul pre\u0219edinte Iohannis.<\/p>\n<p data-index=\"10\">De o bun\u0103 bucat\u0103 de vreme, ALDE \u0219i eu personal suntem demoniza\u021bi la comand\u0103 de divizia de pres\u0103 controlat\u0103 de Pre\u0219edin\u021bie \u0219i binom pentru alian\u021ba politico-electoral\u0103 cu PSD. Am r\u0103spuns de fiecare dat\u0103 c\u0103 aceast\u0103 alian\u021b\u0103 este perfect legitimat\u0103 de votul dat USL-ului de o majoritate cov\u00e2r\u0219itoare \u00een 2012 \u0219i de bunele rezultate ale guvern\u0103rii \u00een comun. Ceea ce nu se poate spune despre conducerea vechiului PNL care \u0219i-a tr\u0103dat electoratul, c\u00e2nd s-a unit cu PDL.<\/p>\n<p data-index=\"11\">Oamenii lui B\u0103sescu din PMP \u0219i cei din camufla\u021bi \u00een PNL s-au divizat din cauza Elenei Udrea \u0219i nu datorit\u0103 unor viziuni politice diferite, iar filozofia lor politic\u0103 a devenit predominant\u0103 \u00een noul PNL. Iat\u0103 c\u0103, dup\u0103 lansarea ideii de guvern de uniune na\u021bional\u0103, apropierea PNL de PSD nu mai e at\u00e2t de criticabil\u0103 \u00een relat\u0103rile diviziei de pres\u0103, ba e chiar de dorit. Sunt sigur c\u0103 nu acesta e \u201enoul mod de a face politic\u0103\u201d a\u0219teptat de cet\u0103\u021beni \u0219i promis de domnul Iohannis.<\/p>\n<p data-index=\"12\">Finalizarea sub patronajul Pre\u0219edin\u021biei a unui program de \u021bar\u0103 pe termen mediu care s\u0103 beneficieze de suportul politic de principiu al tuturor for\u021belor politice este o ini\u021biativ\u0103 care, teoretic, merit\u0103 toat\u0103 aten\u021bia \u0219i sprijinul. Practic, un astfel de proiect nu poate fi dus la bun sf\u00e2r\u0219it, mai ales \u00eentr-un an electoral, c\u00e2nd competi\u021bia dintre partide se bazeaz\u0103 pe programe politice diverse. Cu siguran\u021b\u0103, acest aspect este cunoscut de domnul pre\u0219edinte, dar propusul proiect de \u021bar\u0103 este unicul pretext pe care se sprijin\u0103 ideea unui guvern de uniune na\u021bional\u0103 format de PSD \u0219i PNL.<\/p>\n<p data-index=\"13\">Am \u021binut s\u0103 aduc \u00een aten\u021bia opiniei publice modul \u00een care sunt percepute toate acestea de c\u0103tre ALDE \u0219i \u021bin totodat\u0103 s\u0103 reiterez consecven\u021ba direc\u021biei politice a partidului nostru. Am avut \u0219i continu\u0103m s\u0103 avem o bun\u0103 colaborare cu PSD \u00een teritoriu, cu grupurile sale parlamentare \u0219i cu conducerea sa legitim\u0103. Colaborarea noastr\u0103 \u00een timp, sincer\u0103 \u0219i loial\u0103 a \u00eent\u0103rit \u00eencrederea \u0219i respectul reciproc p\u00e2n\u0103 la nivel personal, cu ecouri pozitive \u00een interiorul partidelor noastre \u0219i la marea mas\u0103 a electoratului. Aceasta nu a \u00eensemnat \u0219i nu va \u00eensemna c\u0103 am putea abandona vreodat\u0103 doctrina \u0219i identitatea noastr\u0103 liberal\u0103, realitate care ne confirm\u0103 ca fiind singurul partid reprezent\u00e2nd electoratul liberal \u00een Parlamentul Rom\u00e2niei\u201d, scrie \u00een comunicatul semnat de C\u0103lin Popescu T\u0103riceanu, copre\u015fedintele ALDE.<\/p>\n<\/div>\n<p> Source URL: https:\/\/www.digi24.ro\/stiri\/actualitate\/politica\/c-p-tariceanu-presedintele-a-inceput-discutiile-pentru-guvernul-psd-pnl-536328<\/p>\n","protected":false},"excerpt":{"rendered":"<p>\u201ePerspectiva \u00eenfr\u00e2ngerii PNL la alegerile parlamentare din toamn\u0103, care se contureaz\u0103 din ce \u00een ce mai clar \u00een urma e\u0219ecului \u00eenregistrat de acest partid la alegerile locale, a pus o serie de for\u021be oculte \u00een stare de alert\u0103 maxim\u0103. Cu eviden\u021ba faptului c\u0103 PNL are cea mai slab\u0103 conducere din istoria sa, pre\u0219edintele Rom\u00e2niei, \u201eguvernul [&hellip;]<\/p>\n","protected":false},"author":1,"featured_media":162364,"comment_status":"open","ping_status":"","sticky":false,"template":"","format":"standard","meta":{"footnotes":""},"categories":[2],"tags":[11],"class_list":["post-162363","post","type-post","status-publish","format-standard","has-post-thumbnail","hentry","category-politics","tag-digi24"],"_links":{"self":[{"href":"https:\/\/analyse.optim.biz\/index.php?rest_route=\/wp\/v2\/posts\/162363","targetHints":{"allow":["GET"]}}],"collection":[{"href":"https:\/\/analyse.optim.biz\/index.php?rest_route=\/wp\/v2\/posts"}],"about":[{"href":"https:\/\/analyse.optim.biz\/index.php?rest_route=\/wp\/v2\/types\/post"}],"author":[{"embeddable":true,"href":"https:\/\/analyse.optim.biz\/index.php?rest_route=\/wp\/v2\/users\/1"}],"replies":[{"embeddable":true,"href":"https:\/\/analyse.optim.biz\/index.php?rest_route=%2Fwp%2Fv2%2Fcomments&post=162363"}],"version-history":[{"count":0,"href":"https:\/\/analyse.optim.biz\/index.php?rest_route=\/wp\/v2\/posts\/162363\/revisions"}],"wp:featuredmedia":[{"embeddable":true,"href":"https:\/\/analyse.optim.biz\/index.php?rest_route=\/wp\/v2\/media\/162364"}],"wp:attachment":[{"href":"https:\/\/analyse.optim.biz\/index.php?rest_route=%2Fwp%2Fv2%2Fmedia&parent=162363"}],"wp:term":[{"taxonomy":"category","embeddable":true,"href":"https:\/\/analyse.optim.biz\/index.php?rest_route=%2Fwp%2Fv2%2Fcategories&post=162363"},{"taxonomy":"post_tag","embeddable":true,"href":"https:\/\/analyse.optim.biz\/index.php?rest_route=%2Fwp%2Fv2%2Ftags&post=162363"}],"curies":[{"name":"wp","href":"https:\/\/api.w.org\/{rel}","templated":true}]}}