{"id":162360,"date":"2016-07-07T18:15:56","date_gmt":"2016-07-07T15:15:56","guid":{"rendered":"https:\/\/analyse.optim.biz\/?p=162360"},"modified":"2016-07-07T18:15:56","modified_gmt":"2016-07-07T15:15:56","slug":"pnl-cere-psd-si-gabrielei-firea-sa-il-revoce-din-functie-pe-tudor-ionescu","status":"publish","type":"post","link":"https:\/\/analyse.optim.biz\/?p=162360","title":{"rendered":"PNL cere PSD \u0219i Gabrielei Firea s\u0103 \u00eel revoce din func\u021bie pe Tudor Ionescu"},"content":{"rendered":"<div class=\"entry data-app-meta data-app-meta-article\" data-embed-base-url-canonical=\"https:\/\/www.digi24.ro\/embed\/stiri\/actualitate\/politica\/pnl-cere-psd-si-gabrielei-firea-sa-il-revoce-din-functie-pe-tudor-ionescu-536335\">\n<p data-index=\"1\"><img decoding=\"async\" src=\"https:\/\/analyse.optim.biz\/wp-content\/uploads\/2024\/09\/mczoyxnoptaymjk4ndlhmze1mzlmmjblogq5zdi4ztkznjrkn2zi-thumb_.jpg\" data-skip-htmlfix=\"1\" title=\"mczoyxnoptaymjk4ndlhmze1mzlmmjblogq5zdi4ztkznjrkn2zi-thumb_\"><\/p>\n<p data-index=\"2\"><span><em>Foto: Facebook \/ Tudor-Tim Ionescu<\/em><\/span><\/p>\n<p data-index=\"3\">\u201e<span>Societatea civil\u0103 a reac\u021bionat, ast\u0103zi, violent, fa\u021b\u0103 de alegerea, \u00een func\u021bia de viceprimar al Capitalei, a unei persoane al c\u0103rei CV nu con\u021bine nicio recomandare pentru ocuparea unei astfel de demnit\u0103\u021bi publice. Din contr\u0103, oricine a putut remarca faptul c\u0103 Tudor Ionescu \u2014 c\u0103ci despre persoana sa este vorba \u2014 are altfel de orient\u0103ri \u0219i afinit\u0103\u021bi dec\u00e2t cele presupuse de o func\u021bie public\u0103 de decizie\u201d, se arat\u0103 \u00eentr-un comunicat al PNL transmis joi AGERPRES \u0219i semnat de deputatul Ovidiu Rae\u021bchi.<\/span><\/p>\n<p data-index=\"4\">Potrivit sursei citate, alegerea <span>\u201e<\/span>unui astfel de viceprimar<span>\u201d<\/span> se datoreaz\u0103 <span>\u201e<\/span>presiunilor exercitate asupra PSD<span>\u201d<\/span> de c\u0103tre copre\u0219edintele ALDE C\u0103lin Popescu-T\u0103riceanu, \u00een condi\u021biile alian\u021bei pe care cele dou\u0103 forma\u021biuni o au la nivelul Bucure\u0219tiului.<\/p>\n<p data-index=\"5\">\u201ePSD a decis, astfel, s\u0103 fac\u0103 un compromis pe seama bucure\u0219tenilor \u0219i s\u0103 \u00eei jigneasc\u0103 prin cedarea voturilor lor lui Tudor Ionescu \u2014 nimeni altul dec\u00e2t finul lui T\u0103riceanu. Dat\u0103 fiind aceast\u0103 situa\u021bie c\u0103reia cu greu putem s\u0103 \u00eei g\u0103sim un precedent, PNL cere PSD \u0219i primarului general, Gabriela Firea, s\u0103 \u00eel revoce cu prima ocazie pe Tudor Ionescu, d\u00e2nd astfel dovada \u00een\u021belegerii faptului c\u0103 penibilul are o limit\u0103, iar ridicolul nu trebuie s\u0103 fac\u0103 niciodat\u0103 cas\u0103 bun\u0103 cu gestionarea unor func\u021bii administrative sau politice de prim <span>rang\u201d,<\/span> se mai precizeaz\u0103 \u00een comunicat.<\/p>\n<p data-index=\"6\">Aurelian B\u0103dulescu (PSD+UNPR) \u0219i Tudor-Tim Ionescu (ALDE) au fost ale\u0219i, joi, viceprimari ai Capitalei, \u00een urma votului exprimat \u00een \u0219edin\u021ba extraordinar\u0103 a Consiliului General al Municipiului Bucure\u0219ti.<\/p>\n<\/div>\n<p> Source URL: https:\/\/www.digi24.ro\/stiri\/actualitate\/politica\/pnl-cere-psd-si-gabrielei-firea-sa-il-revoce-din-functie-pe-tudor-ionescu-536335<\/p>\n","protected":false},"excerpt":{"rendered":"<p>Foto: Facebook \/ Tudor-Tim Ionescu \u201eSocietatea civil\u0103 a reac\u021bionat, ast\u0103zi, violent, fa\u021b\u0103 de alegerea, \u00een func\u021bia de viceprimar al Capitalei, a unei persoane al c\u0103rei CV nu con\u021bine nicio recomandare pentru ocuparea unei astfel de demnit\u0103\u021bi publice. Din contr\u0103, oricine a putut remarca faptul c\u0103 Tudor Ionescu \u2014 c\u0103ci despre persoana sa este vorba \u2014 [&hellip;]<\/p>\n","protected":false},"author":1,"featured_media":162361,"comment_status":"open","ping_status":"","sticky":false,"template":"","format":"standard","meta":{"footnotes":""},"categories":[2],"tags":[11],"class_list":["post-162360","post","type-post","status-publish","format-standard","has-post-thumbnail","hentry","category-politics","tag-digi24"],"_links":{"self":[{"href":"https:\/\/analyse.optim.biz\/index.php?rest_route=\/wp\/v2\/posts\/162360","targetHints":{"allow":["GET"]}}],"collection":[{"href":"https:\/\/analyse.optim.biz\/index.php?rest_route=\/wp\/v2\/posts"}],"about":[{"href":"https:\/\/analyse.optim.biz\/index.php?rest_route=\/wp\/v2\/types\/post"}],"author":[{"embeddable":true,"href":"https:\/\/analyse.optim.biz\/index.php?rest_route=\/wp\/v2\/users\/1"}],"replies":[{"embeddable":true,"href":"https:\/\/analyse.optim.biz\/index.php?rest_route=%2Fwp%2Fv2%2Fcomments&post=162360"}],"version-history":[{"count":0,"href":"https:\/\/analyse.optim.biz\/index.php?rest_route=\/wp\/v2\/posts\/162360\/revisions"}],"wp:featuredmedia":[{"embeddable":true,"href":"https:\/\/analyse.optim.biz\/index.php?rest_route=\/wp\/v2\/media\/162361"}],"wp:attachment":[{"href":"https:\/\/analyse.optim.biz\/index.php?rest_route=%2Fwp%2Fv2%2Fmedia&parent=162360"}],"wp:term":[{"taxonomy":"category","embeddable":true,"href":"https:\/\/analyse.optim.biz\/index.php?rest_route=%2Fwp%2Fv2%2Fcategories&post=162360"},{"taxonomy":"post_tag","embeddable":true,"href":"https:\/\/analyse.optim.biz\/index.php?rest_route=%2Fwp%2Fv2%2Ftags&post=162360"}],"curies":[{"name":"wp","href":"https:\/\/api.w.org\/{rel}","templated":true}]}}