{"id":162270,"date":"2016-07-10T15:58:03","date_gmt":"2016-07-10T12:58:03","guid":{"rendered":"https:\/\/analyse.optim.biz\/?p=162270"},"modified":"2016-07-10T15:58:03","modified_gmt":"2016-07-10T12:58:03","slug":"parlamentarii-amana-legile-cotroversate","status":"publish","type":"post","link":"https:\/\/analyse.optim.biz\/?p=162270","title":{"rendered":"Parlamentarii am\u00e2n\u0103 legile cotroversate"},"content":{"rendered":"<div class=\"entry data-app-meta data-app-meta-article\" data-embed-base-url-canonical=\"https:\/\/www.digi24.ro\/embed\/stiri\/actualitate\/politica\/parlamentarii-amana-legile-cotroversate-537094\">\n<p data-index=\"1\">Una dintre legile care au st\u00e2rnit controverse este cea care le ofer\u0103 avoca\u0163ilor superimunitate. Procurorii nu pot s\u0103 pun\u0103 sub sechestru sau s\u0103 ridice calculatoarele ori documentele care ar putea ajuta \u00eentr-o anchet\u0103. Actul normativ s-a tot plimbat prin Parlament, a fost retrimis la Comisia Juridic\u0103 \u015fi acolo a r\u0103mas. Ale\u015fii l-au f\u0103cut uitat. Ezitarea deputa\u0163ilor a fost generat\u0103 de numeroasele critici aduse legii.<\/p>\n<p data-index=\"2\">\u201eAvoca\u0163ii trebuie s\u0103 accepte c\u0103 sunt obliga\u0163i s\u0103 r\u0103spund\u0103 pentru faptele lor, ca alte persoane,\u201d <span lang=\"en-US\">spune <\/span>Livia S\u0103pl\u0103can, purt\u0103tor de cuv\u00e2nt al DNA.<\/p>\n<p data-index=\"3\">O alt\u0103 lege criticat\u0103 a fost cea prin care se schimb\u0103 modul de numire a procurorilor \u015fefi. Actul normativ propus de C\u0103lin Popescu T\u0103riceanu prevede ca desemnarea s\u0103 fie f\u0103cut\u0103 de breasl\u0103, f\u0103r\u0103 interven\u0163ia pre\u015fedintelui \u015fi a ministrului Justi\u0163iei.<\/p>\n<p data-index=\"4\">\u201e<span>Am r\u0103mas surprins de punctul de vedere al CSM-ului care pe de o parte vorbe\u0219te ori de c\u00e2te ori are ocazia, \u0219i bine face, de necesitatea indepen\u021bei justi\u021biei, propunerea mea e tocmai de a acorda o independen\u021b\u0103 \u0219i mai mare numirilor la nivelul procurorilor \u0219i judec\u0103torilor \u0219i a scoate aceste numiri de sub zona politic\u0103,\u201d <\/span><span lang=\"en-US\">declar<\/span><span>\u0103 C\u0103lin Popescu T\u0103riceanu, pre\u015fedintele Senatului.<\/span><\/p>\n<p data-index=\"5\">Deputa\u0163ii au f\u0103cut legea uitat\u0103 \u015fi au adoptat-o tacit, adic\u0103 f\u0103r\u0103 dezbatere. Apoi au trimis-o la Senat care nu s-a mai ocupat de ea p\u00e2n\u0103 la vacan\u0163\u0103.<\/p>\n<p data-index=\"6\">\u201e<span>Nu a putut fi disc<\/span><span lang=\"en-US\">utat<\/span><span>\u0103 \u00een comisia juridic\u0103 pentru c\u0103 am avut o lun\u0103 de deplasare \u00een teritoriu, comisia nu s-a putut \u00eentruni,\u201d <\/span><span lang=\"en-US\">spune <\/span><span>Gabriel Andronache, deputat PNL.<\/span><\/p>\n<p data-index=\"7\">\u015ei propunerea de modificare a legii fumatului a fost dat\u0103 uit\u0103rii. Senatorii au votat redefinirea spa\u0163iului \u00eenchis.<\/p>\n<p data-index=\"8\">\u201eDin punctul meu de vedere, spa\u021biul public \u00eenchis e \u00eemprejmuit de jur \u00eemprejur. \u00cen schimb, potrivit actualei reglement\u0103ri, nu se putea fuma la nicio teras\u0103 care avea dou\u0103 laterale. O teras\u0103 nu poate fi spa\u021biu public \u00eenchis,\u201d <span lang=\"en-US\">precizeaz<\/span>\u0103 Daniel Fenechiu, deputat.<\/p>\n<p data-index=\"9\">Deputa\u0163ii nu au \u00eendr\u0103znit s\u0103 dezbat\u0103 actul normativ at\u00e2ta vreme c\u00e2t societatea e \u00eemp\u0103r\u0163it\u0103 \u00een dou\u0103, unii cer reguli mai pu\u0163in stricte privind fumatul, al\u0163ii ap\u0103r\u0103 legea adoptat\u0103 \u00een prim\u0103var\u0103.<\/p>\n<p data-index=\"10\">\u00cen privin\u0163a actului normativ care dezincrimineaz\u0103 conflictul de interese, parlamentarii au f\u0103cut un gest inexplicabil. Au contestat la Curtea Constitu\u0163ional\u0103 legea pe care tocmai o adoptaser\u0103 cu o singur\u0103 ab\u0163inere.<\/p>\n<p data-index=\"11\">\u201e<span>At\u00e2t i-a dus capul. Mai mult nu am ce s\u0103 comentez. O s\u0103 \u00eei \u00eentreb pe cei doi lideri de grup de la noi,\u201d <\/span><span lang=\"en-US\">spune Alina Gorghiu.<\/span><\/p>\n<p data-index=\"12\">\u201e<span>\u00cemi asum c\u0103 nu am fost atent. Mi se pare un demers nefericit. Nu v\u0103d ce efecte pot s\u0103 aib\u0103, doar subiecte de discu\u021bie,\u201d <\/span><span lang=\"en-US\">declar<\/span><span>\u0103 Liviu Dragnea.<\/span><\/p>\n<p data-index=\"13\">Toate aceste legi ar trebui adoptate sau respinse \u00een septembrie. Cel t\u00e2rziu la mijlocul lunii octombrie, ale\u015fii intr\u0103 din nou \u00een campanie electoral\u0103. \u00a0<\/p>\n<\/div>\n<p> Source URL: https:\/\/www.digi24.ro\/stiri\/actualitate\/politica\/parlamentarii-amana-legile-cotroversate-537094<\/p>\n","protected":false},"excerpt":{"rendered":"<p>Una dintre legile care au st\u00e2rnit controverse este cea care le ofer\u0103 avoca\u0163ilor superimunitate. Procurorii nu pot s\u0103 pun\u0103 sub sechestru sau s\u0103 ridice calculatoarele ori documentele care ar putea ajuta \u00eentr-o anchet\u0103. Actul normativ s-a tot plimbat prin Parlament, a fost retrimis la Comisia Juridic\u0103 \u015fi acolo a r\u0103mas. Ale\u015fii l-au f\u0103cut uitat. Ezitarea [&hellip;]<\/p>\n","protected":false},"author":1,"featured_media":162271,"comment_status":"open","ping_status":"","sticky":false,"template":"","format":"standard","meta":{"footnotes":""},"categories":[2],"tags":[11],"class_list":["post-162270","post","type-post","status-publish","format-standard","has-post-thumbnail","hentry","category-politics","tag-digi24"],"_links":{"self":[{"href":"https:\/\/analyse.optim.biz\/index.php?rest_route=\/wp\/v2\/posts\/162270","targetHints":{"allow":["GET"]}}],"collection":[{"href":"https:\/\/analyse.optim.biz\/index.php?rest_route=\/wp\/v2\/posts"}],"about":[{"href":"https:\/\/analyse.optim.biz\/index.php?rest_route=\/wp\/v2\/types\/post"}],"author":[{"embeddable":true,"href":"https:\/\/analyse.optim.biz\/index.php?rest_route=\/wp\/v2\/users\/1"}],"replies":[{"embeddable":true,"href":"https:\/\/analyse.optim.biz\/index.php?rest_route=%2Fwp%2Fv2%2Fcomments&post=162270"}],"version-history":[{"count":0,"href":"https:\/\/analyse.optim.biz\/index.php?rest_route=\/wp\/v2\/posts\/162270\/revisions"}],"wp:featuredmedia":[{"embeddable":true,"href":"https:\/\/analyse.optim.biz\/index.php?rest_route=\/wp\/v2\/media\/162271"}],"wp:attachment":[{"href":"https:\/\/analyse.optim.biz\/index.php?rest_route=%2Fwp%2Fv2%2Fmedia&parent=162270"}],"wp:term":[{"taxonomy":"category","embeddable":true,"href":"https:\/\/analyse.optim.biz\/index.php?rest_route=%2Fwp%2Fv2%2Fcategories&post=162270"},{"taxonomy":"post_tag","embeddable":true,"href":"https:\/\/analyse.optim.biz\/index.php?rest_route=%2Fwp%2Fv2%2Ftags&post=162270"}],"curies":[{"name":"wp","href":"https:\/\/api.w.org\/{rel}","templated":true}]}}